{"id":4224,"date":"2026-02-19T22:48:57","date_gmt":"2026-02-20T01:48:57","guid":{"rendered":"https:\/\/oexpressobr.com.br\/?p=4224"},"modified":"2026-02-19T22:49:00","modified_gmt":"2026-02-20T01:49:00","slug":"macron-convida-lula-para-o-g7","status":"publish","type":"post","link":"https:\/\/oexpressobr.com.br\/?p=4224","title":{"rendered":"Macron convida Lula para o G7"},"content":{"rendered":"\n<p class=\"wp-block-paragraph\"><strong>Nova D\u00e9lhi<\/strong> \u2014 Em um movimento que refor\u00e7a a proximidade diplom\u00e1tica entre Brasil e Fran\u00e7a, o presidente Emmanuel Macron convidou formalmente o presidente Luiz In\u00e1cio Lula da Silva para participar da pr\u00f3xima c\u00fapula do G7. O convite foi realizado durante uma reuni\u00e3o bilateral nesta quinta-feira (19), na \u00cdndia, onde ambos participam da C\u00fapula sobre o Impacto da Intelig\u00eancia Artificial.<\/p>\n\n\n\n<p class=\"wp-block-paragraph\">\u200bO encontro, solicitado pelo l\u00edder franc\u00eas, focou em eixos estrat\u00e9gicos que v\u00e3o al\u00e9m das discuss\u00f5es comerciais tradicionais. No topo da agenda estiveram a coopera\u00e7\u00e3o em defesa e os novos investimentos na ind\u00fastria da sa\u00fade, consolidando parcerias que v\u00eam sendo desenhadas desde o \u00faltimo ano.<\/p>\n\n\n\n<h3 class=\"wp-block-heading\">\u200bDefesa e tecnologia na fronteira<\/h3>\n\n\n\n<p class=\"wp-block-paragraph\">\u200bNo setor de defesa, os presidentes avan\u00e7aram em temas de seguran\u00e7a transfronteiri\u00e7a. Um dos pontos centrais foi o combate ao narcotr\u00e1fico e ao garimpo ilegal na fronteira entre o Amap\u00e1 e a Guiana Francesa. Al\u00e9m da seguran\u00e7a territorial, a parceria industrial militar segue ativa, com destaque para o projeto de transformar a f\u00e1brica da Helibras, em Itajub\u00e1 (MG), em um polo de exporta\u00e7\u00e3o para o helic\u00f3ptero H145, um dos modelos mais tecnol\u00f3gicos da categoria.<\/p>\n\n\n\n<h3 class=\"wp-block-heading\">\u200bInterc\u00e2mbio recorde e foco em sa\u00fade<\/h3>\n\n\n\n<p class=\"wp-block-paragraph\">\u200bA \u00e1rea da sa\u00fade tamb\u00e9m ganhou protagonismo. Os l\u00edderes discutiram o fortalecimento dos sistemas p\u00fablicos e a promo\u00e7\u00e3o de ci\u00eancia e inova\u00e7\u00e3o tecnol\u00f3gica. A meta \u00e9 ampliar o interc\u00e2mbio comercial, que atingiu o valor recorde de US$ 10,3 bilh\u00f5es em 2025, mas que, segundo ambos os mandat\u00e1rios, ainda est\u00e1 aqu\u00e9m do potencial das duas economias.<\/p>\n\n\n\n<h3 class=\"wp-block-heading\">\u200bO &#8220;elefante na sala&#8221;: Acordo Mercosul-UE<\/h3>\n\n\n\n<p class=\"wp-block-paragraph\">\u200bApesar do tom cordial e da coopera\u00e7\u00e3o em m\u00faltiplas frentes, o acordo de livre com\u00e9rcio entre o Mercosul e a Uni\u00e3o Europeia permaneceu fora das discuss\u00f5es principais deste encontro espec\u00edfico. Macron mant\u00e9m uma postura protecionista, pressionado pelo setor agr\u00edcola franc\u00eas, enquanto Lula defende a conclus\u00e3o do tratado como uma vit\u00f3ria regional.<\/p>\n\n\n\n<h3 class=\"wp-block-heading\">\u200bPr\u00f3ximos passos<\/h3>\n\n\n\n<p class=\"wp-block-paragraph\">\u200bCom o convite aceito, Lula deve embarcar para \u00c9vian-les-Bains, na Fran\u00e7a, para a c\u00fapula do G7 que ocorrer\u00e1 entre os dias 15 e 16 de junho. Al\u00e9m do G7, a agenda bilateral para 2026 prev\u00ea novos desdobramentos em intelig\u00eancia artificial respons\u00e1vel e a\u00e7\u00f5es conjuntas para a COP30, que ser\u00e1 sediada no Brasil.<\/p>\n\n\n\n<p class=\"wp-block-paragraph\"><\/p>\n","protected":false},"excerpt":{"rendered":"<p>Nova D\u00e9lhi \u2014 Em um movimento que refor\u00e7a a proximidade diplom\u00e1tica entre Brasil e Fran\u00e7a, o presidente Emmanuel Macron convidou formalmente o presidente Luiz In\u00e1cio [&#8230;]<\/p>\n","protected":false},"author":1,"featured_media":4225,"comment_status":"open","ping_status":"open","sticky":false,"template":"","format":"standard","meta":{"_crdt_document":"","_jetpack_memberships_contains_paid_content":false,"footnotes":"","jetpack_publicize_message":"","jetpack_publicize_feature_enabled":true,"jetpack_social_post_already_shared":true,"jetpack_social_options":{"image_generator_settings":{"template":"highway","default_image_id":0,"font":"","enabled":false},"version":2}},"categories":[15],"tags":[],"class_list":["post-4224","post","type-post","status-publish","format-standard","has-post-thumbnail","hentry","category-internacional"],"jetpack_publicize_connections":[],"jetpack_featured_media_url":"https:\/\/i0.wp.com\/oexpressobr.com.br\/wp-content\/uploads\/2026\/02\/IMG-20260219-WA0347.jpg?fit=750%2C500&ssl=1","jetpack_likes_enabled":true,"jetpack_sharing_enabled":true,"_links":{"self":[{"href":"https:\/\/oexpressobr.com.br\/index.php?rest_route=\/wp\/v2\/posts\/4224","targetHints":{"allow":["GET"]}}],"collection":[{"href":"https:\/\/oexpressobr.com.br\/index.php?rest_route=\/wp\/v2\/posts"}],"about":[{"href":"https:\/\/oexpressobr.com.br\/index.php?rest_route=\/wp\/v2\/types\/post"}],"author":[{"embeddable":true,"href":"https:\/\/oexpressobr.com.br\/index.php?rest_route=\/wp\/v2\/users\/1"}],"replies":[{"embeddable":true,"href":"https:\/\/oexpressobr.com.br\/index.php?rest_route=%2Fwp%2Fv2%2Fcomments&post=4224"}],"version-history":[{"count":1,"href":"https:\/\/oexpressobr.com.br\/index.php?rest_route=\/wp\/v2\/posts\/4224\/revisions"}],"predecessor-version":[{"id":4226,"href":"https:\/\/oexpressobr.com.br\/index.php?rest_route=\/wp\/v2\/posts\/4224\/revisions\/4226"}],"wp:featuredmedia":[{"embeddable":true,"href":"https:\/\/oexpressobr.com.br\/index.php?rest_route=\/wp\/v2\/media\/4225"}],"wp:attachment":[{"href":"https:\/\/oexpressobr.com.br\/index.php?rest_route=%2Fwp%2Fv2%2Fmedia&parent=4224"}],"wp:term":[{"taxonomy":"category","embeddable":true,"href":"https:\/\/oexpressobr.com.br\/index.php?rest_route=%2Fwp%2Fv2%2Fcategories&post=4224"},{"taxonomy":"post_tag","embeddable":true,"href":"https:\/\/oexpressobr.com.br\/index.php?rest_route=%2Fwp%2Fv2%2Ftags&post=4224"}],"curies":[{"name":"wp","href":"https:\/\/api.w.org\/{rel}","templated":true}]}}