{"id":4229,"date":"2026-02-19T22:57:06","date_gmt":"2026-02-20T01:57:06","guid":{"rendered":"https:\/\/oexpressobr.com.br\/?p=4229"},"modified":"2026-02-19T22:57:09","modified_gmt":"2026-02-20T01:57:09","slug":"trump-define-prazo-de-dez-dias-para-decidir-sobre-ataque-militar-ao-ira-enquanto-israel-entra-em-alerta-maximo","status":"publish","type":"post","link":"https:\/\/oexpressobr.com.br\/?p=4229","title":{"rendered":"TRUMP define prazo de dez dias para decidir sobre ataque militar ao Ir\u00e3 enquanto Israel entra em alerta m\u00e1ximo"},"content":{"rendered":"\n<p class=\"wp-block-paragraph\"><strong>GENEBRA\/WASHINGTON<\/strong> \u2013 O cen\u00e1rio geopol\u00edtico no Oriente M\u00e9dio atingiu seu ponto mais cr\u00edtico nesta quinta-feira, 19 de fevereiro de 2026. O presidente dos Estados Unidos, Donald Trump, declarou formalmente que tomar\u00e1 uma decis\u00e3o definitiva sobre uma poss\u00edvel ofensiva militar contra o Ir\u00e3 em cerca de dez dias. A afirma\u00e7\u00e3o ocorre em meio ao maior deslocamento de poder a\u00e9reo americano na regi\u00e3o desde a Invas\u00e3o do Iraque em 2003, sinalizando que a paci\u00eancia diplom\u00e1tica de Washington com o programa nuclear de Teer\u00e3 est\u00e1 pr\u00f3xima do esgotamento.<\/p>\n\n\n\n<h3 class=\"wp-block-heading\">\u200bPress\u00e3o militar e cerco estrat\u00e9gico<\/h3>\n\n\n\n<p class=\"wp-block-paragraph\">\u200bNos \u00faltimos dias, o Pent\u00e1gono refor\u00e7ou drasticamente a presen\u00e7a militar no Golfo P\u00e9rsico. O envio do porta-avi\u00f5es <strong>USS Abraham Lincoln<\/strong> e do <strong>USS Gerald R. Ford<\/strong>, acompanhados de esquadr\u00f5es de ca\u00e7as furtivos F-22 Raptor e bombardeiros, visa oferecer ao governo Trump a capacidade de sustentar uma campanha a\u00e9rea prolongada por semanas.<\/p>\n\n\n\n<p class=\"wp-block-paragraph\">\u200bEssa mobiliza\u00e7\u00e3o \u00e9 vista como uma evolu\u00e7\u00e3o estrat\u00e9gica em rela\u00e7\u00e3o \u00e0 opera\u00e7\u00e3o &#8220;Midnight Hammer&#8221; de junho de 2025, quando for\u00e7as americanas e israelenses realizaram ataques pontuais e precisos contra centrais nucleares iranianas. Desta vez, fontes militares sugerem que o objetivo pode incluir uma &#8220;mudan\u00e7a de regime&#8221;, hip\u00f3tese que o l\u00edder supremo do Ir\u00e3, <strong>Ali Khamenei<\/strong>, classificou como uma tentativa fadada ao fracasso.<\/p>\n\n\n\n<h3 class=\"wp-block-heading\">\u200bNegocia\u00e7\u00f5es em xeque e o fator Israel<\/h3>\n\n\n\n<p class=\"wp-block-paragraph\">\u200bEnquanto as delega\u00e7\u00f5es de Washington e Teer\u00e3 mant\u00eam di\u00e1logos indiretos em Genebra, mediadas por Om\u00e3, o impasse permanece em torno do enriquecimento de ur\u00e2nio. Os EUA exigem &#8220;enriquecimento zero&#8221;, enquanto o Ir\u00e3 j\u00e1 acumula ur\u00e2nio a 60% de pureza \u2014 n\u00edvel tecnicamente pr\u00f3ximo ao necess\u00e1rio para ogivas nucleares.<\/p>\n\n\n\n<p class=\"wp-block-paragraph\">\u200bEm resposta \u00e0 movimenta\u00e7\u00e3o americana, o governo de <strong>Benjamin Netanyahu<\/strong> colocou Israel em &#8220;alerta m\u00e1ximo&#8221;. O gabinete de seguran\u00e7a israelense monitora n\u00e3o apenas a fronteira iraniana, mas tamb\u00e9m as poss\u00edveis rea\u00e7\u00f5es de grupos aliados de Teer\u00e3, como o <strong>Hezbollah<\/strong> no L\u00edbano e os <strong>Houthis<\/strong> no I\u00eamen, que podem abrir novas frentes de combate caso o conflito escale.<\/p>\n\n\n\n<h3 class=\"wp-block-heading\">\u200bO Estreito de Ormuz e a economia global<\/h3>\n\n\n\n<p class=\"wp-block-paragraph\">\u200bComo forma de retalia\u00e7\u00e3o e demonstra\u00e7\u00e3o de for\u00e7a, o Ir\u00e3 anunciou o fechamento parcial do <strong>Estreito de Ormuz<\/strong> para exerc\u00edcios navais realizados em conjunto com a R\u00fassia e a China. O bloqueio tempor\u00e1rio do canal, por onde passa 20% do petr\u00f3leo mundial, j\u00e1 causou reflexos imediatos no mercado financeiro, elevando o pre\u00e7o do barril de petr\u00f3leo e gerando apreens\u00e3o em economias ocidentais.<\/p>\n\n\n\n<h3 class=\"wp-block-heading\">\u200bPr\u00f3ximos passos<\/h3>\n\n\n\n<p class=\"wp-block-paragraph\">\u200bO Secret\u00e1rio de Estado, <strong>Marco Rubio<\/strong>, deve desembarcar em Israel no final de fevereiro para alinhar os detalhes da coopera\u00e7\u00e3o militar. At\u00e9 l\u00e1, o mundo aguarda o encerramento do prazo de dez dias estipulado por Trump. Se as negocia\u00e7\u00f5es em Genebra n\u00e3o produzirem uma &#8220;proposta escrita&#8221; satisfat\u00f3ria para a Casa Branca, o Oriente M\u00e9dio poder\u00e1 enfrentar o in\u00edcio de uma guerra de propor\u00e7\u00f5es imprevis\u00edveis.<\/p>\n","protected":false},"excerpt":{"rendered":"<p>GENEBRA\/WASHINGTON \u2013 O cen\u00e1rio geopol\u00edtico no Oriente M\u00e9dio atingiu seu ponto mais cr\u00edtico nesta quinta-feira, 19 de fevereiro de 2026. O presidente dos Estados Unidos, [&#8230;]<\/p>\n","protected":false},"author":1,"featured_media":4230,"comment_status":"open","ping_status":"open","sticky":false,"template":"","format":"standard","meta":{"_crdt_document":"","_jetpack_memberships_contains_paid_content":false,"footnotes":"","jetpack_publicize_message":"","jetpack_publicize_feature_enabled":true,"jetpack_social_post_already_shared":true,"jetpack_social_options":{"image_generator_settings":{"template":"highway","default_image_id":0,"font":"","enabled":false},"version":2}},"categories":[15],"tags":[],"class_list":["post-4229","post","type-post","status-publish","format-standard","has-post-thumbnail","hentry","category-internacional"],"jetpack_publicize_connections":[],"jetpack_featured_media_url":"https:\/\/i0.wp.com\/oexpressobr.com.br\/wp-content\/uploads\/2026\/02\/IMG-20260219-WA0350.jpg?fit=750%2C500&ssl=1","jetpack_likes_enabled":true,"jetpack_sharing_enabled":true,"_links":{"self":[{"href":"https:\/\/oexpressobr.com.br\/index.php?rest_route=\/wp\/v2\/posts\/4229","targetHints":{"allow":["GET"]}}],"collection":[{"href":"https:\/\/oexpressobr.com.br\/index.php?rest_route=\/wp\/v2\/posts"}],"about":[{"href":"https:\/\/oexpressobr.com.br\/index.php?rest_route=\/wp\/v2\/types\/post"}],"author":[{"embeddable":true,"href":"https:\/\/oexpressobr.com.br\/index.php?rest_route=\/wp\/v2\/users\/1"}],"replies":[{"embeddable":true,"href":"https:\/\/oexpressobr.com.br\/index.php?rest_route=%2Fwp%2Fv2%2Fcomments&post=4229"}],"version-history":[{"count":1,"href":"https:\/\/oexpressobr.com.br\/index.php?rest_route=\/wp\/v2\/posts\/4229\/revisions"}],"predecessor-version":[{"id":4231,"href":"https:\/\/oexpressobr.com.br\/index.php?rest_route=\/wp\/v2\/posts\/4229\/revisions\/4231"}],"wp:featuredmedia":[{"embeddable":true,"href":"https:\/\/oexpressobr.com.br\/index.php?rest_route=\/wp\/v2\/media\/4230"}],"wp:attachment":[{"href":"https:\/\/oexpressobr.com.br\/index.php?rest_route=%2Fwp%2Fv2%2Fmedia&parent=4229"}],"wp:term":[{"taxonomy":"category","embeddable":true,"href":"https:\/\/oexpressobr.com.br\/index.php?rest_route=%2Fwp%2Fv2%2Fcategories&post=4229"},{"taxonomy":"post_tag","embeddable":true,"href":"https:\/\/oexpressobr.com.br\/index.php?rest_route=%2Fwp%2Fv2%2Ftags&post=4229"}],"curies":[{"name":"wp","href":"https:\/\/api.w.org\/{rel}","templated":true}]}}