{"id":423,"date":"2025-12-08T12:25:40","date_gmt":"2025-12-08T15:25:40","guid":{"rendered":"https:\/\/oexpressobr.com.br\/?p=423"},"modified":"2025-12-08T12:40:13","modified_gmt":"2025-12-08T15:40:13","slug":"luciane-galo-usa-redes-sociais-para-confrontar-vereador-de-jandaia-do-sul-sobre-fake-news-citando-deputado-adriano-jose","status":"publish","type":"post","link":"https:\/\/oexpressobr.com.br\/?p=423","title":{"rendered":"Luciane Galo Usa Redes Sociais Para Confrontar Vereador de Jandaia do Sul Sobre &#8216;Fake News&#8217;, Citando Deputado Adriano Jos\u00e9"},"content":{"rendered":"\n<p class=\"wp-block-paragraph\">A <strong>pol\u00edtica local<\/strong> em <strong>Jandaia do Sul<\/strong> ganhou um novo cap\u00edtulo com a intensa din\u00e2mica das redes sociais, refletindo a crescente exig\u00eancia da popula\u00e7\u00e3o por <strong>transpar\u00eancia e veracidade<\/strong> nas informa\u00e7\u00f5es. Em um movimento que sublinha a mudan\u00e7a na comunica\u00e7\u00e3o pol\u00edtica, a cidad\u00e3 <strong>Luciane Galo<\/strong> utilizou o perfil do Instagram <strong>@michelenfermeiro<\/strong> para enviar um recado direto a um membro da <strong>C\u00e2mara Municipal de Jandaia do Sul<\/strong>, condenando a dissemina\u00e7\u00e3o de <strong>&#8220;fake news&#8221;<\/strong>.<\/p>\n\n\n\n<p class=\"wp-block-paragraph\">\u200bO cerne da mensagem, divulgada na plataforma de v\u00eddeos curtos da rede social, \u00e9 claro: <strong>&#8220;a popula\u00e7\u00e3o n\u00e3o quer saber fake news&#8221;<\/strong>. Luciane Galo direciona o foco para o vereador, apontando-o como o respons\u00e1vel por propagar informa\u00e7\u00f5es falsas.<\/p>\n\n\n\n<h3 class=\"wp-block-heading\">\u200bA Cita\u00e7\u00e3o de Adriano Jos\u00e9 e a For\u00e7a do Engajamento<\/h3>\n\n\n\n<p class=\"wp-block-paragraph\">\u200bO caso ganha notoriedade com a men\u00e7\u00e3o ao <strong>Deputado Estadual Adriano Jos\u00e9<\/strong>. Embora o deputado n\u00e3o seja o alvo direto da acusa\u00e7\u00e3o de <em>fake news<\/em>, sua cita\u00e7\u00e3o na postagem do Instagram indica uma conex\u00e3o ou um contexto pol\u00edtico mais amplo, possivelmente ligando a narrativa do vereador a figuras ou temas de alcance estadual.<\/p>\n\n\n\n<p class=\"wp-block-paragraph\">\u200bEste epis\u00f3dio ilustra como as plataformas digitais se tornaram o <strong>campo de batalha<\/strong> prim\u00e1rio para o debate pol\u00edtico. O ato de usar um perfil popular, como o de <strong>@michelenfermeiro<\/strong>, para fazer uma den\u00fancia p\u00fablica contra um pol\u00edtico eleito, demonstra a <strong>perda de poder dos canais tradicionais<\/strong> de comunica\u00e7\u00e3o e o <strong>fortalecimento da voz direta<\/strong> dos cidad\u00e3os.<\/p>\n\n\n\n<h3 class=\"wp-block-heading\">\u200bExig\u00eancia por Veracidade: A Nova Era da Pol\u00edtica<\/h3>\n\n\n\n<p class=\"wp-block-paragraph\">\u200bO confronto p\u00fablico em Jandaia do Sul ecoa um <strong>fen\u00f4meno nacional<\/strong>: o rep\u00fadio crescente \u00e0s not\u00edcias falsas e a busca por responsabilidade de quem as divulga, especialmente no meio pol\u00edtico. A <strong>rapidez e o alcance das redes sociais<\/strong> significam que as den\u00fancias, como a de Luciane Galo, alcan\u00e7am instantaneamente a base eleitoral, exercendo uma press\u00e3o imediata sobre o pol\u00edtico citado.<\/p>\n\n\n\n<p class=\"wp-block-paragraph\">\u200bO recado de Luciane Galo resume o sentimento de uma parcela significativa do eleitorado: a paci\u00eancia com a desinforma\u00e7\u00e3o se esgotou. A pol\u00edtica em Jandaia do Sul, assim como em todo o pa\u00eds, est\u00e1 cada vez mais conectada, e a <strong>vigil\u00e2ncia c\u00edvica<\/strong> se manifesta ativamente no <em>feed<\/em> e nos <em>stories<\/em>.<\/p>\n\n\n\n<p class=\"wp-block-paragraph\">vejwbo v\u00eddeo:<\/p>\n\n\n\n<p class=\"wp-block-paragraph\"><a href=\"https:\/\/www.instagram.com\/reel\/DR-pgszAJ1s\/?igsh=MTNqbzNvNzNlMmNwNQ==\">https:\/\/www.instagram.com\/reel\/DR-pgszAJ1s\/?igsh=MTNqbzNvNzNlMmNwNQ=<\/a><\/p>\n\n\n\n<p class=\"wp-block-paragraph\"><\/p>\n","protected":false},"excerpt":{"rendered":"<p>A pol\u00edtica local em Jandaia do Sul ganhou um novo cap\u00edtulo com a intensa din\u00e2mica das redes sociais, refletindo a crescente exig\u00eancia da popula\u00e7\u00e3o por [&#8230;]<\/p>\n","protected":false},"author":1,"featured_media":424,"comment_status":"open","ping_status":"open","sticky":false,"template":"","format":"standard","meta":{"_crdt_document":"","_jetpack_memberships_contains_paid_content":false,"footnotes":"","jetpack_publicize_message":"","jetpack_publicize_feature_enabled":true,"jetpack_social_post_already_shared":false,"jetpack_social_options":{"image_generator_settings":{"template":"highway","default_image_id":0,"font":"","enabled":false},"version":2}},"categories":[5],"tags":[],"class_list":["post-423","post","type-post","status-publish","format-standard","has-post-thumbnail","hentry","category-parana"],"jetpack_publicize_connections":[],"jetpack_featured_media_url":"https:\/\/i0.wp.com\/oexpressobr.com.br\/wp-content\/uploads\/2025\/12\/images3.jpg?fit=678%2C452&ssl=1","jetpack_likes_enabled":true,"jetpack_sharing_enabled":true,"_links":{"self":[{"href":"https:\/\/oexpressobr.com.br\/index.php?rest_route=\/wp\/v2\/posts\/423","targetHints":{"allow":["GET"]}}],"collection":[{"href":"https:\/\/oexpressobr.com.br\/index.php?rest_route=\/wp\/v2\/posts"}],"about":[{"href":"https:\/\/oexpressobr.com.br\/index.php?rest_route=\/wp\/v2\/types\/post"}],"author":[{"embeddable":true,"href":"https:\/\/oexpressobr.com.br\/index.php?rest_route=\/wp\/v2\/users\/1"}],"replies":[{"embeddable":true,"href":"https:\/\/oexpressobr.com.br\/index.php?rest_route=%2Fwp%2Fv2%2Fcomments&post=423"}],"version-history":[{"count":0,"href":"https:\/\/oexpressobr.com.br\/index.php?rest_route=\/wp\/v2\/posts\/423\/revisions"}],"wp:featuredmedia":[{"embeddable":true,"href":"https:\/\/oexpressobr.com.br\/index.php?rest_route=\/wp\/v2\/media\/424"}],"wp:attachment":[{"href":"https:\/\/oexpressobr.com.br\/index.php?rest_route=%2Fwp%2Fv2%2Fmedia&parent=423"}],"wp:term":[{"taxonomy":"category","embeddable":true,"href":"https:\/\/oexpressobr.com.br\/index.php?rest_route=%2Fwp%2Fv2%2Fcategories&post=423"},{"taxonomy":"post_tag","embeddable":true,"href":"https:\/\/oexpressobr.com.br\/index.php?rest_route=%2Fwp%2Fv2%2Ftags&post=423"}],"curies":[{"name":"wp","href":"https:\/\/api.w.org\/{rel}","templated":true}]}}