{"id":4232,"date":"2026-02-19T23:01:54","date_gmt":"2026-02-20T02:01:54","guid":{"rendered":"https:\/\/oexpressobr.com.br\/?p=4232"},"modified":"2026-02-19T23:01:55","modified_gmt":"2026-02-20T02:01:55","slug":"ex-principe-andrew-e-rei-charles-iii-protagonizam-crise-historica-na-monarquia-apos-prisao-e-soltura-em-norfolk","status":"publish","type":"post","link":"https:\/\/oexpressobr.com.br\/?p=4232","title":{"rendered":"EX-PR\u00cdNCIPE Andrew e rei Charles III protagonizam crise hist\u00f3rica na monarquia ap\u00f3s pris\u00e3o e soltura em Norfolk"},"content":{"rendered":"\n<p class=\"wp-block-paragraph\"><strong>ex-pr\u00edncipe Andrew, irm\u00e3o do rei Charles III, foi colocado em liberdade sob investiga\u00e7\u00e3o na tarde desta quinta-feira (19), ap\u00f3s passar cerca de 11 horas detido na delegacia de Aylsham, em Norfolk.<\/strong> A pris\u00e3o, um evento sem precedentes na hist\u00f3ria moderna da fam\u00edlia real brit\u00e2nica, ocorreu sob a suspeita de m\u00e1 conduta no exerc\u00edcio de cargo p\u00fablico, em um desdobramento direto de suas conex\u00f5es com o falecido financista Jeffrey Epstein.<\/p>\n\n\n\n<p class=\"wp-block-paragraph\">\u200bA opera\u00e7\u00e3o foi conduzida pela Pol\u00edcia de Thames Valley, que confirmou a deten\u00e7\u00e3o de um homem de 66 anos \u2014 idade completada por Andrew justamente no dia de hoje \u2014 e a realiza\u00e7\u00e3o de buscas e apreens\u00f5es em propriedades em Norfolk e Berkshire. Segundo as investiga\u00e7\u00f5es, o foco recai sobre o per\u00edodo em que Andrew atuou como representante especial do Reino Unido para o Com\u00e9rcio Internacional (2001-2011).<\/p>\n\n\n\n<h3 class=\"wp-block-heading\">\u200bDocumentos confidenciais e o caso Epstein<\/h3>\n\n\n\n<p class=\"wp-block-paragraph\">\u200bAs autoridades brit\u00e2nicas intensificaram as investiga\u00e7\u00f5es ap\u00f3s a divulga\u00e7\u00e3o de milh\u00f5es de documentos pelo Departamento de Justi\u00e7a dos Estados Unidos nas \u00faltimas semanas. Os arquivos indicam que Andrew teria compartilhado relat\u00f3rios governamentais confidenciais e informa\u00e7\u00f5es comerciais sens\u00edveis com Epstein pouco tempo ap\u00f3s o pr\u00f3prio pr\u00edncipe as ter recebido.<\/p>\n\n\n\n<p class=\"wp-block-paragraph\">\u200bMensagens interceptadas mostram contatos frequentes em 2010 e 2011, \u00e9poca em que Epstein j\u00e1 era um criminoso sexual condenado. De acordo com as leis do Reino Unido, a acusa\u00e7\u00e3o de m\u00e1 conduta em cargo p\u00fablico \u00e9 grave e, em casos extremos, pode levar \u00e0 pris\u00e3o perp\u00e9tua.<\/p>\n\n\n\n<h3 class=\"wp-block-heading\">\u200bRea\u00e7\u00e3o de Buckingham e do governo<\/h3>\n\n\n\n<p class=\"wp-block-paragraph\">\u200bEm um comunicado oficial marcado pela sobriedade, o rei Charles III expressou &#8220;profunda preocupa\u00e7\u00e3o&#8221;, mas enfatizou que &#8220;a lei deve seguir o seu curso&#8221; e que o processo ser\u00e1 conduzido de forma justa e adequada pelas autoridades competentes. Fontes ligadas ao pal\u00e1cio indicam que o monarca n\u00e3o foi avisado previamente sobre a opera\u00e7\u00e3o policial.<\/p>\n\n\n\n<p class=\"wp-block-paragraph\">\u200bO herdeiro do trono, pr\u00edncipe William, e sua esposa Kate Middleton, tamb\u00e9m manifestaram apoio \u00e0 postura de transpar\u00eancia adotada pela Coroa. Enquanto isso, nos Estados Unidos, o presidente Donald Trump comentou o epis\u00f3dio durante uma viagem no Air Force One, classificando a situa\u00e7\u00e3o como &#8220;muito triste para a fam\u00edlia real&#8221;, embora tenha evitado mencionar os detalhes dos crimes de Epstein.<\/p>\n\n\n\n<h3 class=\"wp-block-heading\">\u200bContexto de isolamento<\/h3>\n\n\n\n<p class=\"wp-block-paragraph\">\u200bAndrew Mountbatten-Windsor j\u00e1 havia sido destitu\u00eddo de seus t\u00edtulos reais e fun\u00e7\u00f5es militares em outubro de 2025, ap\u00f3s o surgimento de novas evid\u00eancias fotogr\u00e1ficas comprometedoras. Recentemente, por ordem do rei, ele deixou sua resid\u00eancia oficial no Royal Lodge, em Windsor, mudando-se para uma casa de campo menor na propriedade de Sandringham, local onde a pol\u00edcia realizou parte das buscas nesta manh\u00e3.<\/p>\n\n\n\n<p class=\"wp-block-paragraph\">\u200bEmbora tenha sido solto, Andrew permanece sob investiga\u00e7\u00e3o oficial. O grupo antimonarquista <em>Republic<\/em>, que reivindicou a autoria da den\u00fancia que desencadeou a a\u00e7\u00e3o policial, afirmou que o caso prova que ningu\u00e9m est\u00e1 acima da lei no Reino Unido.<\/p>\n","protected":false},"excerpt":{"rendered":"<p>ex-pr\u00edncipe Andrew, irm\u00e3o do rei Charles III, foi colocado em liberdade sob investiga\u00e7\u00e3o na tarde desta quinta-feira (19), ap\u00f3s passar cerca de 11 horas detido [&#8230;]<\/p>\n","protected":false},"author":1,"featured_media":4233,"comment_status":"open","ping_status":"open","sticky":false,"template":"","format":"standard","meta":{"_crdt_document":"","_jetpack_memberships_contains_paid_content":false,"footnotes":"","jetpack_publicize_message":"","jetpack_publicize_feature_enabled":true,"jetpack_social_post_already_shared":true,"jetpack_social_options":{"image_generator_settings":{"template":"highway","default_image_id":0,"font":"","enabled":false},"version":2}},"categories":[15],"tags":[],"class_list":["post-4232","post","type-post","status-publish","format-standard","has-post-thumbnail","hentry","category-internacional"],"jetpack_publicize_connections":[],"jetpack_featured_media_url":"https:\/\/i0.wp.com\/oexpressobr.com.br\/wp-content\/uploads\/2026\/02\/IMG-20260219-WA0349.jpg?fit=1600%2C1208&ssl=1","jetpack_likes_enabled":true,"jetpack_sharing_enabled":true,"_links":{"self":[{"href":"https:\/\/oexpressobr.com.br\/index.php?rest_route=\/wp\/v2\/posts\/4232","targetHints":{"allow":["GET"]}}],"collection":[{"href":"https:\/\/oexpressobr.com.br\/index.php?rest_route=\/wp\/v2\/posts"}],"about":[{"href":"https:\/\/oexpressobr.com.br\/index.php?rest_route=\/wp\/v2\/types\/post"}],"author":[{"embeddable":true,"href":"https:\/\/oexpressobr.com.br\/index.php?rest_route=\/wp\/v2\/users\/1"}],"replies":[{"embeddable":true,"href":"https:\/\/oexpressobr.com.br\/index.php?rest_route=%2Fwp%2Fv2%2Fcomments&post=4232"}],"version-history":[{"count":1,"href":"https:\/\/oexpressobr.com.br\/index.php?rest_route=\/wp\/v2\/posts\/4232\/revisions"}],"predecessor-version":[{"id":4234,"href":"https:\/\/oexpressobr.com.br\/index.php?rest_route=\/wp\/v2\/posts\/4232\/revisions\/4234"}],"wp:featuredmedia":[{"embeddable":true,"href":"https:\/\/oexpressobr.com.br\/index.php?rest_route=\/wp\/v2\/media\/4233"}],"wp:attachment":[{"href":"https:\/\/oexpressobr.com.br\/index.php?rest_route=%2Fwp%2Fv2%2Fmedia&parent=4232"}],"wp:term":[{"taxonomy":"category","embeddable":true,"href":"https:\/\/oexpressobr.com.br\/index.php?rest_route=%2Fwp%2Fv2%2Fcategories&post=4232"},{"taxonomy":"post_tag","embeddable":true,"href":"https:\/\/oexpressobr.com.br\/index.php?rest_route=%2Fwp%2Fv2%2Ftags&post=4232"}],"curies":[{"name":"wp","href":"https:\/\/api.w.org\/{rel}","templated":true}]}}