{"id":4238,"date":"2026-02-19T23:09:43","date_gmt":"2026-02-20T02:09:43","guid":{"rendered":"https:\/\/oexpressobr.com.br\/?p=4238"},"modified":"2026-02-19T23:09:45","modified_gmt":"2026-02-20T02:09:45","slug":"vulnerabilidade-reduz-altura-media-de-criancas-indigenas-e-nordestinas-revela-fiocruz","status":"publish","type":"post","link":"https:\/\/oexpressobr.com.br\/?p=4238","title":{"rendered":"Vulnerabilidade reduz altura m\u00e9dia de crian\u00e7as ind\u00edgenas e nordestinas, revela Fiocruz"},"content":{"rendered":"\n<p class=\"wp-block-paragraph\"><strong>RIO DE JANEIRO<\/strong> \u2013 Um estudo in\u00e9dito realizado pelo Centro de Integra\u00e7\u00e3o de Dados e Conhecimentos para Sa\u00fade (Cidacs\/Fiocruz Bahia) acende um alerta sobre as desigualdades no desenvolvimento infantil no Brasil. A pesquisa, publicada recentemente na prestigiada revista <em>JAMA Network<\/em> e repercutida nesta quinta-feira (19) pela Ag\u00eancia Brasil, aponta que a vulnerabilidade socioecon\u00f4mica est\u00e1 impactando diretamente a estatura f\u00edsica de crian\u00e7as ind\u00edgenas e residentes nas regi\u00f5es Norte e Nordeste.<\/p>\n\n\n\n<p class=\"wp-block-paragraph\">\u200bDe acordo com os dados coletados de 6 milh\u00f5es de crian\u00e7as brasileiras acompanhadas longitudinalmente, os pesquisadores identificaram que, at\u00e9 os 9 anos de idade, crian\u00e7as em situa\u00e7\u00e3o de maior fragilidade social apresentam uma altura m\u00e9dia inferior aos padr\u00f5es estabelecidos pela Organiza\u00e7\u00e3o Mundial da Sa\u00fade (OMS). O d\u00e9ficit de crescimento \u00e9 atribu\u00eddo a uma combina\u00e7\u00e3o de fatores: alimenta\u00e7\u00e3o inadequada, falta de acesso a saneamento b\u00e1sico, alta incid\u00eancia de doen\u00e7as infecciosas e baixo n\u00edvel socioecon\u00f4mico das fam\u00edlias.<\/p>\n\n\n\n<p class=\"wp-block-paragraph\">\u200b<strong>O paradoxo da malnutri\u00e7\u00e3o<\/strong><\/p>\n\n\n\n<p class=\"wp-block-paragraph\">Embora a baixa estatura seja um indicador cl\u00e1ssico de subnutri\u00e7\u00e3o cr\u00f4nica no passado, o cen\u00e1rio atual apresenta uma nova complexidade. O estudo destaca a &#8220;dupla carga de malnutri\u00e7\u00e3o&#8221;: enquanto crian\u00e7as das regi\u00f5es Norte e Nordeste (especialmente as ind\u00edgenas) lutam para atingir o crescimento linear esperado, as regi\u00f5es Sul, Sudeste e Centro-Oeste registram altos \u00edndices de excesso de peso.<\/p>\n\n\n\n<p class=\"wp-block-paragraph\">\u200bOs dados regionais de sobrepeso e obesidade revelam um contraste geogr\u00e1fico:<\/p>\n\n\n\n<ul class=\"wp-block-list\">\n<li>\u200b<strong>Sul:<\/strong> 32,6% de sobrepeso e 14,4% de obesidade (os maiores \u00edndices do pa\u00eds).<\/li>\n\n\n\n<li>\u200b<strong>Sudeste:<\/strong> 26,6% de sobrepeso e 11,7% de obesidade.<\/li>\n\n\n\n<li>\u200b<strong>Norte:<\/strong> 20% de sobrepeso e 7,3% de obesidade.<\/li>\n<\/ul>\n\n\n\n<p class=\"wp-block-paragraph\">\u200b<strong>Diferen\u00e7a por etnia<\/strong><\/p>\n\n\n\n<p class=\"wp-block-paragraph\">A desigualdade \u00e9 ainda mais profunda quando o recorte \u00e9 etnorraciais. O pesquisador Gustavo Velasquez, l\u00edder do estudo, refor\u00e7a que crian\u00e7as ind\u00edgenas enfrentam as maiores dificuldades para manter o crescimento linear adequado. Dados complementares indicam que, aos 9 anos, a altura m\u00e9dia esperada para meninos varia entre 124 cm e 136 cm, enquanto para meninas a faixa ideal \u00e9 de 123 cm a 135 cm. No entanto, em territ\u00f3rios vulner\u00e1veis e aldeias com pouco assist\u00eancia, esses n\u00fameros frequentemente n\u00e3o s\u00e3o alcan\u00e7ados.<\/p>\n\n\n\n<p class=\"wp-block-paragraph\">\u200b<strong>Impacto do racismo estrutural<\/strong><\/p>\n\n\n\n<p class=\"wp-block-paragraph\">Especialistas da Fiocruz associam esses resultados ao racismo estrutural, que limita o acesso de m\u00e3es ind\u00edgenas e negras a servi\u00e7os de sa\u00fade de qualidade e seguran\u00e7a alimentar desde a gesta\u00e7\u00e3o. A baixa estatura na inf\u00e2ncia n\u00e3o \u00e9 apenas uma quest\u00e3o est\u00e9tica; ela \u00e9 um marcador biol\u00f3gico de priva\u00e7\u00f5es que podem resultar em problemas de sa\u00fade cr\u00f4nicos na vida adulta, como maior propens\u00e3o a doen\u00e7as cardiovasculares e menor produtividade econ\u00f4mica.<\/p>\n\n\n\n<p class=\"wp-block-paragraph\">\u200bO estudo serve como um subs\u00eddio crucial para a formula\u00e7\u00e3o de pol\u00edticas p\u00fablicas, indicando que o combate \u00e0 desigualdade no Brasil precisa de estrat\u00e9gias regionalizadas que considerem n\u00e3o apenas a oferta de calorias, mas a qualidade do ambiente em que a crian\u00e7a cresce.<\/p>\n","protected":false},"excerpt":{"rendered":"<p>RIO DE JANEIRO \u2013 Um estudo in\u00e9dito realizado pelo Centro de Integra\u00e7\u00e3o de Dados e Conhecimentos para Sa\u00fade (Cidacs\/Fiocruz Bahia) acende um alerta sobre as [&#8230;]<\/p>\n","protected":false},"author":1,"featured_media":4239,"comment_status":"open","ping_status":"open","sticky":false,"template":"","format":"standard","meta":{"_crdt_document":"","_jetpack_memberships_contains_paid_content":false,"footnotes":"","jetpack_publicize_message":"","jetpack_publicize_feature_enabled":true,"jetpack_social_post_already_shared":true,"jetpack_social_options":{"image_generator_settings":{"template":"highway","default_image_id":0,"font":"","enabled":false},"version":2}},"categories":[3],"tags":[],"class_list":["post-4238","post","type-post","status-publish","format-standard","has-post-thumbnail","hentry","category-brasil"],"jetpack_publicize_connections":[],"jetpack_featured_media_url":"https:\/\/i0.wp.com\/oexpressobr.com.br\/wp-content\/uploads\/2026\/02\/mg_7458_01.webp?fit=1170%2C700&ssl=1","jetpack_likes_enabled":true,"jetpack_sharing_enabled":true,"_links":{"self":[{"href":"https:\/\/oexpressobr.com.br\/index.php?rest_route=\/wp\/v2\/posts\/4238","targetHints":{"allow":["GET"]}}],"collection":[{"href":"https:\/\/oexpressobr.com.br\/index.php?rest_route=\/wp\/v2\/posts"}],"about":[{"href":"https:\/\/oexpressobr.com.br\/index.php?rest_route=\/wp\/v2\/types\/post"}],"author":[{"embeddable":true,"href":"https:\/\/oexpressobr.com.br\/index.php?rest_route=\/wp\/v2\/users\/1"}],"replies":[{"embeddable":true,"href":"https:\/\/oexpressobr.com.br\/index.php?rest_route=%2Fwp%2Fv2%2Fcomments&post=4238"}],"version-history":[{"count":1,"href":"https:\/\/oexpressobr.com.br\/index.php?rest_route=\/wp\/v2\/posts\/4238\/revisions"}],"predecessor-version":[{"id":4240,"href":"https:\/\/oexpressobr.com.br\/index.php?rest_route=\/wp\/v2\/posts\/4238\/revisions\/4240"}],"wp:featuredmedia":[{"embeddable":true,"href":"https:\/\/oexpressobr.com.br\/index.php?rest_route=\/wp\/v2\/media\/4239"}],"wp:attachment":[{"href":"https:\/\/oexpressobr.com.br\/index.php?rest_route=%2Fwp%2Fv2%2Fmedia&parent=4238"}],"wp:term":[{"taxonomy":"category","embeddable":true,"href":"https:\/\/oexpressobr.com.br\/index.php?rest_route=%2Fwp%2Fv2%2Fcategories&post=4238"},{"taxonomy":"post_tag","embeddable":true,"href":"https:\/\/oexpressobr.com.br\/index.php?rest_route=%2Fwp%2Fv2%2Ftags&post=4238"}],"curies":[{"name":"wp","href":"https:\/\/api.w.org\/{rel}","templated":true}]}}