{"id":4241,"date":"2026-02-20T04:09:44","date_gmt":"2026-02-20T07:09:44","guid":{"rendered":"https:\/\/oexpressobr.com.br\/?p=4241"},"modified":"2026-02-20T04:09:45","modified_gmt":"2026-02-20T07:09:45","slug":"dino-proibe-stf-e-congresso-de-criarem-novos-penduricalhos-acima-do-teto","status":"publish","type":"post","link":"https:\/\/oexpressobr.com.br\/?p=4241","title":{"rendered":"DINO PRO\u00cdBE STF e Congresso de criarem novos &#8220;penduricalhos&#8221; acima do teto"},"content":{"rendered":"\n<p class=\"wp-block-paragraph\"><strong>BRAS\u00cdLIA<\/strong> \u2013 Em uma ofensiva direta contra os chamados &#8220;supersal\u00e1rios&#8221;, o ministro Fl\u00e1vio Dino, do Supremo Tribunal Federal (STF), determinou nesta quinta-feira (19) a proibi\u00e7\u00e3o da cria\u00e7\u00e3o de novas leis, atos normativos ou decis\u00f5es administrativas que autorizem o pagamento de verbas indenizat\u00f3rias \u2014 conhecidas como &#8220;penduricalhos&#8221; \u2014 que ultrapassem o teto constitucional do funcionalismo p\u00fablico, atualmente fixado em R$ 46,3 mil.<\/p>\n\n\n\n<p class=\"wp-block-paragraph\">\u200bA nova decis\u00e3o amplia o rigor de uma liminar proferida pelo pr\u00f3prio magistrado no in\u00edcio de fevereiro. O objetivo \u00e9 fechar brechas que permitiam a \u00f3rg\u00e3os dos Tr\u00eas Poderes (Executivo, Legislativo e Judici\u00e1rio) e institui\u00e7\u00f5es aut\u00f4nomas, como o Minist\u00e9rio P\u00fablico, driblar o limite salarial por meio de &#8220;manobras normativas&#8221;.<\/p>\n\n\n\n<h3 class=\"wp-block-heading\">\u200bBlindagem contra manobras<\/h3>\n\n\n\n<p class=\"wp-block-paragraph\">\u200bDino destacou que, para justificar contracheques que por vezes atingem centenas de milhares de reais, n\u00e3o bastam termos gen\u00e9ricos nos Portais de Transpar\u00eancia, como &#8220;direitos eventuais&#8221; ou &#8220;indeniza\u00e7\u00f5es&#8221;. A determina\u00e7\u00e3o vale para todas as esferas da federa\u00e7\u00e3o: federal, estadual e municipal.<\/p>\n\n\n\n<p class=\"wp-block-paragraph\">\u200b&#8221;Renova-se o j\u00e1 formulado apelo ao legislador&#8221;, escreveu o ministro, refor\u00e7ando a necessidade de o Congresso Nacional editar uma lei nacional para regulamentar o que pode ou n\u00e3o ser considerado verba indenizat\u00f3ria fora do teto.<\/p>\n\n\n\n<h3 class=\"wp-block-heading\">\u200bO impacto da medida<\/h3>\n\n\n\n<p class=\"wp-block-paragraph\">\u200bA decis\u00e3o de Dino ocorre em um momento de forte tens\u00e3o institucional. Recentemente, o Tribunal de Justi\u00e7a de S\u00e3o Paulo (TJ-SP) recorreu ao STF para tentar manter benef\u00edcios que somam cerca de R$ 4,8 bilh\u00f5es. Por outro lado, o presidente da C\u00e2mara, Hugo Motta (Republicanos-PB), elogiou a postura do magistrado, classificando a decis\u00e3o como &#8220;feliz&#8221; para o ajuste das contas p\u00fablicas.<\/p>\n\n\n\n<p class=\"wp-block-paragraph\">\u200bOs principais pontos da determina\u00e7\u00e3o incluem:<\/p>\n\n\n\n<ul class=\"wp-block-list\">\n<li>\u200b<strong>Proibi\u00e7\u00e3o de novos atos:<\/strong> Nenhum \u00f3rg\u00e3o pode criar benef\u00edcios que n\u00e3o tenham base em lei federal espec\u00edfica.<\/li>\n\n\n\n<li>\u200b<strong>Transpar\u00eancia:<\/strong> Mantido o prazo de 60 dias para que todos os \u00f3rg\u00e3os revisem suas folhas de pagamento e publiquem detalhadamente a natureza de cada verba paga.<\/li>\n\n\n\n<li>\u200b<strong>Regime de transi\u00e7\u00e3o:<\/strong> Caso o Congresso n\u00e3o edite a lei necess\u00e1ria, caber\u00e1 exclusivamente ao STF definir como ser\u00e1 a transi\u00e7\u00e3o para o fim dos pagamentos irregulares.<\/li>\n<\/ul>\n\n\n\n<h3 class=\"wp-block-heading\">\u200bPr\u00f3ximos passos<\/h3>\n\n\n\n<p class=\"wp-block-paragraph\">\u200bA decis\u00e3o monocr\u00e1tica de Fl\u00e1vio Dino n\u00e3o encerra o caso. O plen\u00e1rio do Supremo Tribunal Federal dever\u00e1 analisar o referendo desta liminar na pr\u00f3xima quarta-feira, 25 de fevereiro. At\u00e9 l\u00e1, a proibi\u00e7\u00e3o de novos &#8220;penduricalhos&#8221; segue vigente, congelando qualquer tentativa de expans\u00e3o de gastos com pessoal acima do limite estabelecido pela Constitui\u00e7\u00e3o.<\/p>\n\n\n\n<p class=\"wp-block-paragraph\"><\/p>\n","protected":false},"excerpt":{"rendered":"<p>BRAS\u00cdLIA \u2013 Em uma ofensiva direta contra os chamados &#8220;supersal\u00e1rios&#8221;, o ministro Fl\u00e1vio Dino, do Supremo Tribunal Federal (STF), determinou nesta quinta-feira (19) a proibi\u00e7\u00e3o [&#8230;]<\/p>\n","protected":false},"author":1,"featured_media":4242,"comment_status":"open","ping_status":"open","sticky":false,"template":"","format":"standard","meta":{"_crdt_document":"","_jetpack_memberships_contains_paid_content":false,"footnotes":"","jetpack_publicize_message":"","jetpack_publicize_feature_enabled":true,"jetpack_social_post_already_shared":true,"jetpack_social_options":{"image_generator_settings":{"template":"highway","default_image_id":0,"font":"","enabled":false},"version":2}},"categories":[8],"tags":[],"class_list":["post-4241","post","type-post","status-publish","format-standard","has-post-thumbnail","hentry","category-judiciario"],"jetpack_publicize_connections":[],"jetpack_featured_media_url":"https:\/\/i0.wp.com\/oexpressobr.com.br\/wp-content\/uploads\/2026\/02\/53559840271_88b25d2602_o.webp?fit=1170%2C700&ssl=1","jetpack_likes_enabled":true,"jetpack_sharing_enabled":true,"_links":{"self":[{"href":"https:\/\/oexpressobr.com.br\/index.php?rest_route=\/wp\/v2\/posts\/4241","targetHints":{"allow":["GET"]}}],"collection":[{"href":"https:\/\/oexpressobr.com.br\/index.php?rest_route=\/wp\/v2\/posts"}],"about":[{"href":"https:\/\/oexpressobr.com.br\/index.php?rest_route=\/wp\/v2\/types\/post"}],"author":[{"embeddable":true,"href":"https:\/\/oexpressobr.com.br\/index.php?rest_route=\/wp\/v2\/users\/1"}],"replies":[{"embeddable":true,"href":"https:\/\/oexpressobr.com.br\/index.php?rest_route=%2Fwp%2Fv2%2Fcomments&post=4241"}],"version-history":[{"count":1,"href":"https:\/\/oexpressobr.com.br\/index.php?rest_route=\/wp\/v2\/posts\/4241\/revisions"}],"predecessor-version":[{"id":4243,"href":"https:\/\/oexpressobr.com.br\/index.php?rest_route=\/wp\/v2\/posts\/4241\/revisions\/4243"}],"wp:featuredmedia":[{"embeddable":true,"href":"https:\/\/oexpressobr.com.br\/index.php?rest_route=\/wp\/v2\/media\/4242"}],"wp:attachment":[{"href":"https:\/\/oexpressobr.com.br\/index.php?rest_route=%2Fwp%2Fv2%2Fmedia&parent=4241"}],"wp:term":[{"taxonomy":"category","embeddable":true,"href":"https:\/\/oexpressobr.com.br\/index.php?rest_route=%2Fwp%2Fv2%2Fcategories&post=4241"},{"taxonomy":"post_tag","embeddable":true,"href":"https:\/\/oexpressobr.com.br\/index.php?rest_route=%2Fwp%2Fv2%2Ftags&post=4241"}],"curies":[{"name":"wp","href":"https:\/\/api.w.org\/{rel}","templated":true}]}}