{"id":4247,"date":"2026-02-20T04:22:17","date_gmt":"2026-02-20T07:22:17","guid":{"rendered":"https:\/\/oexpressobr.com.br\/?p=4247"},"modified":"2026-02-20T04:22:19","modified_gmt":"2026-02-20T07:22:19","slug":"pgr-defende-que-flamengo-e-sport-dividam-titulo-de-1987-em-novo-parecer-ao-stf","status":"publish","type":"post","link":"https:\/\/oexpressobr.com.br\/?p=4247","title":{"rendered":"PGR DEFENDE QUE Flamengo e Sport dividam t\u00edtulo de 1987 em novo parecer ao STF"},"content":{"rendered":"\n<p class=\"wp-block-paragraph\">\u200b<strong>BRAS\u00cdLIA<\/strong> \u2013 A disputa jur\u00eddica que j\u00e1 dura quase quatro d\u00e9cadas sobre o desfecho do Campeonato Brasileiro de 1987 ganhou um novo e importante cap\u00edtulo nesta semana. O procurador-geral da Rep\u00fablica, Paulo Gonet, enviou ao Supremo Tribunal Federal (STF) um parecer favor\u00e1vel ao reconhecimento do Flamengo como campe\u00e3o brasileiro daquele ano, ao lado do Sport Club do Recife.<\/p>\n\n\n\n<p class=\"wp-block-paragraph\">\u200bA manifesta\u00e7\u00e3o da PGR ocorre no \u00e2mbito de uma a\u00e7\u00e3o rescis\u00f3ria protocolada pela defesa do clube carioca, que busca anular decis\u00f5es anteriores que garantiam a exclusividade do t\u00edtulo ao clube pernambucano. No documento protocolado na \u00faltima quarta-feira (18 de fevereiro de 2026), Gonet argumenta que o reconhecimento administrativo da CBF, feito em 2011 para dividir o t\u00edtulo, n\u00e3o viola a &#8220;coisa julgada&#8221; (decis\u00e3o definitiva) de 1994, que deu a ta\u00e7a ao Sport.<\/p>\n\n\n\n<h3 class=\"wp-block-heading\">\u200bArgumentos da Procuradoria<\/h3>\n\n\n\n<p class=\"wp-block-paragraph\">\u200bPara o chefe da PGR, declarar o Sport campe\u00e3o n\u00e3o deveria impedir, automaticamente, que outra entidade esportiva \u2014 no caso, a CBF \u2014 reconhecesse tamb\u00e9m o m\u00e9rito do Flamengo no mesmo ano. Gonet destacou a autonomia das entidades desportivas, prevista no Artigo 217 da Constitui\u00e7\u00e3o Federal, que garante aos \u00f3rg\u00e3os esportivos a compet\u00eancia para organizar competi\u00e7\u00f5es e reconhecer conquistas hist\u00f3ricas.<\/p>\n\n\n\n<p class=\"wp-block-paragraph\">\u200b&#8221;Dar o t\u00edtulo ao Sport n\u00e3o significa necessariamente tir\u00e1-lo do Flamengo&#8221;, sustenta o parecer, defendendo que a coexist\u00eancia de dois campe\u00f5es \u00e9 uma solu\u00e7\u00e3o que respeita a realidade f\u00e1tica daquele torneio, marcado pela divis\u00e3o entre os M\u00f3dulos Verde (Copa Uni\u00e3o) e Amarelo.<\/p>\n\n\n\n<h3 class=\"wp-block-heading\">\u200bO impasse no Supremo<\/h3>\n\n\n\n<p class=\"wp-block-paragraph\">\u200bApesar do novo f\u00f4lego dado pela PGR \u00e0 causa flamenguista, o caminho jur\u00eddico ainda \u00e9 incerto.<\/p>\n\n\n\n<ul class=\"wp-block-list\">\n<li>\u200b<strong>Hist\u00f3rico recente:<\/strong> Em maio de 2024, o ministro Dias Toffoli j\u00e1 havia negado um recurso semelhante.<\/li>\n\n\n\n<li>\u200b<strong>Relatoria:<\/strong> O processo est\u00e1 atualmente sob a responsabilidade do presidente do STF, ministro Edson Fachin.<\/li>\n\n\n\n<li>\u200b<strong>Pr\u00f3ximos passos:<\/strong> H\u00e1 uma expectativa sobre quem herdar\u00e1 a relatoria definitiva. Caso Jorge Messias, atual advogado-geral da Uni\u00e3o e torcedor declarado do Sport, seja aprovado para a Suprema Corte na vaga em aberto, o processo poder\u00e1 passar para suas m\u00e3os.<\/li>\n<\/ul>\n\n\n\n<h3 class=\"wp-block-heading\">\u200bRea\u00e7\u00e3o do Sport<\/h3>\n\n\n\n<p class=\"wp-block-paragraph\">\u200bO Sport Club do Recife reagiu prontamente ao parecer. Em nota oficial divulgada nesta quinta-feira (19), o clube pernambucano afirmou acompanhar o caso com &#8220;tranquilidade&#8221; e reiterou sua confian\u00e7a nas decis\u00f5es judiciais j\u00e1 consolidadas ao longo de 30 anos, que o apontam como \u00fanico e leg\u00edtimo campe\u00e3o de 1987. O clube classificou a tentativa de rediscuss\u00e3o como algo que &#8220;contraria a l\u00f3gica&#8221; desportiva e jur\u00eddica.<\/p>\n\n\n\n<p class=\"wp-block-paragraph\">\u200bAt\u00e9 o momento, n\u00e3o h\u00e1 uma data oficial para que o plen\u00e1rio do STF julgue o m\u00e9rito desta a\u00e7\u00e3o rescis\u00f3ria, mas o posicionamento da PGR coloca o tema novamente no topo da pauta esportiva e jur\u00eddica do pa\u00eds.<\/p>\n","protected":false},"excerpt":{"rendered":"<p>\u200bBRAS\u00cdLIA \u2013 A disputa jur\u00eddica que j\u00e1 dura quase quatro d\u00e9cadas sobre o desfecho do Campeonato Brasileiro de 1987 ganhou um novo e importante cap\u00edtulo [&#8230;]<\/p>\n","protected":false},"author":1,"featured_media":4248,"comment_status":"open","ping_status":"open","sticky":false,"template":"","format":"standard","meta":{"_crdt_document":"","_jetpack_memberships_contains_paid_content":false,"footnotes":"","jetpack_publicize_message":"","jetpack_publicize_feature_enabled":true,"jetpack_social_post_already_shared":true,"jetpack_social_options":{"image_generator_settings":{"template":"highway","default_image_id":0,"font":"","enabled":false},"version":2}},"categories":[12],"tags":[],"class_list":["post-4247","post","type-post","status-publish","format-standard","has-post-thumbnail","hentry","category-esporte"],"jetpack_publicize_connections":[],"jetpack_featured_media_url":"https:\/\/i0.wp.com\/oexpressobr.com.br\/wp-content\/uploads\/2026\/02\/bola_gramado.webp?fit=1170%2C700&ssl=1","jetpack_likes_enabled":true,"jetpack_sharing_enabled":true,"_links":{"self":[{"href":"https:\/\/oexpressobr.com.br\/index.php?rest_route=\/wp\/v2\/posts\/4247","targetHints":{"allow":["GET"]}}],"collection":[{"href":"https:\/\/oexpressobr.com.br\/index.php?rest_route=\/wp\/v2\/posts"}],"about":[{"href":"https:\/\/oexpressobr.com.br\/index.php?rest_route=\/wp\/v2\/types\/post"}],"author":[{"embeddable":true,"href":"https:\/\/oexpressobr.com.br\/index.php?rest_route=\/wp\/v2\/users\/1"}],"replies":[{"embeddable":true,"href":"https:\/\/oexpressobr.com.br\/index.php?rest_route=%2Fwp%2Fv2%2Fcomments&post=4247"}],"version-history":[{"count":1,"href":"https:\/\/oexpressobr.com.br\/index.php?rest_route=\/wp\/v2\/posts\/4247\/revisions"}],"predecessor-version":[{"id":4249,"href":"https:\/\/oexpressobr.com.br\/index.php?rest_route=\/wp\/v2\/posts\/4247\/revisions\/4249"}],"wp:featuredmedia":[{"embeddable":true,"href":"https:\/\/oexpressobr.com.br\/index.php?rest_route=\/wp\/v2\/media\/4248"}],"wp:attachment":[{"href":"https:\/\/oexpressobr.com.br\/index.php?rest_route=%2Fwp%2Fv2%2Fmedia&parent=4247"}],"wp:term":[{"taxonomy":"category","embeddable":true,"href":"https:\/\/oexpressobr.com.br\/index.php?rest_route=%2Fwp%2Fv2%2Fcategories&post=4247"},{"taxonomy":"post_tag","embeddable":true,"href":"https:\/\/oexpressobr.com.br\/index.php?rest_route=%2Fwp%2Fv2%2Ftags&post=4247"}],"curies":[{"name":"wp","href":"https:\/\/api.w.org\/{rel}","templated":true}]}}