{"id":4250,"date":"2026-02-20T04:30:20","date_gmt":"2026-02-20T07:30:20","guid":{"rendered":"https:\/\/oexpressobr.com.br\/?p=4250"},"modified":"2026-02-20T04:30:22","modified_gmt":"2026-02-20T07:30:22","slug":"ratinho-jr-e-stf-protagonizam-embate-sobre-lei-do-escola-sem-partido-no-parana","status":"publish","type":"post","link":"https:\/\/oexpressobr.com.br\/?p=4250","title":{"rendered":"RATINHO JR. e STF protagonizam embate sobre lei do Escola Sem Partido no Paran\u00e1"},"content":{"rendered":"\n<p class=\"wp-block-paragraph\"><strong>BRAS\u00cdLIA<\/strong> \u2013 Em uma decis\u00e3o que imp\u00f5e uma derrota pol\u00edtica direta \u00e0 agenda conservadora do governador Ratinho Jr. (PSD), o Supremo Tribunal Federal (STF) formou maioria nesta quinta-feira (19 de fevereiro de 2026) para declarar a inconstitucionalidade da lei que institu\u00eda o programa &#8220;Escola Sem Partido&#8221; em munic\u00edpios do Paran\u00e1. A decis\u00e3o, tomada por unanimidade no plen\u00e1rio, reafirma o entendimento da Corte de que estados e munic\u00edpios n\u00e3o possuem compet\u00eancia legislativa para restringir a liberdade de c\u00e1tedra e o pluralismo de ideias no ambiente escolar.<\/p>\n\n\n\n<p class=\"wp-block-paragraph\">\u200bO julgamento teve como relator o ministro Luiz Fux, que em seu voto destacou que a tentativa de impor uma &#8220;neutralidade ideol\u00f3gica&#8221; for\u00e7ada fere as diretrizes e bases da educa\u00e7\u00e3o nacional, cuja compet\u00eancia de legislar pertence privativamente \u00e0 Uni\u00e3o. &#8220;A escola deve ser um espa\u00e7o de debate e forma\u00e7\u00e3o do pensamento cr\u00edtico, n\u00e3o de censura pr\u00e9via aos educadores&#8221;, afirmou Fux durante a sess\u00e3o.<\/p>\n\n\n\n<p class=\"wp-block-paragraph\">\u200b<strong>Impacto pol\u00edtico e as &#8220;Escolas Sem Partido&#8221;<\/strong><\/p>\n\n\n\n<p class=\"wp-block-paragraph\">A medida atinge diretamente a base de apoio de Ratinho Jr., que tem na pauta educacional um de seus principais pilares de gest\u00e3o. Embora o governador defenda que os projetos visam impedir a &#8220;doutrina\u00e7\u00e3o pol\u00edtica&#8221;, o STF acompanhou o parecer da Procuradoria-Geral da Rep\u00fablica (PGR), que alertou para o risco de persegui\u00e7\u00e3o a professores. A ministra C\u00e1rmen L\u00facia refor\u00e7ou que leis desse tipo criam um &#8220;clima de medo&#8221; nas salas de aula, fragilizando o papel do docente.<\/p>\n\n\n\n<p class=\"wp-block-paragraph\">\u200b<strong>Outros reveses no horizonte<\/strong><\/p>\n\n\n\n<p class=\"wp-block-paragraph\">Al\u00e9m da queda do Escola Sem Partido, a gest\u00e3o paranaense enfrenta outros desafios jur\u00eddicos no Supremo. Atualmente, o governo do Paran\u00e1 est\u00e1 sob a lupa da Corte devido ao programa &#8220;Parceiro da Escola&#8221;, que permite a privatiza\u00e7\u00e3o da gest\u00e3o administrativa de mais de 200 escolas estaduais. O ministro Nunes Marques j\u00e1 solicitou esclarecimentos ao Pal\u00e1cio Igua\u00e7u sobre a constitucionalidade dessa transfer\u00eancia de gest\u00e3o para a iniciativa privada, ap\u00f3s a\u00e7\u00f5es movidas por partidos de oposi\u00e7\u00e3o.<\/p>\n\n\n\n<p class=\"wp-block-paragraph\">\u200b<strong>O que diz o governo<\/strong><\/p>\n\n\n\n<p class=\"wp-block-paragraph\">At\u00e9 o momento, o governo do Paran\u00e1 e lideran\u00e7as governistas na Assembleia Legislativa do Paran\u00e1 (Alep) mant\u00eam o discurso de que as propostas respeitam a vontade das comunidades escolares e buscam a moderniza\u00e7\u00e3o do ensino. No entanto, com a jurisprud\u00eancia consolidada nesta semana, projetos similares em tramita\u00e7\u00e3o no estado devem ser paralisados ou enfrentar novos bloqueios judiciais imediatos.<\/p>\n\n\n\n<p class=\"wp-block-paragraph\">\u200bA decis\u00e3o do STF \u00e9 vista como um marco que delimita as fronteiras entre a autonomia estadual e os princ\u00edpios fundamentais da educa\u00e7\u00e3o brasileira, sinalizando que interven\u00e7\u00f5es de car\u00e1ter ideol\u00f3gico na grade curricular n\u00e3o encontrar\u00e3o respaldo na Constitui\u00e7\u00e3o de 1988.<\/p>\n","protected":false},"excerpt":{"rendered":"<p>BRAS\u00cdLIA \u2013 Em uma decis\u00e3o que imp\u00f5e uma derrota pol\u00edtica direta \u00e0 agenda conservadora do governador Ratinho Jr. (PSD), o Supremo Tribunal Federal (STF) formou [&#8230;]<\/p>\n","protected":false},"author":1,"featured_media":4251,"comment_status":"open","ping_status":"open","sticky":false,"template":"","format":"standard","meta":{"_crdt_document":"","_jetpack_memberships_contains_paid_content":false,"footnotes":"","jetpack_publicize_message":"","jetpack_publicize_feature_enabled":true,"jetpack_social_post_already_shared":true,"jetpack_social_options":{"image_generator_settings":{"template":"highway","default_image_id":0,"font":"","enabled":false},"version":2}},"categories":[8],"tags":[],"class_list":["post-4250","post","type-post","status-publish","format-standard","has-post-thumbnail","hentry","category-judiciario"],"jetpack_publicize_connections":[],"jetpack_featured_media_url":"https:\/\/i0.wp.com\/oexpressobr.com.br\/wp-content\/uploads\/2026\/02\/pzzb0246.jpg?fit=1170%2C700&ssl=1","jetpack_likes_enabled":true,"jetpack_sharing_enabled":true,"_links":{"self":[{"href":"https:\/\/oexpressobr.com.br\/index.php?rest_route=\/wp\/v2\/posts\/4250","targetHints":{"allow":["GET"]}}],"collection":[{"href":"https:\/\/oexpressobr.com.br\/index.php?rest_route=\/wp\/v2\/posts"}],"about":[{"href":"https:\/\/oexpressobr.com.br\/index.php?rest_route=\/wp\/v2\/types\/post"}],"author":[{"embeddable":true,"href":"https:\/\/oexpressobr.com.br\/index.php?rest_route=\/wp\/v2\/users\/1"}],"replies":[{"embeddable":true,"href":"https:\/\/oexpressobr.com.br\/index.php?rest_route=%2Fwp%2Fv2%2Fcomments&post=4250"}],"version-history":[{"count":1,"href":"https:\/\/oexpressobr.com.br\/index.php?rest_route=\/wp\/v2\/posts\/4250\/revisions"}],"predecessor-version":[{"id":4252,"href":"https:\/\/oexpressobr.com.br\/index.php?rest_route=\/wp\/v2\/posts\/4250\/revisions\/4252"}],"wp:featuredmedia":[{"embeddable":true,"href":"https:\/\/oexpressobr.com.br\/index.php?rest_route=\/wp\/v2\/media\/4251"}],"wp:attachment":[{"href":"https:\/\/oexpressobr.com.br\/index.php?rest_route=%2Fwp%2Fv2%2Fmedia&parent=4250"}],"wp:term":[{"taxonomy":"category","embeddable":true,"href":"https:\/\/oexpressobr.com.br\/index.php?rest_route=%2Fwp%2Fv2%2Fcategories&post=4250"},{"taxonomy":"post_tag","embeddable":true,"href":"https:\/\/oexpressobr.com.br\/index.php?rest_route=%2Fwp%2Fv2%2Ftags&post=4250"}],"curies":[{"name":"wp","href":"https:\/\/api.w.org\/{rel}","templated":true}]}}