{"id":4255,"date":"2026-02-20T04:39:45","date_gmt":"2026-02-20T07:39:45","guid":{"rendered":"https:\/\/oexpressobr.com.br\/?p=4255"},"modified":"2026-02-20T04:39:46","modified_gmt":"2026-02-20T07:39:46","slug":"lenda-do-tenis-exalta-joao-fonseca-e-retorna-ao-brasil-para-coroar-novo-campeao","status":"publish","type":"post","link":"https:\/\/oexpressobr.com.br\/?p=4255","title":{"rendered":"Lenda do t\u00eanis exalta Jo\u00e3o Fonseca e retorna ao Brasil para coroar novo campe\u00e3o"},"content":{"rendered":"\n<p class=\"wp-block-paragraph\">\u200bO cen\u00e1rio do t\u00eanis mundial volta seus olhos para o Rio de Janeiro esta semana, mas a grande estrela n\u00e3o estar\u00e1 empunhando uma raquete, e sim o trof\u00e9u de campe\u00e3o. Andre Agassi, ex-n\u00famero 1 do mundo e dono de oito t\u00edtulos de Grand Slam, desembarca no Brasil para uma participa\u00e7\u00e3o hist\u00f3rica na 12\u00aa edi\u00e7\u00e3o do Rio Open. Aos 55 anos, o americano ser\u00e1 o respons\u00e1vel por entregar a ta\u00e7a ao vencedor no pr\u00f3ximo domingo, dia 22 de fevereiro, no Jockey Club Brasileiro.<\/p>\n\n\n\n<p class=\"wp-block-paragraph\">\u200bO retorno tem um sabor de nostalgia e fechamento de ciclo. Foi em solo brasileiro, em Itaparica (1987), que um Agassi ainda adolescente conquistou seu primeiro t\u00edtulo profissional. Agora, d\u00e9cadas depois de sua fama de &#8220;rebelde&#8221; e de uma carreira que redefiniu o esporte, ele retorna como embaixador de uma nova era.<\/p>\n\n\n\n<h3 class=\"wp-block-heading\">\u200bO &#8220;fator&#8221; Jo\u00e3o Fonseca<\/h3>\n\n\n\n<p class=\"wp-block-paragraph\">\u200bEm entrevista exclusiva \u00e0 VEJA, Agassi n\u00e3o poupou elogios \u00e0 maior promessa do t\u00eanis brasileiro atual, Jo\u00e3o Fonseca. O americano, que foi capit\u00e3o do &#8220;Time Mundo&#8221; na Laver Cup \u2014 onde teve a oportunidade de acompanhar o jovem brasileiro de perto \u2014, afirmou que Fonseca possui &#8220;todos os ingredientes&#8221; para se tornar um grande campe\u00e3o de Grand Slam.<\/p>\n\n\n\n<p class=\"wp-block-paragraph\">\u200b&#8221;Acredito que ele pode ser um grande campe\u00e3o e estou ansioso para acompanhar seu progresso&#8221;, disse Agassi, destacando a pot\u00eancia e o talento t\u00e9cnico do brasileiro de 18 anos, que entrou no Rio Open 2026 como um dos principais cabe\u00e7as de chave (n\u00famero 4 do torneio). O desejo da organiza\u00e7\u00e3o e do p\u00fablico \u00e9 um roteiro de cinema: que Agassi entregue o trof\u00e9u justamente para as m\u00e3os de Fonseca no domingo.<\/p>\n\n\n\n<h3 class=\"wp-block-heading\">\u200bEvolu\u00e7\u00e3o do esporte e o peso da fama<\/h3>\n\n\n\n<p class=\"wp-block-paragraph\">\u200bSobre o t\u00eanis atual, dominado por nomes como Carlos Alcaraz e Jannik Sinner, Agassi observa uma evolu\u00e7\u00e3o f\u00edsica e tecnol\u00f3gica sem precedentes. Para ele, o esporte est\u00e1 em um momento &#8220;muito saud\u00e1vel&#8221;, com atletas que maximizam suas habilidades de forma que, na sua \u00e9poca, era impens\u00e1vel.<\/p>\n\n\n\n<p class=\"wp-block-paragraph\">\u200bQuestionado sobre sua antiga postura rebelde, que marcou os anos 90 com roupas coloridas e cabelos longos, o americano refletiu com maturidade. Ele admitiu que usava o visual como uma forma de express\u00e3o em um esporte tradicionalista, mas confessou sentir &#8220;al\u00edvio&#8221; por n\u00e3o ter jogado na era das redes sociais. &#8220;Sinto muita empatia pelos jogadores de hoje. Lidar com a exposi\u00e7\u00e3o atual exige um preparo emocional imenso&#8221;, comentou.<\/p>\n\n\n\n<h3 class=\"wp-block-heading\">\u200bAl\u00e9m das quadras<\/h3>\n\n\n\n<p class=\"wp-block-paragraph\">\u200bA presen\u00e7a de Agassi no Rio tamb\u00e9m refor\u00e7a o car\u00e1ter social e econ\u00f4mico do evento. O Rio Open 2026 projeta um impacto de R$ 200 milh\u00f5es na economia carioca e mant\u00e9m seu compromisso com a sustentabilidade (selo Carbono Neutro) e inclus\u00e3o atrav\u00e9s do programa <em>Rio Open Ace<\/em>.<\/p>\n\n\n\n<p class=\"wp-block-paragraph\">\u200bPara os f\u00e3s, a imagem de Agassi no saibro carioca \u00e9 um lembrete vivo de que o t\u00eanis \u00e9 feito de legados. Seja como o carrasco (e depois amigo) de Gustavo Kuerten, ou como o mentor que agora apadrinha talentos como Jo\u00e3o Fonseca, Andre Agassi prova que sua conex\u00e3o com o Brasil permanece t\u00e3o forte quanto o seu inconfund\u00edvel <em>backhand<\/em>.<\/p>\n","protected":false},"excerpt":{"rendered":"<p>\u200bO cen\u00e1rio do t\u00eanis mundial volta seus olhos para o Rio de Janeiro esta semana, mas a grande estrela n\u00e3o estar\u00e1 empunhando uma raquete, e [&#8230;]<\/p>\n","protected":false},"author":1,"featured_media":4256,"comment_status":"open","ping_status":"open","sticky":false,"template":"","format":"standard","meta":{"_crdt_document":"","_jetpack_memberships_contains_paid_content":false,"footnotes":"","jetpack_publicize_message":"","jetpack_publicize_feature_enabled":true,"jetpack_social_post_already_shared":true,"jetpack_social_options":{"image_generator_settings":{"template":"highway","default_image_id":0,"font":"","enabled":false},"version":2}},"categories":[12],"tags":[],"class_list":["post-4255","post","type-post","status-publish","format-standard","has-post-thumbnail","hentry","category-esporte"],"jetpack_publicize_connections":[],"jetpack_featured_media_url":"https:\/\/i0.wp.com\/oexpressobr.com.br\/wp-content\/uploads\/2026\/02\/IMG-20260220-WA0012.jpg?fit=800%2C1000&ssl=1","jetpack_likes_enabled":true,"jetpack_sharing_enabled":true,"_links":{"self":[{"href":"https:\/\/oexpressobr.com.br\/index.php?rest_route=\/wp\/v2\/posts\/4255","targetHints":{"allow":["GET"]}}],"collection":[{"href":"https:\/\/oexpressobr.com.br\/index.php?rest_route=\/wp\/v2\/posts"}],"about":[{"href":"https:\/\/oexpressobr.com.br\/index.php?rest_route=\/wp\/v2\/types\/post"}],"author":[{"embeddable":true,"href":"https:\/\/oexpressobr.com.br\/index.php?rest_route=\/wp\/v2\/users\/1"}],"replies":[{"embeddable":true,"href":"https:\/\/oexpressobr.com.br\/index.php?rest_route=%2Fwp%2Fv2%2Fcomments&post=4255"}],"version-history":[{"count":1,"href":"https:\/\/oexpressobr.com.br\/index.php?rest_route=\/wp\/v2\/posts\/4255\/revisions"}],"predecessor-version":[{"id":4257,"href":"https:\/\/oexpressobr.com.br\/index.php?rest_route=\/wp\/v2\/posts\/4255\/revisions\/4257"}],"wp:featuredmedia":[{"embeddable":true,"href":"https:\/\/oexpressobr.com.br\/index.php?rest_route=\/wp\/v2\/media\/4256"}],"wp:attachment":[{"href":"https:\/\/oexpressobr.com.br\/index.php?rest_route=%2Fwp%2Fv2%2Fmedia&parent=4255"}],"wp:term":[{"taxonomy":"category","embeddable":true,"href":"https:\/\/oexpressobr.com.br\/index.php?rest_route=%2Fwp%2Fv2%2Fcategories&post=4255"},{"taxonomy":"post_tag","embeddable":true,"href":"https:\/\/oexpressobr.com.br\/index.php?rest_route=%2Fwp%2Fv2%2Ftags&post=4255"}],"curies":[{"name":"wp","href":"https:\/\/api.w.org\/{rel}","templated":true}]}}