{"id":4258,"date":"2026-02-20T04:51:20","date_gmt":"2026-02-20T07:51:20","guid":{"rendered":"https:\/\/oexpressobr.com.br\/?p=4258"},"modified":"2026-02-20T04:51:21","modified_gmt":"2026-02-20T07:51:21","slug":"conselho-da-paz-de-trump-se-reune-pela-1a-vez-para-tracar-o-futuro-de-gaza","status":"publish","type":"post","link":"https:\/\/oexpressobr.com.br\/?p=4258","title":{"rendered":"Conselho da Paz de Trump se re\u00fane pela 1\u00aa vez para tra\u00e7ar o futuro de Gaza"},"content":{"rendered":"\n<p class=\"wp-block-paragraph\"><strong>WASHINGTON<\/strong> \u2013 Em um movimento que busca consolidar sua influ\u00eancia na geopol\u00edtica do Oriente M\u00e9dio, o presidente Donald Trump presidiu, nesta quinta-feira (19 de fevereiro de 2026), a reuni\u00e3o inaugural do seu rec\u00e9m-criado &#8220;Conselho da Paz&#8221;. O encontro, realizado no Instituto da Paz dos Estados Unidos \u2014 agora renomeado para <em>Donald J. Trump U.S. Institute of Peace<\/em> \u2014, reuniu delega\u00e7\u00f5es de cerca de 40 pa\u00edses e marcou o in\u00edcio da fase de reconstru\u00e7\u00e3o e governan\u00e7a da Faixa de Gaza.<\/p>\n\n\n\n<p class=\"wp-block-paragraph\">\u200bA iniciativa \u00e9 o pilar central do plano de 20 pontos apresentado por Trump em setembro de 2025. Ap\u00f3s dois anos de conflito devastador entre Israel e o Hamas, o presidente americano declarou que a guerra &#8220;acabou&#8221;, embora tenha reconhecido a exist\u00eancia de &#8220;pequenas chamas&#8221; de resist\u00eancia. O objetivo do Conselho \u00e9 supervisionar a transi\u00e7\u00e3o de Gaza para um territ\u00f3rio desmilitarizado e gerenciar um fundo multibilion\u00e1rio para sua reconstru\u00e7\u00e3o.<\/p>\n\n\n\n<h3 class=\"wp-block-heading\">\u200bPrincipais pontos e an\u00fancios do encontro:<\/h3>\n\n\n\n<ul class=\"wp-block-list\">\n<li>\u200b<strong>Financiamento Bilion\u00e1rio:<\/strong> Trump anunciou que nove membros do conselho j\u00e1 prometeram cerca de US$ 7 bilh\u00f5es para um fundo de ajuda humanit\u00e1ria e infraestrutura. Os Estados Unidos, por sua vez, empenharam US$ 10 bilh\u00f5es adicionais para apoiar as opera\u00e7\u00f5es do Conselho.<\/li>\n\n\n\n<li>\u200b<strong>For\u00e7a de Estabiliza\u00e7\u00e3o:<\/strong> Foi confirmada a cria\u00e7\u00e3o da For\u00e7a de Estabiliza\u00e7\u00e3o Internacional (ISF), liderada pelo Major-General Jasper Jeffers. O contingente previsto \u00e9 de 12 mil policiais e 20 mil soldados de diversas na\u00e7\u00f5es para garantir a seguran\u00e7a no enclave.<\/li>\n\n\n\n<li>\u200b<strong>Desarmamento como Condi\u00e7\u00e3o:<\/strong> Presente no evento, o primeiro-ministro israelense, Benjamin Netanyahu, reiterou que a reconstru\u00e7\u00e3o f\u00edsica de Gaza est\u00e1 estritamente condicionada ao desarmamento total do Hamas. &#8220;N\u00e3o haver\u00e1 reconstru\u00e7\u00e3o sem desmilitariza\u00e7\u00e3o&#8221;, afirmou o l\u00edder israelense.<\/li>\n\n\n\n<li>\u200b<strong>Participantes e Aus\u00eancias:<\/strong> Entre os aliados presentes estavam o primeiro-ministro da Hungria, Viktor Orb\u00e1n, e o presidente da Argentina, Javier Milei. No entanto, a aus\u00eancia do Vaticano e o ceticismo de grandes pot\u00eancias europeias geraram debates. O Papa Le\u00e3o XIV recusou o convite, defendendo que a ONU deve continuar sendo o foro principal para crises globais.<\/li>\n\n\n\n<li>\u200b<strong>Custo de Admiss\u00e3o:<\/strong> Em um detalhe que gerou controv\u00e9rsia diplom\u00e1tica, Trump estabeleceu que, embora a ades\u00e3o tempor\u00e1ria seja gratuita, pa\u00edses que desejarem um assento permanente no Conselho devem contribuir com US$ 1 bilh\u00e3o em dinheiro no primeiro ano.<\/li>\n<\/ul>\n\n\n\n<h3 class=\"wp-block-heading\">\u200bO papel do Brasil<\/h3>\n\n\n\n<p class=\"wp-block-paragraph\">\u200bO governo brasileiro, convidado a integrar o grupo, ainda n\u00e3o deu uma resposta oficial. O presidente Lula expressou preocupa\u00e7\u00f5es de que o Conselho possa atuar como uma &#8220;ONU paralela&#8221; e sugeriu, em conversas pr\u00e9vias, que o escopo do organismo se limite estritamente \u00e0 Faixa de Gaza, evitando uma expans\u00e3o de mandato para outros conflitos globais, como Trump sinalizou pretender.<\/p>\n\n\n\n<h3 class=\"wp-block-heading\">\u200bCen\u00e1rio em Gaza<\/h3>\n\n\n\n<p class=\"wp-block-paragraph\">\u200bEnquanto a diplomacia avan\u00e7a em Washington, o clima no terreno permanece tenso. Dados recentes do Minist\u00e9rio da Sa\u00fade local indicam que mais de 72 mil pessoas morreram desde o in\u00edcio do conflito em 2023. Apesar do cessar-fogo mediado em outubro de 2025, viola\u00e7\u00f5es pontuais continuam a ocorrer, e a entrega de ajuda humanit\u00e1ria \u2014 agora fixada em uma meta de 600 caminh\u00f5es por dia \u2014 \u00e9 vista como o teste imediato para a efic\u00e1cia do plano de Trump.<\/p>\n\n\n\n<p class=\"wp-block-paragraph\">\u200bO Secret\u00e1rio de Estado, Marco Rubio, refor\u00e7ou a urg\u00eancia da iniciativa: &#8220;N\u00e3o existe um &#8216;plano B&#8217; para Gaza. O plano B seria o retorno \u00e0 guerra, e ningu\u00e9m aqui quer isso&#8221;.<\/p>\n","protected":false},"excerpt":{"rendered":"<p>WASHINGTON \u2013 Em um movimento que busca consolidar sua influ\u00eancia na geopol\u00edtica do Oriente M\u00e9dio, o presidente Donald Trump presidiu, nesta quinta-feira (19 de fevereiro [&#8230;]<\/p>\n","protected":false},"author":1,"featured_media":4259,"comment_status":"open","ping_status":"open","sticky":false,"template":"","format":"standard","meta":{"_crdt_document":"","_jetpack_memberships_contains_paid_content":false,"footnotes":"","jetpack_publicize_message":"","jetpack_publicize_feature_enabled":true,"jetpack_social_post_already_shared":true,"jetpack_social_options":{"image_generator_settings":{"template":"highway","default_image_id":0,"font":"","enabled":false},"version":2}},"categories":[15],"tags":[],"class_list":["post-4258","post","type-post","status-publish","format-standard","has-post-thumbnail","hentry","category-internacional"],"jetpack_publicize_connections":[],"jetpack_featured_media_url":"https:\/\/i0.wp.com\/oexpressobr.com.br\/wp-content\/uploads\/2026\/02\/4aba8920-f546-11f0-a422-4ba8a094a8fa.jpg-1.webp?fit=800%2C450&ssl=1","jetpack_likes_enabled":true,"jetpack_sharing_enabled":true,"_links":{"self":[{"href":"https:\/\/oexpressobr.com.br\/index.php?rest_route=\/wp\/v2\/posts\/4258","targetHints":{"allow":["GET"]}}],"collection":[{"href":"https:\/\/oexpressobr.com.br\/index.php?rest_route=\/wp\/v2\/posts"}],"about":[{"href":"https:\/\/oexpressobr.com.br\/index.php?rest_route=\/wp\/v2\/types\/post"}],"author":[{"embeddable":true,"href":"https:\/\/oexpressobr.com.br\/index.php?rest_route=\/wp\/v2\/users\/1"}],"replies":[{"embeddable":true,"href":"https:\/\/oexpressobr.com.br\/index.php?rest_route=%2Fwp%2Fv2%2Fcomments&post=4258"}],"version-history":[{"count":1,"href":"https:\/\/oexpressobr.com.br\/index.php?rest_route=\/wp\/v2\/posts\/4258\/revisions"}],"predecessor-version":[{"id":4260,"href":"https:\/\/oexpressobr.com.br\/index.php?rest_route=\/wp\/v2\/posts\/4258\/revisions\/4260"}],"wp:featuredmedia":[{"embeddable":true,"href":"https:\/\/oexpressobr.com.br\/index.php?rest_route=\/wp\/v2\/media\/4259"}],"wp:attachment":[{"href":"https:\/\/oexpressobr.com.br\/index.php?rest_route=%2Fwp%2Fv2%2Fmedia&parent=4258"}],"wp:term":[{"taxonomy":"category","embeddable":true,"href":"https:\/\/oexpressobr.com.br\/index.php?rest_route=%2Fwp%2Fv2%2Fcategories&post=4258"},{"taxonomy":"post_tag","embeddable":true,"href":"https:\/\/oexpressobr.com.br\/index.php?rest_route=%2Fwp%2Fv2%2Ftags&post=4258"}],"curies":[{"name":"wp","href":"https:\/\/api.w.org\/{rel}","templated":true}]}}