{"id":4269,"date":"2026-02-20T09:47:11","date_gmt":"2026-02-20T12:47:11","guid":{"rendered":"https:\/\/oexpressobr.com.br\/?p=4269"},"modified":"2026-02-20T09:47:13","modified_gmt":"2026-02-20T12:47:13","slug":"reforma-de-milei-avanca-na-camara-em-meio-a-greve-geral-e-tensao-nas-ruas-da-argentina","status":"publish","type":"post","link":"https:\/\/oexpressobr.com.br\/?p=4269","title":{"rendered":"Reforma de Milei avan\u00e7a na C\u00e2mara em meio a greve geral e tens\u00e3o nas ruas da Argentina"},"content":{"rendered":"\n<p class=\"wp-block-paragraph\"><strong>BUENOS AIRES<\/strong> \u2013 Em uma sess\u00e3o marcada por forte polariza\u00e7\u00e3o e protestos intensos, a C\u00e2mara dos Deputados da Argentina deu um passo decisivo na madrugada desta sexta-feira, 20 de fevereiro de 2026, ao aprovar o texto-base da pol\u00eamica reforma trabalhista do presidente Javier Milei. O projeto, que j\u00e1 havia passado pelo Senado na semana anterior, retorna agora \u00e0 C\u00e2mara Alta para a ratifica\u00e7\u00e3o de modifica\u00e7\u00f5es pontuais feitas pelos deputados antes de seguir para a san\u00e7\u00e3o presidencial.<\/p>\n\n\n\n<p class=\"wp-block-paragraph\">\u200bA aprova\u00e7\u00e3o ocorreu poucas horas ap\u00f3s uma greve geral nacional que paralisou setores estrat\u00e9gicos como transportes, portos e bancos. A paralisa\u00e7\u00e3o, convocada pela Confedera\u00e7\u00e3o Geral do Trabalho (CGT), foi a quarta grande mobiliza\u00e7\u00e3o sindical contra o governo ultraliberal em pouco mais de um ano de mandato.<\/p>\n\n\n\n<h3 class=\"wp-block-heading\">\u200bOs pilares da &#8220;moderniza\u00e7\u00e3o&#8221; de Milei<\/h3>\n\n\n\n<p class=\"wp-block-paragraph\">\u200bO governo defende que as medidas s\u00e3o essenciais para reduzir a informalidade \u2014 que atinge cerca de 40% dos trabalhadores argentinos \u2014 e atrair investimentos. Entre os pontos centrais que avan\u00e7aram no Congresso, destacam-se:<\/p>\n\n\n\n<ul class=\"wp-block-list\">\n<li>\u200b<strong>Jornada de 12 horas e Banco de Horas:<\/strong> O projeto permite a flexibiliza\u00e7\u00e3o da jornada di\u00e1ria para at\u00e9 12 horas, desde que respeitados os per\u00edodos de descanso semanal. A cria\u00e7\u00e3o de um &#8220;banco de horas&#8221; visa permitir que empresas compensem horas extras com folgas, em vez de pagamento adicional imediato.<\/li>\n\n\n\n<li>\u200b<strong>Per\u00edodo de experi\u00eancia ampliado:<\/strong> O prazo de experi\u00eancia, que era de tr\u00eas meses, foi estendido para seis meses de forma geral. Em empresas menores (at\u00e9 100 funcion\u00e1rios), o per\u00edodo pode chegar a oito meses, e em microempresas, at\u00e9 um ano, per\u00edodo no qual a demiss\u00e3o n\u00e3o gera direito a indeniza\u00e7\u00e3o.<\/li>\n\n\n\n<li>\u200b<strong>Fundo de Assist\u00eancia Laboral (FAL):<\/strong> Inspirado no modelo brasileiro ou no fundo de constru\u00e7\u00e3o argentino, o projeto permite que empresas substituam o sistema tradicional de indeniza\u00e7\u00e3o por um fundo de rescis\u00e3o financiado por contribui\u00e7\u00f5es mensais, reduzindo o custo de demiss\u00e3o para o empregador.<\/li>\n\n\n\n<li>\u200b<strong>Limita\u00e7\u00e3o do direito de greve:<\/strong> A reforma classifica servi\u00e7os como educa\u00e7\u00e3o e transporte como &#8220;essenciais&#8221;, exigindo a manuten\u00e7\u00e3o de 75% da atividade durante paralisa\u00e7\u00f5es, o que na pr\u00e1tica esvazia o poder de press\u00e3o dos sindicatos.<\/li>\n<\/ul>\n\n\n\n<h3 class=\"wp-block-heading\">\u200bO recuo estrat\u00e9gico nos sal\u00e1rios<\/h3>\n\n\n\n<p class=\"wp-block-paragraph\">\u200bDiferente das propostas iniciais mais radicais, os deputados optaram por manter a exclus\u00e3o de cl\u00e1usulas que permitiam cortes diretos de at\u00e9 50% nos sal\u00e1rios nominais. A press\u00e3o da oposi\u00e7\u00e3o peronista e de setores moderados garantiu que o n\u00facleo da remunera\u00e7\u00e3o fosse preservado, embora sindicatos alertem que a cria\u00e7\u00e3o de &#8220;sal\u00e1rios din\u00e2micos&#8221; vinculados apenas \u00e0 produtividade pode achatar a renda m\u00e9dia.<\/p>\n\n\n\n<h3 class=\"wp-block-heading\">\u200bRea\u00e7\u00f5es e o cen\u00e1rio econ\u00f4mico<\/h3>\n\n\n\n<p class=\"wp-block-paragraph\">\u200bEnquanto o porta-voz da presid\u00eancia, Manuel Adorni, classificou a greve geral como &#8220;extorsiva&#8221; e um &#8220;ataque \u00e0 liberdade de quem quer trabalhar&#8221;, as ruas de Buenos Aires registraram confrontos entre manifestantes e a pol\u00edcia.<\/p>\n\n\n\n<p class=\"wp-block-paragraph\">\u200bO clima de instabilidade social coincide com sinais contradit\u00f3rios na economia: enquanto setores extrativistas como minera\u00e7\u00e3o e energia mostram f\u00f4lego, a ind\u00fastria manufatureira e o varejo enfrentam profunda recess\u00e3o. O fechamento recente da Fate, maior f\u00e1brica de pneus do pa\u00eds, com a demiss\u00e3o de 900 funcion\u00e1rios, tornou-se o s\u00edmbolo da crise para os cr\u00edticos da abertura econ\u00f4mica de Milei.<\/p>\n\n\n\n<p class=\"wp-block-paragraph\">\u200bO texto agora retorna ao Senado para uma vota\u00e7\u00e3o final sobre as emendas, mas o governo j\u00e1 celebra o resultado como uma vit\u00f3ria pol\u00edtica que sinaliza ao mercado internacional a capacidade de Milei de implementar sua agenda de livre mercado, apesar da resist\u00eancia sindical.<\/p>\n","protected":false},"excerpt":{"rendered":"<p>BUENOS AIRES \u2013 Em uma sess\u00e3o marcada por forte polariza\u00e7\u00e3o e protestos intensos, a C\u00e2mara dos Deputados da Argentina deu um passo decisivo na madrugada [&#8230;]<\/p>\n","protected":false},"author":1,"featured_media":4270,"comment_status":"open","ping_status":"open","sticky":false,"template":"","format":"standard","meta":{"_crdt_document":"","_jetpack_memberships_contains_paid_content":false,"footnotes":"","jetpack_publicize_message":"","jetpack_publicize_feature_enabled":true,"jetpack_social_post_already_shared":true,"jetpack_social_options":{"image_generator_settings":{"template":"highway","default_image_id":0,"font":"","enabled":false},"version":2}},"categories":[15],"tags":[],"class_list":["post-4269","post","type-post","status-publish","format-standard","has-post-thumbnail","hentry","category-internacional"],"jetpack_publicize_connections":[],"jetpack_featured_media_url":"https:\/\/i0.wp.com\/oexpressobr.com.br\/wp-content\/uploads\/2026\/02\/IMG-20260220-WA0114.jpg?fit=750%2C500&ssl=1","jetpack_likes_enabled":true,"jetpack_sharing_enabled":true,"_links":{"self":[{"href":"https:\/\/oexpressobr.com.br\/index.php?rest_route=\/wp\/v2\/posts\/4269","targetHints":{"allow":["GET"]}}],"collection":[{"href":"https:\/\/oexpressobr.com.br\/index.php?rest_route=\/wp\/v2\/posts"}],"about":[{"href":"https:\/\/oexpressobr.com.br\/index.php?rest_route=\/wp\/v2\/types\/post"}],"author":[{"embeddable":true,"href":"https:\/\/oexpressobr.com.br\/index.php?rest_route=\/wp\/v2\/users\/1"}],"replies":[{"embeddable":true,"href":"https:\/\/oexpressobr.com.br\/index.php?rest_route=%2Fwp%2Fv2%2Fcomments&post=4269"}],"version-history":[{"count":1,"href":"https:\/\/oexpressobr.com.br\/index.php?rest_route=\/wp\/v2\/posts\/4269\/revisions"}],"predecessor-version":[{"id":4271,"href":"https:\/\/oexpressobr.com.br\/index.php?rest_route=\/wp\/v2\/posts\/4269\/revisions\/4271"}],"wp:featuredmedia":[{"embeddable":true,"href":"https:\/\/oexpressobr.com.br\/index.php?rest_route=\/wp\/v2\/media\/4270"}],"wp:attachment":[{"href":"https:\/\/oexpressobr.com.br\/index.php?rest_route=%2Fwp%2Fv2%2Fmedia&parent=4269"}],"wp:term":[{"taxonomy":"category","embeddable":true,"href":"https:\/\/oexpressobr.com.br\/index.php?rest_route=%2Fwp%2Fv2%2Fcategories&post=4269"},{"taxonomy":"post_tag","embeddable":true,"href":"https:\/\/oexpressobr.com.br\/index.php?rest_route=%2Fwp%2Fv2%2Ftags&post=4269"}],"curies":[{"name":"wp","href":"https:\/\/api.w.org\/{rel}","templated":true}]}}