{"id":4272,"date":"2026-02-20T09:53:07","date_gmt":"2026-02-20T12:53:07","guid":{"rendered":"https:\/\/oexpressobr.com.br\/?p=4272"},"modified":"2026-02-20T09:53:09","modified_gmt":"2026-02-20T12:53:09","slug":"estados-e-comsefaz-enfrentam-pior-cenario-fiscal-em-uma-decada-com-explosao-de-gastos-e-receitas-estagnadas","status":"publish","type":"post","link":"https:\/\/oexpressobr.com.br\/?p=4272","title":{"rendered":"ESTADOS E Comsefaz enfrentam pior cen\u00e1rio fiscal em uma d\u00e9cada com explos\u00e3o de gastos e receitas estagnadas"},"content":{"rendered":"\n<p class=\"wp-block-paragraph\"><strong>BRAS\u00cdLIA<\/strong> \u2013 O cen\u00e1rio das contas p\u00fablicas estaduais no Brasil atingiu o sinal vermelho em 2025, registrando o pior desempenho fiscal desde 2014. De acordo com dados recentes do Comit\u00ea Nacional de Secret\u00e1rios de Fazenda (Comsefaz), a combina\u00e7\u00e3o entre o crescimento acelerado das despesas e a estagna\u00e7\u00e3o na arrecada\u00e7\u00e3o do ICMS \u2014 principal motor financeiro das unidades federativas \u2014 criou um descompasso que amea\u00e7a a capacidade de investimento para os pr\u00f3ximos anos.<\/p>\n\n\n\n<h3 class=\"wp-block-heading\">\u200bO abismo entre gastos e arrecada\u00e7\u00e3o<\/h3>\n\n\n\n<p class=\"wp-block-paragraph\">\u200bPelo quarto ano consecutivo, a situa\u00e7\u00e3o fiscal dos estados apresentou deteriora\u00e7\u00e3o. Enquanto as despesas obrigat\u00f3rias, impulsionadas por reajustes salariais e custos previdenci\u00e1rios, mant\u00eam uma trajet\u00f3ria ascendente, as receitas n\u00e3o acompanham o mesmo ritmo. O enfraquecimento da atividade econ\u00f4mica global e nacional em 2024 e 2025 impactou diretamente o consumo, reduzindo o volume de impostos recolhidos.<\/p>\n\n\n\n<p class=\"wp-block-paragraph\">\u200bSegundo o \u00faltimo boletim do Comsefaz, o crescimento do PIB em 2024 (fechado em 3,4%) e as proje\u00e7\u00f5es mais modestas para 2025 n\u00e3o foram suficientes para equilibrar o caixa. &#8220;Vemos um crescimento menor de arrecada\u00e7\u00e3o e restri\u00e7\u00f5es fiscais cada vez mais rigorosas&#8221;, alerta o comit\u00ea, destacando que o cen\u00e1rio exige uma gest\u00e3o de recursos extremamente eficiente para evitar o colapso de servi\u00e7os essenciais.<\/p>\n\n\n\n<h3 class=\"wp-block-heading\">\u200bRenegocia\u00e7\u00e3o de d\u00edvidas: o f\u00f4lego necess\u00e1rio para 2025<\/h3>\n\n\n\n<p class=\"wp-block-paragraph\">\u200bPara evitar uma paralisia completa, o Congresso Nacional consolidou o <strong>Programa de Pleno Pagamento de D\u00edvidas dos Estados (Propag)<\/strong>. Em uma vit\u00f3ria pol\u00edtica recente para os governadores, parlamentares derrubaram vetos presidenciais, permitindo que os estados utilizem ativos (como participa\u00e7\u00f5es em empresas p\u00fablicas e receb\u00edveis) e recursos do Fundo Nacional de Desenvolvimento Regional (FNDR) para abater o saldo devedor com a Uni\u00e3o.<\/p>\n\n\n\n<p class=\"wp-block-paragraph\">\u200bEssa renegocia\u00e7\u00e3o, somada ao aumento das receitas provenientes de aplica\u00e7\u00f5es financeiras (beneficiadas pela manuten\u00e7\u00e3o de taxas de juros elevadas), abriu uma &#8220;janela de oportunidade&#8221; que permitiu a manuten\u00e7\u00e3o de certos gastos em 2025. No entanto, especialistas alertam que esse f\u00f4lego \u00e9 tempor\u00e1rio e n\u00e3o resolve o problema estrutural de longo prazo.<\/p>\n\n\n\n<h3 class=\"wp-block-heading\">\u200bDesafios no horizonte: Reforma Tribut\u00e1ria e transi\u00e7\u00e3o<\/h3>\n\n\n\n<p class=\"wp-block-paragraph\">\u200bO futuro das finan\u00e7as estaduais agora est\u00e1 atrelado \u00e0 implementa\u00e7\u00e3o da Reforma Tribut\u00e1ria. Em 2026, inicia-se a fase de testes do IBS (Imposto sobre Bens e Servi\u00e7os), que substituir\u00e1 gradualmente o ICMS at\u00e9 2033.<\/p>\n\n\n\n<ul class=\"wp-block-list\">\n<li>\u200b<strong>Vantagem:<\/strong> A simplifica\u00e7\u00e3o e o combate \u00e0 sonega\u00e7\u00e3o atrav\u00e9s do sistema de <em>split payment<\/em>.<\/li>\n\n\n\n<li>\u200b<strong>Risco:<\/strong> A incerteza sobre a divis\u00e3o do bolo tribut\u00e1rio. Estimativas apontam que estados como Rio de Janeiro e Rio Grande do Sul podem ter incrementos na arrecada\u00e7\u00e3o, enquanto estados com forte perfil produtor, como Mato Grosso e Minas Gerais, enfrentam o desafio de compensar perdas significativas durante a transi\u00e7\u00e3o para o modelo de cobran\u00e7a no destino.<\/li>\n<\/ul>\n\n\n\n<p class=\"wp-block-paragraph\">\u200bCom a taxa de desocupa\u00e7\u00e3o em m\u00ednimas hist\u00f3ricas (5,45%) e a massa salarial em crescimento, h\u00e1 uma esperan\u00e7a de que o consumo interno ajude na recupera\u00e7\u00e3o da receita, mas a vigil\u00e2ncia sobre os gastos p\u00fablicos continuar\u00e1 sendo a prioridade n\u00famero um dos secret\u00e1rios de Fazenda em 2026.<\/p>\n","protected":false},"excerpt":{"rendered":"<p>BRAS\u00cdLIA \u2013 O cen\u00e1rio das contas p\u00fablicas estaduais no Brasil atingiu o sinal vermelho em 2025, registrando o pior desempenho fiscal desde 2014. De acordo [&#8230;]<\/p>\n","protected":false},"author":1,"featured_media":4273,"comment_status":"open","ping_status":"open","sticky":false,"template":"","format":"standard","meta":{"_crdt_document":"","_jetpack_memberships_contains_paid_content":false,"footnotes":"","jetpack_publicize_message":"","jetpack_publicize_feature_enabled":true,"jetpack_social_post_already_shared":true,"jetpack_social_options":{"image_generator_settings":{"template":"highway","default_image_id":0,"font":"","enabled":false},"version":2}},"categories":[10],"tags":[],"class_list":["post-4272","post","type-post","status-publish","format-standard","has-post-thumbnail","hentry","category-economia"],"jetpack_publicize_connections":[],"jetpack_featured_media_url":"https:\/\/i0.wp.com\/oexpressobr.com.br\/wp-content\/uploads\/2026\/02\/17345348106762e69a3a985_1734534810_3x2_xl.jpg?fit=1200%2C800&ssl=1","jetpack_likes_enabled":true,"jetpack_sharing_enabled":true,"_links":{"self":[{"href":"https:\/\/oexpressobr.com.br\/index.php?rest_route=\/wp\/v2\/posts\/4272","targetHints":{"allow":["GET"]}}],"collection":[{"href":"https:\/\/oexpressobr.com.br\/index.php?rest_route=\/wp\/v2\/posts"}],"about":[{"href":"https:\/\/oexpressobr.com.br\/index.php?rest_route=\/wp\/v2\/types\/post"}],"author":[{"embeddable":true,"href":"https:\/\/oexpressobr.com.br\/index.php?rest_route=\/wp\/v2\/users\/1"}],"replies":[{"embeddable":true,"href":"https:\/\/oexpressobr.com.br\/index.php?rest_route=%2Fwp%2Fv2%2Fcomments&post=4272"}],"version-history":[{"count":1,"href":"https:\/\/oexpressobr.com.br\/index.php?rest_route=\/wp\/v2\/posts\/4272\/revisions"}],"predecessor-version":[{"id":4274,"href":"https:\/\/oexpressobr.com.br\/index.php?rest_route=\/wp\/v2\/posts\/4272\/revisions\/4274"}],"wp:featuredmedia":[{"embeddable":true,"href":"https:\/\/oexpressobr.com.br\/index.php?rest_route=\/wp\/v2\/media\/4273"}],"wp:attachment":[{"href":"https:\/\/oexpressobr.com.br\/index.php?rest_route=%2Fwp%2Fv2%2Fmedia&parent=4272"}],"wp:term":[{"taxonomy":"category","embeddable":true,"href":"https:\/\/oexpressobr.com.br\/index.php?rest_route=%2Fwp%2Fv2%2Fcategories&post=4272"},{"taxonomy":"post_tag","embeddable":true,"href":"https:\/\/oexpressobr.com.br\/index.php?rest_route=%2Fwp%2Fv2%2Ftags&post=4272"}],"curies":[{"name":"wp","href":"https:\/\/api.w.org\/{rel}","templated":true}]}}