{"id":4275,"date":"2026-02-20T10:01:14","date_gmt":"2026-02-20T13:01:14","guid":{"rendered":"https:\/\/oexpressobr.com.br\/?p=4275"},"modified":"2026-02-20T10:01:16","modified_gmt":"2026-02-20T13:01:16","slug":"prisao-de-brasileiro-lubasa-desarticula-rede-global-de-abuso-na-dark-web","status":"publish","type":"post","link":"https:\/\/oexpressobr.com.br\/?p=4275","title":{"rendered":"PRIS\u00c3O de brasileiro Lubasa desarticula rede global de abuso na dark web"},"content":{"rendered":"\n<p class=\"wp-block-paragraph\">\u200bA Pol\u00edcia Federal (PF), em uma a\u00e7\u00e3o coordenada com for\u00e7as de seguran\u00e7a internacionais, alcan\u00e7ou um marco hist\u00f3rico no combate ao crime cibern\u00e9tico. A investiga\u00e7\u00e3o, que culminou na pris\u00e3o de um brasileiro conhecido no submundo digital pelo pseud\u00f4nimo &#8220;Lubasa&#8221;, revelou a exist\u00eancia de uma das maiores infraestruturas de abuso sexual infantil j\u00e1 registradas na dark web. O suspeito administrava cinco f\u00f3runs que, juntos, somavam quase 2 milh\u00f5es de usu\u00e1rios ao redor do mundo.<\/p>\n\n\n\n<p class=\"wp-block-paragraph\">\u200bO impacto da captura de Lubasa, ocorrida originalmente em 2019 mas com desdobramentos que ecoam at\u00e9 2026, foi comparado por investigadores a uma &#8220;bomba at\u00f4mica&#8221; no ecossistema criminoso. Segundo a delegada da PF Rafaella Parca, a import\u00e2ncia do alvo residia na sua posi\u00e7\u00e3o hier\u00e1rquica: ele n\u00e3o era apenas um usu\u00e1rio, mas o arquiteto e o suporte t\u00e9cnico que permitia que milhares de outros criminosos compartilhassem conte\u00fados e incentivassem novos abusos.<\/p>\n\n\n\n<h3 class=\"wp-block-heading\">\u200bDesdobramentos recentes e novas pris\u00f5es<\/h3>\n\n\n\n<p class=\"wp-block-paragraph\">\u200bA partir dos dados extra\u00eddos dos servidores de Lubasa, a Pol\u00edcia Federal e ag\u00eancias como o FBI e a Europol iniciaram um &#8220;efeito domin\u00f3&#8221; que segue ativo. Em janeiro de 2026, a PF deflagrou novas fases de opera\u00e7\u00f5es contra integrantes da mesma organiza\u00e7\u00e3o em S\u00e3o Paulo e no Rio de Janeiro. Recentemente, em outubro de 2025, a Opera\u00e7\u00e3o Miopia prendeu outro l\u00edder do grupo no bairro de Botafogo, evidenciando que a rede, embora ferida pela pris\u00e3o de Lubasa, ainda exige monitoramento constante.<\/p>\n\n\n\n<p class=\"wp-block-paragraph\">\u200bAl\u00e9m disso, as per\u00edcias nos dispositivos apreendidos permitiram o resgate de crian\u00e7as em situa\u00e7\u00f5es cr\u00edticas. Em um dos casos mais emblem\u00e1ticos ligados \u00e0 rede, a coopera\u00e7\u00e3o internacional permitiu localizar e salvar um menino sequestrado na R\u00fassia, cujo agressor fazia parte dos f\u00f3runs administrados pelo brasileiro.<\/p>\n\n\n\n<h3 class=\"wp-block-heading\">\u200bO &#8220;\u00cddolo&#8221; da rede oculta<\/h3>\n\n\n\n<p class=\"wp-block-paragraph\">\u200bLubasa era tratado como uma figura de autoridade t\u00e9cnica e moral dentro das comunidades de abusadores. Sua pris\u00e3o foi mantida sob sigilo estrat\u00e9gico por meses para permitir que policiais de outros pa\u00edses pudessem identificar moderadores e produtores de conte\u00fado antes que a rede fosse derrubada definitivamente.<\/p>\n\n\n\n<p class=\"wp-block-paragraph\">\u200bEspecialistas em crimes cibern\u00e9ticos alertam que a complexidade desses f\u00f3runs exige uma vigil\u00e2ncia ininterrupta. As penas para os envolvidos t\u00eam sido rigorosas: em casos recentes vinculados a investiga\u00e7\u00f5es similares, a Justi\u00e7a Federal brasileira chegou a aplicar senten\u00e7as que ultrapassam os 400 anos de pris\u00e3o para produtores de conte\u00fado, refletindo a gravidade m\u00e1xima desses crimes perante o Judici\u00e1rio.<\/p>\n","protected":false},"excerpt":{"rendered":"<p>\u200bA Pol\u00edcia Federal (PF), em uma a\u00e7\u00e3o coordenada com for\u00e7as de seguran\u00e7a internacionais, alcan\u00e7ou um marco hist\u00f3rico no combate ao crime cibern\u00e9tico. A investiga\u00e7\u00e3o, que [&#8230;]<\/p>\n","protected":false},"author":1,"featured_media":4276,"comment_status":"open","ping_status":"open","sticky":false,"template":"","format":"standard","meta":{"_crdt_document":"","_jetpack_memberships_contains_paid_content":false,"footnotes":"","jetpack_publicize_message":"","jetpack_publicize_feature_enabled":true,"jetpack_social_post_already_shared":true,"jetpack_social_options":{"image_generator_settings":{"template":"highway","default_image_id":0,"font":"","enabled":false},"version":2}},"categories":[9],"tags":[],"class_list":["post-4275","post","type-post","status-publish","format-standard","has-post-thumbnail","hentry","category-policia"],"jetpack_publicize_connections":[],"jetpack_featured_media_url":"https:\/\/i0.wp.com\/oexpressobr.com.br\/wp-content\/uploads\/2026\/02\/IMG-20260220-WA0116.jpg?fit=1080%2C1080&ssl=1","jetpack_likes_enabled":true,"jetpack_sharing_enabled":true,"_links":{"self":[{"href":"https:\/\/oexpressobr.com.br\/index.php?rest_route=\/wp\/v2\/posts\/4275","targetHints":{"allow":["GET"]}}],"collection":[{"href":"https:\/\/oexpressobr.com.br\/index.php?rest_route=\/wp\/v2\/posts"}],"about":[{"href":"https:\/\/oexpressobr.com.br\/index.php?rest_route=\/wp\/v2\/types\/post"}],"author":[{"embeddable":true,"href":"https:\/\/oexpressobr.com.br\/index.php?rest_route=\/wp\/v2\/users\/1"}],"replies":[{"embeddable":true,"href":"https:\/\/oexpressobr.com.br\/index.php?rest_route=%2Fwp%2Fv2%2Fcomments&post=4275"}],"version-history":[{"count":1,"href":"https:\/\/oexpressobr.com.br\/index.php?rest_route=\/wp\/v2\/posts\/4275\/revisions"}],"predecessor-version":[{"id":4277,"href":"https:\/\/oexpressobr.com.br\/index.php?rest_route=\/wp\/v2\/posts\/4275\/revisions\/4277"}],"wp:featuredmedia":[{"embeddable":true,"href":"https:\/\/oexpressobr.com.br\/index.php?rest_route=\/wp\/v2\/media\/4276"}],"wp:attachment":[{"href":"https:\/\/oexpressobr.com.br\/index.php?rest_route=%2Fwp%2Fv2%2Fmedia&parent=4275"}],"wp:term":[{"taxonomy":"category","embeddable":true,"href":"https:\/\/oexpressobr.com.br\/index.php?rest_route=%2Fwp%2Fv2%2Fcategories&post=4275"},{"taxonomy":"post_tag","embeddable":true,"href":"https:\/\/oexpressobr.com.br\/index.php?rest_route=%2Fwp%2Fv2%2Ftags&post=4275"}],"curies":[{"name":"wp","href":"https:\/\/api.w.org\/{rel}","templated":true}]}}