{"id":4278,"date":"2026-02-20T10:08:56","date_gmt":"2026-02-20T13:08:56","guid":{"rendered":"https:\/\/oexpressobr.com.br\/?p=4278"},"modified":"2026-02-20T10:08:57","modified_gmt":"2026-02-20T13:08:57","slug":"cnj-investiga-juiz-de-arroio-grande-por-afastamento-de-criancas-e-ignora-orientacoes-medicas","status":"publish","type":"post","link":"https:\/\/oexpressobr.com.br\/?p=4278","title":{"rendered":"CNJ INVESTIGA JUIZ de Arroio Grande por afastamento de crian\u00e7as e ignora orienta\u00e7\u00f5es m\u00e9dicas"},"content":{"rendered":"\n<p class=\"wp-block-paragraph\">O Corregedor Nacional de Justi\u00e7a, ministro Mauro Campbell Marques, determinou a abertura de um Pedido de Provid\u00eancias para que o magistrado preste esclarecimentos detalhados sobre as medidas de acolhimento institucional que ordenou. O alvo da investiga\u00e7\u00e3o \u00e9 a atua\u00e7\u00e3o do juiz na comarca de <strong>Arroio Grande (RS)<\/strong>.<\/p>\n\n\n\n<p class=\"wp-block-paragraph\">\u200bDe acordo com as informa\u00e7\u00f5es colhidas pela Corregedoria, as den\u00fancias apontam que a retirada dos menores teria ocorrido de forma traum\u00e1tica, em alguns casos ignorando laudos m\u00e9dicos espec\u00edficos. Um dos pontos mais cr\u00edticos do relat\u00f3rio indica que o magistrado teria desconsiderado contraindica\u00e7\u00f5es cl\u00ednicas para a vacina\u00e7\u00e3o de crian\u00e7as que j\u00e1 haviam apresentado rea\u00e7\u00f5es graves anteriormente, utilizando a recusa vacinal dos pais como justificativa para o afastamento.<\/p>\n\n\n\n<p class=\"wp-block-paragraph\">\u200b<strong>Principais pontos da investiga\u00e7\u00e3o:<\/strong><\/p>\n\n\n\n<ul class=\"wp-block-list\">\n<li>\u200b<strong>Volume de den\u00fancias:<\/strong> O n\u00famero at\u00edpico de 60 reclama\u00e7\u00f5es em um curto per\u00edodo acendeu o alerta do CNJ para uma poss\u00edvel pr\u00e1tica sistem\u00e1tica de decis\u00f5es desproporcionais.<\/li>\n\n\n\n<li>\u200b<strong>Viol\u00eancia Institucional:<\/strong> Relatos descrevem cenas em que as crian\u00e7as foram &#8220;arrancadas&#8221; de seus pais sem base legal s\u00f3lida, sendo levadas para abrigos sob condi\u00e7\u00f5es que os denunciantes consideram arbitr\u00e1rias.<\/li>\n\n\n\n<li>\u200b<strong>Prazos:<\/strong> O magistrado e a Corregedoria-Geral de Justi\u00e7a do Rio Grande do Sul t\u00eam o prazo de 15 dias para informar se j\u00e1 existem procedimentos administrativos locais instaurados para apurar os fatos.<\/li>\n<\/ul>\n\n\n\n<p class=\"wp-block-paragraph\">\u200b<strong>Contexto e Pr\u00f3ximos Passos<\/strong><\/p>\n\n\n\n<p class=\"wp-block-paragraph\">A decis\u00e3o do CNJ ocorre em um momento de vigil\u00e2ncia rigorosa sobre a Justi\u00e7a da Inf\u00e2ncia e Juventude. Recentemente, outros magistrados em diferentes estados tamb\u00e9m foram afastados por condutas consideradas de &#8220;viol\u00eancia institucional&#8221; ou desvio de finalidade em processos envolvendo menores.<\/p>\n\n\n\n<p class=\"wp-block-paragraph\">\u200bNo caso de Arroio Grande, a defesa das fam\u00edlias alega que o magistrado estaria agindo de forma ideol\u00f3gica, punindo pais que questionam protocolos espec\u00edficos, mesmo quando amparados por recomenda\u00e7\u00f5es de sa\u00fade. Por outro lado, o CNJ busca entender se as decis\u00f5es visavam, de fato, a prote\u00e7\u00e3o integral da crian\u00e7a ou se houve excesso de autoridade.<\/p>\n\n\n\n<p class=\"wp-block-paragraph\">\u200bA investiga\u00e7\u00e3o agora segue para a fase de coleta de depoimentos e an\u00e1lise dos processos sigilosos. Caso sejam comprovadas as irregularidades, o juiz poder\u00e1 enfrentar desde uma censura p\u00fablica at\u00e9 o afastamento definitivo de suas fun\u00e7\u00f5es.<\/p>\n","protected":false},"excerpt":{"rendered":"<p>O Corregedor Nacional de Justi\u00e7a, ministro Mauro Campbell Marques, determinou a abertura de um Pedido de Provid\u00eancias para que o magistrado preste esclarecimentos detalhados sobre [&#8230;]<\/p>\n","protected":false},"author":1,"featured_media":4279,"comment_status":"open","ping_status":"open","sticky":false,"template":"","format":"standard","meta":{"_crdt_document":"","_jetpack_memberships_contains_paid_content":false,"footnotes":"","jetpack_publicize_message":"","jetpack_publicize_feature_enabled":true,"jetpack_social_post_already_shared":true,"jetpack_social_options":{"image_generator_settings":{"template":"highway","default_image_id":0,"font":"","enabled":false},"version":2}},"categories":[8],"tags":[],"class_list":["post-4278","post","type-post","status-publish","format-standard","has-post-thumbnail","hentry","category-judiciario"],"jetpack_publicize_connections":[],"jetpack_featured_media_url":"https:\/\/i0.wp.com\/oexpressobr.com.br\/wp-content\/uploads\/2026\/02\/arroio-grande.jpg.webp?fit=1280%2C720&ssl=1","jetpack_likes_enabled":true,"jetpack_sharing_enabled":true,"_links":{"self":[{"href":"https:\/\/oexpressobr.com.br\/index.php?rest_route=\/wp\/v2\/posts\/4278","targetHints":{"allow":["GET"]}}],"collection":[{"href":"https:\/\/oexpressobr.com.br\/index.php?rest_route=\/wp\/v2\/posts"}],"about":[{"href":"https:\/\/oexpressobr.com.br\/index.php?rest_route=\/wp\/v2\/types\/post"}],"author":[{"embeddable":true,"href":"https:\/\/oexpressobr.com.br\/index.php?rest_route=\/wp\/v2\/users\/1"}],"replies":[{"embeddable":true,"href":"https:\/\/oexpressobr.com.br\/index.php?rest_route=%2Fwp%2Fv2%2Fcomments&post=4278"}],"version-history":[{"count":1,"href":"https:\/\/oexpressobr.com.br\/index.php?rest_route=\/wp\/v2\/posts\/4278\/revisions"}],"predecessor-version":[{"id":4280,"href":"https:\/\/oexpressobr.com.br\/index.php?rest_route=\/wp\/v2\/posts\/4278\/revisions\/4280"}],"wp:featuredmedia":[{"embeddable":true,"href":"https:\/\/oexpressobr.com.br\/index.php?rest_route=\/wp\/v2\/media\/4279"}],"wp:attachment":[{"href":"https:\/\/oexpressobr.com.br\/index.php?rest_route=%2Fwp%2Fv2%2Fmedia&parent=4278"}],"wp:term":[{"taxonomy":"category","embeddable":true,"href":"https:\/\/oexpressobr.com.br\/index.php?rest_route=%2Fwp%2Fv2%2Fcategories&post=4278"},{"taxonomy":"post_tag","embeddable":true,"href":"https:\/\/oexpressobr.com.br\/index.php?rest_route=%2Fwp%2Fv2%2Ftags&post=4278"}],"curies":[{"name":"wp","href":"https:\/\/api.w.org\/{rel}","templated":true}]}}