{"id":428,"date":"2025-12-08T16:54:17","date_gmt":"2025-12-08T19:54:17","guid":{"rendered":"https:\/\/oexpressobr.com.br\/?p=428"},"modified":"2025-12-08T16:54:18","modified_gmt":"2025-12-08T19:54:18","slug":"renan-filho-anuncia-novas-regras-da-cnh-com-curso-online-gratuito-e-reducao-drastica-de-aulas-praticas","status":"publish","type":"post","link":"https:\/\/oexpressobr.com.br\/?p=428","title":{"rendered":"Renan Filho Anuncia Novas Regras da CNH com Curso Online Gratuito e Redu\u00e7\u00e3o Dr\u00e1stica de Aulas Pr\u00e1ticas"},"content":{"rendered":"\n<p class=\"wp-block-paragraph\">O Ministro dos Transportes, Renan Filho, confirmou que as <strong>novas diretrizes para a obten\u00e7\u00e3o da Carteira Nacional de Habilita\u00e7\u00e3o (CNH)<\/strong> entrar\u00e3o em vigor ainda nesta semana. A proposta visa modernizar o processo, tornando-o mais acess\u00edvel e digital. A principal novidade \u00e9 a oferta de um <strong>curso te\u00f3rico totalmente gratuito e no formato digital<\/strong>.<\/p>\n\n\n\n<p class=\"wp-block-paragraph\">\u200bA medida mais controversa e impactante, no entanto, \u00e9 a <strong>redu\u00e7\u00e3o dr\u00e1stica da carga hor\u00e1ria m\u00ednima obrigat\u00f3ria<\/strong> para as aulas pr\u00e1ticas de dire\u00e7\u00e3o. Atualmente fixada em 20 horas\/aula, a exig\u00eancia passar\u00e1 a ser de <strong>apenas duas horas<\/strong>.<\/p>\n\n\n\n<h3 class=\"wp-block-heading\">\u200b Acesso Digital e Gratuito<\/h3>\n\n\n\n<p class=\"wp-block-paragraph\">\u200bO foco na gratuidade do curso te\u00f3rico e na modalidade online busca democratizar o acesso \u00e0 CNH, eliminando barreiras financeiras e geogr\u00e1ficas para o primeiro passo do processo de habilita\u00e7\u00e3o. A expectativa \u00e9 que essa mudan\u00e7a beneficie especialmente a popula\u00e7\u00e3o de baixa renda e residentes em locais com pouca oferta de Centros de Forma\u00e7\u00e3o de Condutores (CFCs).<\/p>\n\n\n\n<h3 class=\"wp-block-heading\">\u200b A Pol\u00eamica da Carga Hor\u00e1ria<\/h3>\n\n\n\n<p class=\"wp-block-paragraph\">\u200bA redu\u00e7\u00e3o de 20 para apenas duas horas de aulas pr\u00e1ticas tem gerado intenso debate entre especialistas em seguran\u00e7a no tr\u00e2nsito, instrutores e propriet\u00e1rios de autoescolas.<\/p>\n\n\n\n<ul class=\"wp-block-list\">\n<li>\u200b<strong>Argumento a favor:<\/strong> O governo defende que a nova regra permite que os candidatos, ap\u00f3s a obrigatoriedade m\u00ednima de duas horas, decidam quantas aulas adicionais s\u00e3o necess\u00e1rias para se sentirem seguros e prontos para o exame pr\u00e1tico, gerenciando melhor o custo total da habilita\u00e7\u00e3o.<\/li>\n\n\n\n<li>\u200b<strong>Cr\u00edticas:<\/strong> Os cr\u00edticos argumentam que a carga hor\u00e1ria de 20 horas \u00e9 o m\u00ednimo necess\u00e1rio para garantir a familiaridade b\u00e1sica com o ve\u00edculo e as regras de tr\u00e2nsito em situa\u00e7\u00f5es reais. A redu\u00e7\u00e3o pode levar a um aumento no n\u00famero de motoristas inexperientes nas ruas, elevando o risco de acidentes.<\/li>\n<\/ul>\n\n\n\n<h3 class=\"wp-block-heading\">\u200b Perspectivas e Pr\u00f3ximos Passos<\/h3>\n\n\n\n<p class=\"wp-block-paragraph\">\u200bO an\u00fancio de Renan Filho sinaliza a iminente publica\u00e7\u00e3o da resolu\u00e7\u00e3o que formalizar\u00e1 as mudan\u00e7as, que devem ser implementadas pelo Conselho Nacional de Tr\u00e2nsito (Contran). Embora o foco inicial esteja na redu\u00e7\u00e3o do custo e na desburocratiza\u00e7\u00e3o, a efetividade das novas regras na manuten\u00e7\u00e3o da seguran\u00e7a vi\u00e1ria ser\u00e1 o principal ponto de observa\u00e7\u00e3o nos pr\u00f3ximos meses.<\/p>\n\n\n\n<p class=\"wp-block-paragraph\">\u200bA popula\u00e7\u00e3o e os Centros de Forma\u00e7\u00e3o de Condutores (CFCs) aguardam a publica\u00e7\u00e3o oficial dos detalhes t\u00e9cnicos para se adaptarem \u00e0s novas exig\u00eancias, que prometem transformar o processo de tirar a CNH no pa\u00eds.<\/p>\n\n\n\n<p class=\"wp-block-paragraph\"><\/p>\n","protected":false},"excerpt":{"rendered":"<p>O Ministro dos Transportes, Renan Filho, confirmou que as novas diretrizes para a obten\u00e7\u00e3o da Carteira Nacional de Habilita\u00e7\u00e3o (CNH) entrar\u00e3o em vigor ainda nesta [&#8230;]<\/p>\n","protected":false},"author":1,"featured_media":429,"comment_status":"open","ping_status":"open","sticky":false,"template":"","format":"standard","meta":{"_crdt_document":"","_jetpack_memberships_contains_paid_content":false,"footnotes":"","jetpack_publicize_message":"","jetpack_publicize_feature_enabled":true,"jetpack_social_post_already_shared":false,"jetpack_social_options":{"image_generator_settings":{"template":"highway","default_image_id":0,"font":"","enabled":false},"version":2}},"categories":[10],"tags":[],"class_list":["post-428","post","type-post","status-publish","format-standard","has-post-thumbnail","hentry","category-economia"],"jetpack_publicize_connections":[],"jetpack_featured_media_url":"https:\/\/i0.wp.com\/oexpressobr.com.br\/wp-content\/uploads\/2025\/12\/IMG-20251208-WA0441.jpg?fit=900%2C506&ssl=1","jetpack_likes_enabled":true,"jetpack_sharing_enabled":true,"_links":{"self":[{"href":"https:\/\/oexpressobr.com.br\/index.php?rest_route=\/wp\/v2\/posts\/428","targetHints":{"allow":["GET"]}}],"collection":[{"href":"https:\/\/oexpressobr.com.br\/index.php?rest_route=\/wp\/v2\/posts"}],"about":[{"href":"https:\/\/oexpressobr.com.br\/index.php?rest_route=\/wp\/v2\/types\/post"}],"author":[{"embeddable":true,"href":"https:\/\/oexpressobr.com.br\/index.php?rest_route=\/wp\/v2\/users\/1"}],"replies":[{"embeddable":true,"href":"https:\/\/oexpressobr.com.br\/index.php?rest_route=%2Fwp%2Fv2%2Fcomments&post=428"}],"version-history":[{"count":0,"href":"https:\/\/oexpressobr.com.br\/index.php?rest_route=\/wp\/v2\/posts\/428\/revisions"}],"wp:featuredmedia":[{"embeddable":true,"href":"https:\/\/oexpressobr.com.br\/index.php?rest_route=\/wp\/v2\/media\/429"}],"wp:attachment":[{"href":"https:\/\/oexpressobr.com.br\/index.php?rest_route=%2Fwp%2Fv2%2Fmedia&parent=428"}],"wp:term":[{"taxonomy":"category","embeddable":true,"href":"https:\/\/oexpressobr.com.br\/index.php?rest_route=%2Fwp%2Fv2%2Fcategories&post=428"},{"taxonomy":"post_tag","embeddable":true,"href":"https:\/\/oexpressobr.com.br\/index.php?rest_route=%2Fwp%2Fv2%2Ftags&post=428"}],"curies":[{"name":"wp","href":"https:\/\/api.w.org\/{rel}","templated":true}]}}