{"id":4281,"date":"2026-02-20T10:19:32","date_gmt":"2026-02-20T13:19:32","guid":{"rendered":"https:\/\/oexpressobr.com.br\/?p=4281"},"modified":"2026-02-20T10:19:34","modified_gmt":"2026-02-20T13:19:34","slug":"policia-desarticula-nucleo-politico-do-comando-vermelho-no-amazonas-com-prisoes-de-servidores-e-acesso-aos-tres-poderes","status":"publish","type":"post","link":"https:\/\/oexpressobr.com.br\/?p=4281","title":{"rendered":"POL\u00cdCIA desarticula n\u00facleo pol\u00edtico do Comando Vermelho no Amazonas com pris\u00f5es de servidores e acesso aos Tr\u00eas Poderes"},"content":{"rendered":"\n<p class=\"wp-block-paragraph\">\u200bA Pol\u00edcia Federal e o Minist\u00e9rio P\u00fablico deflagraram, nesta sexta-feira (20 de fevereiro de 2026), uma opera\u00e7\u00e3o de larga escala para desmantelar o bra\u00e7o institucional da fac\u00e7\u00e3o criminosa <strong>Comando Vermelho (CV)<\/strong> no Amazonas. A investiga\u00e7\u00e3o revela um cen\u00e1rio alarmante: a organiza\u00e7\u00e3o criminosa n\u00e3o apenas operava o tr\u00e1fico de drogas, mas possu\u00eda um <strong>&#8220;n\u00facleo pol\u00edtico&#8221;<\/strong> infiltrado com acesso direto a estruturas dos poderes <strong>Executivo, Legislativo e Judici\u00e1rio<\/strong> no estado.<\/p>\n\n\n\n<h3 class=\"wp-block-heading\">\u200bDetalhes da ofensiva e pris\u00f5es<\/h3>\n\n\n\n<p class=\"wp-block-paragraph\">\u200bA opera\u00e7\u00e3o, que \u00e9 um desdobramento de investiga\u00e7\u00f5es sobre lavagem de dinheiro e corrup\u00e7\u00e3o, resultou na pris\u00e3o de figuras estrat\u00e9gicas. Entre os alvos confirmados hoje, destaca-se a <strong>pris\u00e3o de uma servidora da Prefeitura de Manaus<\/strong>, suspeita de atuar como ponte entre a fac\u00e7\u00e3o e a administra\u00e7\u00e3o p\u00fablica.<\/p>\n\n\n\n<p class=\"wp-block-paragraph\">\u200bAs autoridades apontam que esse grupo utilizava servidores p\u00fablicos e agentes pol\u00edticos para:<\/p>\n\n\n\n<ul class=\"wp-block-list\">\n<li>\u200b<strong>Obten\u00e7\u00e3o de informa\u00e7\u00f5es sigilosas:<\/strong> Vazamento de opera\u00e7\u00f5es policiais e dados de intelig\u00eancia.<\/li>\n\n\n\n<li>\u200b<strong>Blindagem jur\u00eddica:<\/strong> Tentativas de interfer\u00eancia em processos judiciais para beneficiar lideran\u00e7as presas.<\/li>\n\n\n\n<li>\u200b<strong>Oculta\u00e7\u00e3o de patrim\u00f4nio:<\/strong> Uso de empresas de fachada e acesso a \u00f3rg\u00e3os de licenciamento para lavar o dinheiro do tr\u00e1fico.<\/li>\n<\/ul>\n\n\n\n<h3 class=\"wp-block-heading\">\u200bO esquema de lavagem e conex\u00f5es internacionais<\/h3>\n\n\n\n<p class=\"wp-block-paragraph\">\u200bA investiga\u00e7\u00e3o atual conecta-se \u00e0 <strong>Opera\u00e7\u00e3o Xeque-Mate<\/strong>, que j\u00e1 havia identificado o bloqueio de mais de <strong>R$ 122 milh\u00f5es<\/strong> em bens da fac\u00e7\u00e3o. O grupo utilizava <em>fintechs<\/em> e criptoativos para enviar recursos ao exterior, especialmente para a <strong>Col\u00f4mbia<\/strong>, como pagamento a fornecedores de entorpecentes.<\/p>\n\n\n\n<blockquote class=\"wp-block-quote is-layout-flow wp-block-quote-is-layout-flow\">\n<p class=\"wp-block-paragraph\">\u200b&#8221;O grupo possu\u00eda um n\u00facleo pol\u00edtico com acesso a estruturas profundas do estado, o que garantia impunidade e uma log\u00edstica financeira sofisticada&#8221;, afirmou a autoridade policial em coletiva.<\/p>\n<\/blockquote>\n\n\n\n<h3 class=\"wp-block-heading\">\u200bPanorama da seguran\u00e7a no Amazonas<\/h3>\n\n\n\n<p class=\"wp-block-paragraph\">\u200bO avan\u00e7o do Comando Vermelho no Norte tem sido monitorado de perto. Estima-se que a fac\u00e7\u00e3o j\u00e1 controle as rotas de tr\u00e1fico em mais de <strong>130 munic\u00edpios<\/strong> da Amaz\u00f4nia Legal, utilizando a regi\u00e3o n\u00e3o apenas como corredor de exporta\u00e7\u00e3o, mas como reduto pol\u00edtico para lavagem de capitais.<\/p>\n\n\n\n<p class=\"wp-block-paragraph\">\u200bA opera\u00e7\u00e3o de hoje marca um passo crucial na tentativa do Estado de retomar a soberania sobre as institui\u00e7\u00f5es, que, segundo as provas colhidas, vinham sendo corro\u00eddas pela influ\u00eancia financeira do narcotr\u00e1fico.<\/p>\n","protected":false},"excerpt":{"rendered":"<p>\u200bA Pol\u00edcia Federal e o Minist\u00e9rio P\u00fablico deflagraram, nesta sexta-feira (20 de fevereiro de 2026), uma opera\u00e7\u00e3o de larga escala para desmantelar o bra\u00e7o institucional [&#8230;]<\/p>\n","protected":false},"author":1,"featured_media":4282,"comment_status":"open","ping_status":"open","sticky":false,"template":"","format":"standard","meta":{"_crdt_document":"","_jetpack_memberships_contains_paid_content":false,"footnotes":"","jetpack_publicize_message":"","jetpack_publicize_feature_enabled":true,"jetpack_social_post_already_shared":true,"jetpack_social_options":{"image_generator_settings":{"template":"highway","default_image_id":0,"font":"","enabled":false},"version":2}},"categories":[9],"tags":[],"class_list":["post-4281","post","type-post","status-publish","format-standard","has-post-thumbnail","hentry","category-policia"],"jetpack_publicize_connections":[],"jetpack_featured_media_url":"https:\/\/i0.wp.com\/oexpressobr.com.br\/wp-content\/uploads\/2026\/02\/IMG-20260220-WA0128.jpg?fit=846%2C499&ssl=1","jetpack_likes_enabled":true,"jetpack_sharing_enabled":true,"_links":{"self":[{"href":"https:\/\/oexpressobr.com.br\/index.php?rest_route=\/wp\/v2\/posts\/4281","targetHints":{"allow":["GET"]}}],"collection":[{"href":"https:\/\/oexpressobr.com.br\/index.php?rest_route=\/wp\/v2\/posts"}],"about":[{"href":"https:\/\/oexpressobr.com.br\/index.php?rest_route=\/wp\/v2\/types\/post"}],"author":[{"embeddable":true,"href":"https:\/\/oexpressobr.com.br\/index.php?rest_route=\/wp\/v2\/users\/1"}],"replies":[{"embeddable":true,"href":"https:\/\/oexpressobr.com.br\/index.php?rest_route=%2Fwp%2Fv2%2Fcomments&post=4281"}],"version-history":[{"count":1,"href":"https:\/\/oexpressobr.com.br\/index.php?rest_route=\/wp\/v2\/posts\/4281\/revisions"}],"predecessor-version":[{"id":4283,"href":"https:\/\/oexpressobr.com.br\/index.php?rest_route=\/wp\/v2\/posts\/4281\/revisions\/4283"}],"wp:featuredmedia":[{"embeddable":true,"href":"https:\/\/oexpressobr.com.br\/index.php?rest_route=\/wp\/v2\/media\/4282"}],"wp:attachment":[{"href":"https:\/\/oexpressobr.com.br\/index.php?rest_route=%2Fwp%2Fv2%2Fmedia&parent=4281"}],"wp:term":[{"taxonomy":"category","embeddable":true,"href":"https:\/\/oexpressobr.com.br\/index.php?rest_route=%2Fwp%2Fv2%2Fcategories&post=4281"},{"taxonomy":"post_tag","embeddable":true,"href":"https:\/\/oexpressobr.com.br\/index.php?rest_route=%2Fwp%2Fv2%2Ftags&post=4281"}],"curies":[{"name":"wp","href":"https:\/\/api.w.org\/{rel}","templated":true}]}}