{"id":4284,"date":"2026-02-20T10:25:29","date_gmt":"2026-02-20T13:25:29","guid":{"rendered":"https:\/\/oexpressobr.com.br\/?p=4284"},"modified":"2026-02-20T10:25:33","modified_gmt":"2026-02-20T13:25:33","slug":"lula-pede-plano-de-defesa-apos-captura-de-maduro-por-trump-e-militares-alertam-para-brechas-no-espaco-aereo-brasileiro","status":"publish","type":"post","link":"https:\/\/oexpressobr.com.br\/?p=4284","title":{"rendered":"LULA pede plano de defesa ap\u00f3s captura de Maduro por Trump, e militares alertam para brechas no espa\u00e7o a\u00e9reo brasileiro"},"content":{"rendered":"\n<ul class=\"wp-block-list\">\n<li>\u200b<strong>Presidente manifesta preocupa\u00e7\u00e3o com a facilidade da incurs\u00e3o dos EUA em Caracas e exige diagn\u00f3stico sobre a soberania nacional<\/strong><\/li>\n\n\n\n<li>\u200b<strong>Comando das For\u00e7as Armadas aponta obsolesc\u00eancia em sistemas antia\u00e9reos e sugere investimento de R$ 800 bilh\u00f5es para moderniza\u00e7\u00e3o<\/strong><\/li>\n<\/ul>\n\n\n\n<p class=\"wp-block-paragraph\">\u200b<strong>BRAS\u00cdLIA<\/strong> \u2013 A recente e surpreendente opera\u00e7\u00e3o militar dos Estados Unidos que resultou na captura de Nicol\u00e1s Maduro, no in\u00edcio de janeiro de 2026, provocou um abalo s\u00edsmico na estrat\u00e9gia de defesa do Pal\u00e1cio do Planalto. O presidente Luiz In\u00e1cio Lula da Silva convocou a c\u00fapula das For\u00e7as Armadas para uma s\u00e9rie de reuni\u00f5es de emerg\u00eancia, exigindo uma leitura detalhada de cen\u00e1rios e questionando a capacidade do Brasil de resistir a ofensivas externas semelhantes \u00e0s conduzidas pela administra\u00e7\u00e3o de Donald Trump no pa\u00eds vizinho.<\/p>\n\n\n\n<p class=\"wp-block-paragraph\">\u200bSegundo fontes militares e relat\u00f3rios de intelig\u00eancia, o foco de Lula mudou drasticamente: se em 2023 e 2024 a preocupa\u00e7\u00e3o era a dissuas\u00e3o regional devido \u00e0 crise de Essequibo, hoje o temor \u00e9 a &#8220;vulnerabilidade a\u00e9rea&#8221; diante de pot\u00eancias globais.<\/p>\n\n\n\n<h3 class=\"wp-block-heading\">\u200bO diagn\u00f3stico militar: Um c\u00e9u desprotegido<\/h3>\n\n\n\n<p class=\"wp-block-paragraph\">\u200bDurante as tratativas, os comandantes do Ex\u00e9rcito, Marinha e Aeron\u00e1utica entregaram um diagn\u00f3stico desconfort\u00e1vel. O Brasil, embora possua ca\u00e7as modernos como o F-39 Gripen, carece de uma rede integrada de <strong>defesa antia\u00e9rea de m\u00e9dia e longa altitude<\/strong>.<\/p>\n\n\n\n<ul class=\"wp-block-list\">\n<li>\u200b<strong>Equipamentos Obsoletos:<\/strong> Os militares destacaram que grande parte do treinamento atual ainda utiliza sistemas de m\u00edsseis defasados, incapazes de interceptar tecnologias furtivas (<em>stealth<\/em>) ou drones de \u00faltima gera\u00e7\u00e3o, como os vistos na incurs\u00e3o em Caracas.<\/li>\n\n\n\n<li>\u200b<strong>V\u00e1cuo de Soberania:<\/strong> O relat\u00f3rio indica que o pa\u00eds n\u00e3o possui &#8220;escudos&#8221; capazes de dissuadir uma interven\u00e7\u00e3o a\u00e9rea de grande porte, deixando infraestruturas cr\u00edticas \u2014 como refinarias e sedes administrativas \u2014 expostas.<\/li>\n\n\n\n<li>\u200b<strong>O &#8220;Plano dos R$ 800 Bilh\u00f5es&#8221;:<\/strong> Aproveitando o momento de tens\u00e3o, a Defesa apresentou a necessidade de um plano decenal de investimentos massivos para atualizar radares, adquirir baterias antia\u00e9reas e fortalecer a guerra cibern\u00e9tica.<\/li>\n<\/ul>\n\n\n\n<h3 class=\"wp-block-heading\">\u200bDa fronteira ao Planalto: Mudan\u00e7a de estrat\u00e9gia<\/h3>\n\n\n\n<p class=\"wp-block-paragraph\">\u200bA postura brasileira na fronteira com a Venezuela passou por uma metamorfose em poucos meses. O que antes era uma opera\u00e7\u00e3o de monitoramento para evitar que o ex\u00e9rcito venezuelano utilizasse o territ\u00f3rio brasileiro contra a Guiana, transformou-se em uma <strong>tratativa de seguran\u00e7a nacional<\/strong>.<\/p>\n\n\n\n<p class=\"wp-block-paragraph\">\u200bLula classificou a captura de Maduro como um &#8220;precedente perigoso&#8221; e um &#8220;sequestro&#8221; que ignora a soberania territorial. Em conversas reservadas, o presidente demonstrou indigna\u00e7\u00e3o com o fato de for\u00e7as estrangeiras terem operado t\u00e3o pr\u00f3ximas ao Brasil sem que houvesse uma resposta coordenada do continente.<\/p>\n\n\n\n<h3 class=\"wp-block-heading\">\u200bImpacto diplom\u00e1tico e futuro<\/h3>\n\n\n\n<p class=\"wp-block-paragraph\">\u200bEnquanto a vice-presidente venezuelana, Delcy Rodr\u00edguez, assume o comando interino em um cen\u00e1rio de incertezas e sob a sombra de Washington, o Brasil tenta equilibrar a ret\u00f3rica condenat\u00f3ria com a necessidade de manter canais abertos com Donald Trump. No entanto, internamente, a ordem \u00e9 clara: o Minist\u00e9rio da Defesa deve priorizar projetos que garantam o &#8220;m\u00ednimo de soberania militar&#8221; para evitar que o v\u00e1cuo de poder na regi\u00e3o se transforme em uma amea\u00e7a direta \u00e0s fronteiras brasileiras.<\/p>\n\n\n\n<blockquote class=\"wp-block-quote is-layout-flow wp-block-quote-is-layout-flow\">\n<p class=\"wp-block-paragraph\">\u200b<strong>Nota do Editor:<\/strong> O governo brasileiro reconheceu Delcy Rodr\u00edguez como presidente interina para manter a estabilidade diplom\u00e1tica, enquanto monitora o fluxo migrat\u00f3rio que voltou a crescer ap\u00f3s a opera\u00e7\u00e3o norte-americana.<\/p>\n<\/blockquote>\n","protected":false},"excerpt":{"rendered":"<p>\u200bBRAS\u00cdLIA \u2013 A recente e surpreendente opera\u00e7\u00e3o militar dos Estados Unidos que resultou na captura de Nicol\u00e1s Maduro, no in\u00edcio de janeiro de 2026, provocou [&#8230;]<\/p>\n","protected":false},"author":1,"featured_media":4285,"comment_status":"open","ping_status":"open","sticky":false,"template":"","format":"standard","meta":{"_crdt_document":"","_jetpack_memberships_contains_paid_content":false,"footnotes":"","jetpack_publicize_message":"","jetpack_publicize_feature_enabled":true,"jetpack_social_post_already_shared":true,"jetpack_social_options":{"image_generator_settings":{"template":"highway","default_image_id":0,"font":"","enabled":false},"version":2}},"categories":[3],"tags":[],"class_list":["post-4284","post","type-post","status-publish","format-standard","has-post-thumbnail","hentry","category-brasil"],"jetpack_publicize_connections":[],"jetpack_featured_media_url":"https:\/\/i0.wp.com\/oexpressobr.com.br\/wp-content\/uploads\/2026\/02\/176915219669731ec4df01e_1769152196_4x3_xl.jpg?fit=1200%2C900&ssl=1","jetpack_likes_enabled":true,"jetpack_sharing_enabled":true,"_links":{"self":[{"href":"https:\/\/oexpressobr.com.br\/index.php?rest_route=\/wp\/v2\/posts\/4284","targetHints":{"allow":["GET"]}}],"collection":[{"href":"https:\/\/oexpressobr.com.br\/index.php?rest_route=\/wp\/v2\/posts"}],"about":[{"href":"https:\/\/oexpressobr.com.br\/index.php?rest_route=\/wp\/v2\/types\/post"}],"author":[{"embeddable":true,"href":"https:\/\/oexpressobr.com.br\/index.php?rest_route=\/wp\/v2\/users\/1"}],"replies":[{"embeddable":true,"href":"https:\/\/oexpressobr.com.br\/index.php?rest_route=%2Fwp%2Fv2%2Fcomments&post=4284"}],"version-history":[{"count":1,"href":"https:\/\/oexpressobr.com.br\/index.php?rest_route=\/wp\/v2\/posts\/4284\/revisions"}],"predecessor-version":[{"id":4286,"href":"https:\/\/oexpressobr.com.br\/index.php?rest_route=\/wp\/v2\/posts\/4284\/revisions\/4286"}],"wp:featuredmedia":[{"embeddable":true,"href":"https:\/\/oexpressobr.com.br\/index.php?rest_route=\/wp\/v2\/media\/4285"}],"wp:attachment":[{"href":"https:\/\/oexpressobr.com.br\/index.php?rest_route=%2Fwp%2Fv2%2Fmedia&parent=4284"}],"wp:term":[{"taxonomy":"category","embeddable":true,"href":"https:\/\/oexpressobr.com.br\/index.php?rest_route=%2Fwp%2Fv2%2Fcategories&post=4284"},{"taxonomy":"post_tag","embeddable":true,"href":"https:\/\/oexpressobr.com.br\/index.php?rest_route=%2Fwp%2Fv2%2Ftags&post=4284"}],"curies":[{"name":"wp","href":"https:\/\/api.w.org\/{rel}","templated":true}]}}