{"id":4290,"date":"2026-02-20T10:37:16","date_gmt":"2026-02-20T13:37:16","guid":{"rendered":"https:\/\/oexpressobr.com.br\/?p=4290"},"modified":"2026-02-20T10:37:17","modified_gmt":"2026-02-20T13:37:17","slug":"governo-argentino-aprova-reforma-trabalhista-na-camara-e-texto-retorna-ao-senado-para-decisao-final","status":"publish","type":"post","link":"https:\/\/oexpressobr.com.br\/?p=4290","title":{"rendered":"Governo argentino aprova reforma trabalhista na C\u00e2mara e texto retorna ao Senado para decis\u00e3o final"},"content":{"rendered":"\n<p class=\"wp-block-paragraph\"><strong>BUENOS AIRES<\/strong> \u2013 Em uma sess\u00e3o marcada por intensos debates que se estenderam pela madrugada desta sexta-feira (20), o governo de Javier Milei conquistou uma vit\u00f3ria estrat\u00e9gica com a aprova\u00e7\u00e3o da reforma trabalhista na C\u00e2mara dos Deputados. O projeto, que sofreu modifica\u00e7\u00f5es pontuais em seu texto original, segue agora para uma nova e definitiva vota\u00e7\u00e3o no Senado, onde o Executivo busca consolidar as mudan\u00e7as estruturais na economia do pa\u00eds.<\/p>\n\n\n\n<h3 class=\"wp-block-heading\">\u200bFlexibiliza\u00e7\u00e3o e a jornada de 12 horas<\/h3>\n\n\n\n<p class=\"wp-block-paragraph\">\u200bO ponto central e mais controverso da proposta permanece intacto: a <strong>flexibiliza\u00e7\u00e3o da jornada di\u00e1ria<\/strong>. O novo regulamento permite que empresas e funcion\u00e1rios pactuem turnos de at\u00e9 <strong>12 horas de trabalho<\/strong>.<\/p>\n\n\n\n<p class=\"wp-block-paragraph\">\u200bEmbora o texto estipule que o limite m\u00e1ximo de <strong>48 horas semanais<\/strong> deva ser respeitado, a medida extingue a obrigatoriedade do pagamento de horas extras para quem exceder o padr\u00e3o tradicional de 8 horas di\u00e1rias, desde que o teto semanal n\u00e3o seja ultrapassado.<\/p>\n\n\n\n<h3 class=\"wp-block-heading\">\u200bO que mudou e o que vem a seguir<\/h3>\n\n\n\n<p class=\"wp-block-paragraph\">\u200bAs altera\u00e7\u00f5es feitas pelos deputados focaram principalmente em:<\/p>\n\n\n\n<ul class=\"wp-block-list\">\n<li>\u200b<strong>Per\u00edodo de experi\u00eancia:<\/strong> Ajustes nos prazos para contrata\u00e7\u00e3o tempor\u00e1ria.<\/li>\n\n\n\n<li>\u200b<strong>Multas por informalidade:<\/strong> Revis\u00e3o de san\u00e7\u00f5es para empresas que regularizarem funcion\u00e1rios retroativamente.<\/li>\n\n\n\n<li>\u200b<strong>Fundo de cessa\u00e7\u00e3o:<\/strong> A cria\u00e7\u00e3o de um modelo inspirado no FGTS brasileiro, permitindo que a indeniza\u00e7\u00e3o por demiss\u00e3o seja substitu\u00edda por um fundo de capitaliza\u00e7\u00e3o.<\/li>\n<\/ul>\n\n\n\n<p class=\"wp-block-paragraph\">\u200bO retorno ao Senado \u00e9 visto como o &#8220;\u00faltimo obst\u00e1culo&#8221;. Analistas pol\u00edticos indicam que o governo precisar\u00e1 manter a base aliada coesa para evitar que as modifica\u00e7\u00f5es feitas na C\u00e2mara sofram novos retrocessos na c\u00e2mara alta.<\/p>\n\n\n\n<h3 class=\"wp-block-heading\">\u200bImpacto Social e Rea\u00e7\u00f5es<\/h3>\n\n\n\n<p class=\"wp-block-paragraph\">\u200bEnquanto o setor empresarial defende que as medidas trar\u00e3o seguran\u00e7a jur\u00eddica e incentivo a novas contrata\u00e7\u00f5es, centrais sindicais prometem intensificar os protestos. O argumento da oposi\u00e7\u00e3o \u00e9 que a reforma precariza o trabalho e reduz o poder de negocia\u00e7\u00e3o do empregado em um cen\u00e1rio de infla\u00e7\u00e3o ainda persistente.<\/p>\n\n\n\n<blockquote class=\"wp-block-quote is-layout-flow wp-block-quote-is-layout-flow\">\n<p class=\"wp-block-paragraph\">\u200b&#8221;A manuten\u00e7\u00e3o das 48 horas semanais \u00e9 uma trava de seguran\u00e7a, mas a jornada de 12 horas ignora o desgaste f\u00edsico e mental do trabalhador&#8221;, afirmou um representante da oposi\u00e7\u00e3o durante a vota\u00e7\u00e3o.<\/p>\n<\/blockquote>\n","protected":false},"excerpt":{"rendered":"<p>BUENOS AIRES \u2013 Em uma sess\u00e3o marcada por intensos debates que se estenderam pela madrugada desta sexta-feira (20), o governo de Javier Milei conquistou uma [&#8230;]<\/p>\n","protected":false},"author":1,"featured_media":4291,"comment_status":"open","ping_status":"open","sticky":false,"template":"","format":"standard","meta":{"_crdt_document":"","_jetpack_memberships_contains_paid_content":false,"footnotes":"","jetpack_publicize_message":"","jetpack_publicize_feature_enabled":true,"jetpack_social_post_already_shared":true,"jetpack_social_options":{"image_generator_settings":{"template":"highway","default_image_id":0,"font":"","enabled":false},"version":2}},"categories":[15],"tags":[],"class_list":["post-4290","post","type-post","status-publish","format-standard","has-post-thumbnail","hentry","category-internacional"],"jetpack_publicize_connections":[],"jetpack_featured_media_url":"https:\/\/i0.wp.com\/oexpressobr.com.br\/wp-content\/uploads\/2026\/02\/IMG-20260220-WA0140.jpg?fit=1080%2C1350&ssl=1","jetpack_likes_enabled":true,"jetpack_sharing_enabled":true,"_links":{"self":[{"href":"https:\/\/oexpressobr.com.br\/index.php?rest_route=\/wp\/v2\/posts\/4290","targetHints":{"allow":["GET"]}}],"collection":[{"href":"https:\/\/oexpressobr.com.br\/index.php?rest_route=\/wp\/v2\/posts"}],"about":[{"href":"https:\/\/oexpressobr.com.br\/index.php?rest_route=\/wp\/v2\/types\/post"}],"author":[{"embeddable":true,"href":"https:\/\/oexpressobr.com.br\/index.php?rest_route=\/wp\/v2\/users\/1"}],"replies":[{"embeddable":true,"href":"https:\/\/oexpressobr.com.br\/index.php?rest_route=%2Fwp%2Fv2%2Fcomments&post=4290"}],"version-history":[{"count":1,"href":"https:\/\/oexpressobr.com.br\/index.php?rest_route=\/wp\/v2\/posts\/4290\/revisions"}],"predecessor-version":[{"id":4292,"href":"https:\/\/oexpressobr.com.br\/index.php?rest_route=\/wp\/v2\/posts\/4290\/revisions\/4292"}],"wp:featuredmedia":[{"embeddable":true,"href":"https:\/\/oexpressobr.com.br\/index.php?rest_route=\/wp\/v2\/media\/4291"}],"wp:attachment":[{"href":"https:\/\/oexpressobr.com.br\/index.php?rest_route=%2Fwp%2Fv2%2Fmedia&parent=4290"}],"wp:term":[{"taxonomy":"category","embeddable":true,"href":"https:\/\/oexpressobr.com.br\/index.php?rest_route=%2Fwp%2Fv2%2Fcategories&post=4290"},{"taxonomy":"post_tag","embeddable":true,"href":"https:\/\/oexpressobr.com.br\/index.php?rest_route=%2Fwp%2Fv2%2Ftags&post=4290"}],"curies":[{"name":"wp","href":"https:\/\/api.w.org\/{rel}","templated":true}]}}