{"id":4294,"date":"2026-02-20T15:13:36","date_gmt":"2026-02-20T18:13:36","guid":{"rendered":"https:\/\/oexpressobr.com.br\/?p=4294"},"modified":"2026-02-20T15:13:38","modified_gmt":"2026-02-20T18:13:38","slug":"prorrogado-prazo-de-pagamento-da-49a-prova-rustica-tiradentes-apos-falha-no-banco-do-brasil","status":"publish","type":"post","link":"https:\/\/oexpressobr.com.br\/?p=4294","title":{"rendered":"Prorrogado prazo de pagamento da 49\u00aa Prova R\u00fastica Tiradentes ap\u00f3s falha no Banco do Brasil"},"content":{"rendered":"\n<p class=\"wp-block-paragraph\">\u200bA Prefeitura de Maring\u00e1, por meio da Secretaria de Esporte e Lazer (Sesp), anunciou nesta sexta-feira (20) a concess\u00e3o de um prazo adicional para o pagamento da taxa de inscri\u00e7\u00e3o da <strong>49\u00aa Prova R\u00fastica Tiradentes<\/strong>. A medida atende exclusivamente aos corredores que enfrentaram dificuldades t\u00e9cnicas para gerar o boleto banc\u00e1rio devido a uma instabilidade no sistema do Banco do Brasil.<\/p>\n\n\n\n<p class=\"wp-block-paragraph\">\u200bPara os participantes afetados, o novo prazo ser\u00e1 de <strong>dois dias \u00fateis<\/strong> a partir da emiss\u00e3o do boleto no sistema oficial. A organiza\u00e7\u00e3o refor\u00e7a que a compensa\u00e7\u00e3o banc\u00e1ria pode levar at\u00e9 quatro dias \u00fateis para ser atualizada na plataforma de inscri\u00e7\u00e3o, portanto, o status de &#8220;confirmado&#8221; pode n\u00e3o ser imediato ap\u00f3s o pagamento.<\/p>\n\n\n\n<h3 class=\"wp-block-heading\">\u200bRecorde de inscritos e novidades para 2026<\/h3>\n\n\n\n<p class=\"wp-block-paragraph\">\u200bA edi\u00e7\u00e3o de 2026 da Prova R\u00fastica Tiradentes, uma das corridas de rua mais tradicionais do Brasil, j\u00e1 faz hist\u00f3ria antes mesmo da largada. Com o maior n\u00famero de vagas de sua trajet\u00f3ria \u2014 totalizando <strong>10 mil inscri\u00e7\u00f5es<\/strong> \u2014, o evento viu as vagas para o p\u00fablico geral se esgotarem em menos de 24 horas ap\u00f3s a abertura, ocorrida no \u00faltimo dia 11 de fevereiro.<\/p>\n\n\n\n<p class=\"wp-block-paragraph\">\u200bEntre as principais novidades deste ano, destacam-se:<\/p>\n\n\n\n<ul class=\"wp-block-list\">\n<li>\u200b<strong>Novo Percurso:<\/strong> Pela primeira vez, o trajeto incluir\u00e1 a Avenida Tiradentes, passando em frente \u00e0 Catedral Metropolitana, valorizando o cen\u00e1rio tur\u00edstico da cidade.<\/li>\n\n\n\n<li>\u200b<strong>Premia\u00e7\u00e3o:<\/strong> Ser\u00e3o distribu\u00eddos pr\u00eamios em dinheiro que podem chegar a <strong>R$ 6 mil<\/strong> para os primeiros colocados.<\/li>\n\n\n\n<li>\u200b<strong>Solidariedade:<\/strong> A retirada dos kits, que ocorrer\u00e1 em datas pr\u00f3ximas \u00e0 prova, segue vinculada \u00e0 doa\u00e7\u00e3o de um quilo de alimento n\u00e3o perec\u00edvel.<\/li>\n<\/ul>\n\n\n\n<h3 class=\"wp-block-heading\">\u200bCronograma das provas<\/h3>\n\n\n\n<p class=\"wp-block-paragraph\">\u200bA 49\u00aa Prova R\u00fastica Tiradentes mant\u00e9m sua tradi\u00e7\u00e3o de celebrar o esporte no m\u00eas de abril:<\/p>\n\n\n\n<ul class=\"wp-block-list\">\n<li>\u200b<strong>Prova Infantil (Kids):<\/strong> Ser\u00e1 realizada no dia <strong>18 de abril<\/strong> (s\u00e1bado), a partir das 14h30, no Est\u00e1dio Willie Davids.<\/li>\n\n\n\n<li>\u200b<strong>Prova Principal (10km):<\/strong> A largada ocorre no dia <strong>21 de abril<\/strong> (ter\u00e7a-feira, feriado nacional), com in\u00edcio previsto para as 8h na Avenida Tiradentes.<\/li>\n<\/ul>\n\n\n\n<p class=\"wp-block-paragraph\">\u200bA taxa de inscri\u00e7\u00e3o para a categoria principal foi fixada em R$ 69,90, enquanto as categorias infantis e atletas acima de 60 anos, PCDs e profissionais da seguran\u00e7a p\u00fablica contaram com isen\u00e7\u00f5es espec\u00edficas conforme o regulamento. Para mais informa\u00e7\u00f5es e consulta de status, o candidato deve acessar o site oficial da Prefeitura de Maring\u00e1.<\/p>\n","protected":false},"excerpt":{"rendered":"<p>\u200bA Prefeitura de Maring\u00e1, por meio da Secretaria de Esporte e Lazer (Sesp), anunciou nesta sexta-feira (20) a concess\u00e3o de um prazo adicional para o [&#8230;]<\/p>\n","protected":false},"author":1,"featured_media":4295,"comment_status":"open","ping_status":"open","sticky":false,"template":"","format":"standard","meta":{"_crdt_document":"","_jetpack_memberships_contains_paid_content":false,"footnotes":"","jetpack_publicize_message":"","jetpack_publicize_feature_enabled":true,"jetpack_social_post_already_shared":true,"jetpack_social_options":{"image_generator_settings":{"template":"highway","default_image_id":0,"font":"","enabled":false},"version":2}},"categories":[12],"tags":[],"class_list":["post-4294","post","type-post","status-publish","format-standard","has-post-thumbnail","hentry","category-esporte"],"jetpack_publicize_connections":[],"jetpack_featured_media_url":"https:\/\/i0.wp.com\/oexpressobr.com.br\/wp-content\/uploads\/2026\/02\/corrida.jpg?fit=960%2C640&ssl=1","jetpack_likes_enabled":true,"jetpack_sharing_enabled":true,"_links":{"self":[{"href":"https:\/\/oexpressobr.com.br\/index.php?rest_route=\/wp\/v2\/posts\/4294","targetHints":{"allow":["GET"]}}],"collection":[{"href":"https:\/\/oexpressobr.com.br\/index.php?rest_route=\/wp\/v2\/posts"}],"about":[{"href":"https:\/\/oexpressobr.com.br\/index.php?rest_route=\/wp\/v2\/types\/post"}],"author":[{"embeddable":true,"href":"https:\/\/oexpressobr.com.br\/index.php?rest_route=\/wp\/v2\/users\/1"}],"replies":[{"embeddable":true,"href":"https:\/\/oexpressobr.com.br\/index.php?rest_route=%2Fwp%2Fv2%2Fcomments&post=4294"}],"version-history":[{"count":1,"href":"https:\/\/oexpressobr.com.br\/index.php?rest_route=\/wp\/v2\/posts\/4294\/revisions"}],"predecessor-version":[{"id":4296,"href":"https:\/\/oexpressobr.com.br\/index.php?rest_route=\/wp\/v2\/posts\/4294\/revisions\/4296"}],"wp:featuredmedia":[{"embeddable":true,"href":"https:\/\/oexpressobr.com.br\/index.php?rest_route=\/wp\/v2\/media\/4295"}],"wp:attachment":[{"href":"https:\/\/oexpressobr.com.br\/index.php?rest_route=%2Fwp%2Fv2%2Fmedia&parent=4294"}],"wp:term":[{"taxonomy":"category","embeddable":true,"href":"https:\/\/oexpressobr.com.br\/index.php?rest_route=%2Fwp%2Fv2%2Fcategories&post=4294"},{"taxonomy":"post_tag","embeddable":true,"href":"https:\/\/oexpressobr.com.br\/index.php?rest_route=%2Fwp%2Fv2%2Ftags&post=4294"}],"curies":[{"name":"wp","href":"https:\/\/api.w.org\/{rel}","templated":true}]}}