{"id":4297,"date":"2026-02-20T15:21:23","date_gmt":"2026-02-20T18:21:23","guid":{"rendered":"https:\/\/oexpressobr.com.br\/?p=4297"},"modified":"2026-02-20T15:21:26","modified_gmt":"2026-02-20T18:21:26","slug":"populacao-de-ponta-grossa-sanepar-prefeitura-e-parlamentares-no-centro-de-crise-por-agua-e-tarifas","status":"publish","type":"post","link":"https:\/\/oexpressobr.com.br\/?p=4297","title":{"rendered":"POPULA\u00c7\u00c3O de Ponta Grossa, Sanepar, prefeitura e parlamentares no centro de crise por \u00e1gua e tarifas"},"content":{"rendered":"\n<p class=\"wp-block-paragraph\"><strong>Ponta Grossa<\/strong> \u2013 Uma onda de indigna\u00e7\u00e3o toma conta dos moradores de Ponta Grossa, que organizam um protesto para a pr\u00f3xima quarta-feira (25), \u00e0s 13h30, em frente \u00e0 sede regional da Sanepar. A mobiliza\u00e7\u00e3o \u00e9 motivada por uma combina\u00e7\u00e3o de problemas que afeta diretamente o cotidiano e o bolso das fam\u00edlias: o fornecimento de \u00e1gua com odor e gosto desagrad\u00e1veis e a den\u00fancia de aumentos considerados abusivos nas faturas de consumo.<\/p>\n\n\n\n<h3 class=\"wp-block-heading\">\u200bCrise na qualidade da \u00e1gua<\/h3>\n\n\n\n<p class=\"wp-block-paragraph\">\u200bDesde o final de janeiro de 2026, diversos bairros da cidade relatam que a \u00e1gua que sai das torneiras apresenta um cheiro &#8220;podre&#8221; e colora\u00e7\u00e3o escura. Em resposta \u00e0s cobran\u00e7as, a Sanepar atribui o problema \u00e0 flora\u00e7\u00e3o de algas na Represa de Alagados, fen\u00f4meno agravado pelas altas temperaturas e pelo baixo \u00edndice de chuvas.<\/p>\n\n\n\n<p class=\"wp-block-paragraph\">\u200bEmbora a companhia assegure que a \u00e1gua permanece pot\u00e1vel e segura para o consumo ap\u00f3s passar por tratamentos especializados (como o sistema <em>Actiflow<\/em>), a popula\u00e7\u00e3o contesta a afirma\u00e7\u00e3o. Muitos moradores relatam dificuldades para cozinhar e realizar a higiene b\u00e1sica, al\u00e9m do receio de danos \u00e0 sa\u00fade, conforme registrado em den\u00fancias encaminhadas ao Minist\u00e9rio P\u00fablico, que j\u00e1 abriu inqu\u00e9rito para investigar o caso.<\/p>\n\n\n\n<h3 class=\"wp-block-heading\">\u200bTarifas sob suspeita<\/h3>\n\n\n\n<p class=\"wp-block-paragraph\">\u200bSomando-se \u00e0 quest\u00e3o da qualidade, usu\u00e1rios denunciam faturas com valores que dobraram ou triplicaram no \u00faltimo m\u00eas. O Procon de Ponta Grossa j\u00e1 formalizou dezenas de pedidos de esclarecimentos \u00e0 Sanepar somente em 2026. A empresa alega que o aumento pode estar relacionado ao maior consumo no ver\u00e3o ou a leituras acumuladas, mas a explica\u00e7\u00e3o n\u00e3o convenceu os manifestantes, que exigem uma auditoria nas cobran\u00e7as.<\/p>\n\n\n\n<h3 class=\"wp-block-heading\">\u200bSil\u00eancio pol\u00edtico e press\u00f5es<\/h3>\n\n\n\n<p class=\"wp-block-paragraph\">\u200bO clima de revolta tamb\u00e9m mira a esfera pol\u00edtica. Cr\u00edticas t\u00eam sido direcionadas \u00e0 prefeita Elizabeth Schmidt e a deputados da base governista pela prorroga\u00e7\u00e3o do contrato com a Sanepar at\u00e9 2048, assinada em gest\u00f5es anteriores e mantida sob termos que, segundo a oposi\u00e7\u00e3o e movimentos sociais, n\u00e3o garantem contrapartidas suficientes para o munic\u00edpio.<\/p>\n\n\n\n<p class=\"wp-block-paragraph\">\u200bEnquanto \u00f3rg\u00e3os reguladores como a Agepar s\u00e3o cobrados por uma fiscaliza\u00e7\u00e3o mais r\u00edgida, a justi\u00e7a local j\u00e1 foi acionada em epis\u00f3dios passados \u2014 como em 2025 \u2014 para suspender cobran\u00e7as devido a falhas no abastecimento, o que serve de precedente para as atuais reivindica\u00e7\u00f5es.<\/p>\n\n\n\n<p class=\"wp-block-paragraph\">\u200bO protesto do dia 25 promete reunir moradores de diversas regi\u00f5es da cidade, que usam as redes sociais para convocar a vizinhan\u00e7a. &#8220;N\u00e3o aceitaremos pagar caro por um produto que n\u00e3o podemos sequer usar para beber&#8221;, afirma uma das mensagens que circula nos grupos de mobiliza\u00e7\u00e3o.<\/p>\n\n\n\n<p class=\"wp-block-paragraph\">\u200b<strong>Servi\u00e7o:<\/strong><\/p>\n\n\n\n<ul class=\"wp-block-list\">\n<li>\u200b<strong>O qu\u00ea:<\/strong> Protesto contra a Sanepar (\u00c1gua suja e tarifas abusivas)<\/li>\n\n\n\n<li>\u200b<strong>Quando:<\/strong> Quarta-feira, 25 de fevereiro de 2026, \u00e0s 13h30<\/li>\n\n\n\n<li>\u200b<strong>Onde:<\/strong> Rua Baldu\u00edno Taques, 1150 \u2013 Centro, Ponta Grossa.<\/li>\n<\/ul>\n","protected":false},"excerpt":{"rendered":"<p>Ponta Grossa \u2013 Uma onda de indigna\u00e7\u00e3o toma conta dos moradores de Ponta Grossa, que organizam um protesto para a pr\u00f3xima quarta-feira (25), \u00e0s 13h30, [&#8230;]<\/p>\n","protected":false},"author":1,"featured_media":4298,"comment_status":"open","ping_status":"open","sticky":false,"template":"","format":"standard","meta":{"_crdt_document":"","_jetpack_memberships_contains_paid_content":false,"footnotes":"","jetpack_publicize_message":"","jetpack_publicize_feature_enabled":true,"jetpack_social_post_already_shared":true,"jetpack_social_options":{"image_generator_settings":{"template":"highway","default_image_id":0,"font":"","enabled":false},"version":2}},"categories":[46],"tags":[],"class_list":["post-4297","post","type-post","status-publish","format-standard","has-post-thumbnail","hentry","category-cidades"],"jetpack_publicize_connections":[],"jetpack_featured_media_url":"https:\/\/i0.wp.com\/oexpressobr.com.br\/wp-content\/uploads\/2026\/02\/75.jpg?fit=431%2C470&ssl=1","jetpack_likes_enabled":true,"jetpack_sharing_enabled":true,"_links":{"self":[{"href":"https:\/\/oexpressobr.com.br\/index.php?rest_route=\/wp\/v2\/posts\/4297","targetHints":{"allow":["GET"]}}],"collection":[{"href":"https:\/\/oexpressobr.com.br\/index.php?rest_route=\/wp\/v2\/posts"}],"about":[{"href":"https:\/\/oexpressobr.com.br\/index.php?rest_route=\/wp\/v2\/types\/post"}],"author":[{"embeddable":true,"href":"https:\/\/oexpressobr.com.br\/index.php?rest_route=\/wp\/v2\/users\/1"}],"replies":[{"embeddable":true,"href":"https:\/\/oexpressobr.com.br\/index.php?rest_route=%2Fwp%2Fv2%2Fcomments&post=4297"}],"version-history":[{"count":1,"href":"https:\/\/oexpressobr.com.br\/index.php?rest_route=\/wp\/v2\/posts\/4297\/revisions"}],"predecessor-version":[{"id":4299,"href":"https:\/\/oexpressobr.com.br\/index.php?rest_route=\/wp\/v2\/posts\/4297\/revisions\/4299"}],"wp:featuredmedia":[{"embeddable":true,"href":"https:\/\/oexpressobr.com.br\/index.php?rest_route=\/wp\/v2\/media\/4298"}],"wp:attachment":[{"href":"https:\/\/oexpressobr.com.br\/index.php?rest_route=%2Fwp%2Fv2%2Fmedia&parent=4297"}],"wp:term":[{"taxonomy":"category","embeddable":true,"href":"https:\/\/oexpressobr.com.br\/index.php?rest_route=%2Fwp%2Fv2%2Fcategories&post=4297"},{"taxonomy":"post_tag","embeddable":true,"href":"https:\/\/oexpressobr.com.br\/index.php?rest_route=%2Fwp%2Fv2%2Ftags&post=4297"}],"curies":[{"name":"wp","href":"https:\/\/api.w.org\/{rel}","templated":true}]}}