{"id":4300,"date":"2026-02-20T15:32:48","date_gmt":"2026-02-20T18:32:48","guid":{"rendered":"https:\/\/oexpressobr.com.br\/?p=4300"},"modified":"2026-02-20T15:32:49","modified_gmt":"2026-02-20T18:32:49","slug":"condema-convoca-sanepar-para-explicar-ma-qualidade-da-agua-em-ponta-grossa","status":"publish","type":"post","link":"https:\/\/oexpressobr.com.br\/?p=4300","title":{"rendered":"Condema convoca Sanepar para explicar m\u00e1 qualidade da \u00e1gua em Ponta Grossa"},"content":{"rendered":"\n<p class=\"wp-block-paragraph\">\u200b<strong>PONTA GROSSA<\/strong> \u2013 O Conselho Municipal do Meio Ambiente (Condema) de Ponta Grossa oficializou a convoca\u00e7\u00e3o da Companhia de Saneamento do Paran\u00e1 (Sanepar) para prestar esclarecimentos sobre as recorrentes falhas na qualidade da \u00e1gua distribu\u00edda no munic\u00edpio. A medida, assinada pelo presidente do \u00f3rg\u00e3o, Robson Carlos Klimionte, ocorre ap\u00f3s uma onda de reclama\u00e7\u00f5es de moradores que relatam \u00e1gua com colora\u00e7\u00e3o escura, odor f\u00e9tido e gosto desagrad\u00e1vel em diversos bairros.<\/p>\n\n\n\n<h3 class=\"wp-block-heading\">\u200bDetalhes da convoca\u00e7\u00e3o e crise no abastecimento<\/h3>\n\n\n\n<p class=\"wp-block-paragraph\">\u200bA Sanepar dever\u00e1 comparecer a uma reuni\u00e3o na pr\u00f3xima quinta-feira, <strong>26 de fevereiro de 2026<\/strong>, \u00e0s 14h, na sede da Associa\u00e7\u00e3o Comercial, Industrial e Empresarial de Ponta Grossa (Acipg). O objetivo \u00e9 detalhar as raz\u00f5es t\u00e9cnicas para que o produto entregue \u00e0 popula\u00e7\u00e3o esteja fora dos padr\u00f5es de potabilidade estabelecidos pela Portaria GM\/MS n\u00ba 888\/2021, que exige que a \u00e1gua seja inodora, ins\u00edpida e incolor.<\/p>\n\n\n\n<p class=\"wp-block-paragraph\">\u200bA crise n\u00e3o \u00e9 recente. Ao longo de fevereiro, moradores de regi\u00f5es como Oficinas, Ronda e Vila Estrela t\u00eam denunciado o &#8220;cheiro de podre&#8221; nas torneiras. Al\u00e9m do Condema, o Minist\u00e9rio P\u00fablico do Paran\u00e1 (MP-PR) j\u00e1 abriu inqu\u00e9rito para investigar a situa\u00e7\u00e3o, e o Procon municipal notificou a concession\u00e1ria.<\/p>\n\n\n\n<h3 class=\"wp-block-heading\">\u200bO que diz a Sanepar<\/h3>\n\n\n\n<p class=\"wp-block-paragraph\">\u200bEm manifesta\u00e7\u00f5es recentes, a Sanepar atribuiu a altera\u00e7\u00e3o no gosto e no cheiro da \u00e1gua \u00e0 <strong>flora\u00e7\u00e3o de algas<\/strong> na Represa de Alagados, fen\u00f4meno potencializado pelo calor intenso e pelos baixos n\u00edveis de pluviosidade registrados nos \u00faltimos meses. A companhia afirma que a altera\u00e7\u00e3o \u00e9 apenas &#8220;sensorial&#8221; e que a \u00e1gua permanece pr\u00f3pria para o consumo humano, n\u00e3o oferecendo riscos \u00e0 sa\u00fade.<\/p>\n\n\n\n<p class=\"wp-block-paragraph\">\u200bA empresa tamb\u00e9m destacou que utiliza o sistema <em>Actiflow<\/em> (tecnologia com microareia) para tratar a \u00e1gua da represa, mas admite que a alta carga de mat\u00e9ria org\u00e2nica exige ajustes constantes nos processos de filtra\u00e7\u00e3o.<\/p>\n\n\n\n<h3 class=\"wp-block-heading\">\u200bNovidades e desdobramentos<\/h3>\n\n\n\n<ul class=\"wp-block-list\">\n<li>\u200b<strong>Faturas abusivas:<\/strong> Paralelamente aos problemas de qualidade, a Sanepar enfrenta uma crise de confian\u00e7a devido a erros nas leituras. Seguidores de portais locais e \u00f3rg\u00e3os de defesa do consumidor relataram faturas com aumentos que variam de R$ 100 a mais de R$ 2.000. A companhia admitiu a possibilidade de erros e garantiu que haver\u00e1 ressarcimento mediante comprova\u00e7\u00e3o.<\/li>\n\n\n\n<li>\u200b<strong>Press\u00e3o Pol\u00edtica:<\/strong> O vereador Julio K\u00fcller e outros parlamentares t\u00eam se reunido com institui\u00e7\u00f5es para exigir prazos definitivos para a normaliza\u00e7\u00e3o. No ano passado, a Sanepar j\u00e1 havia firmado um Termo de Ajustamento de Conduta (TAC) prevendo descontos nas faturas devido a interrup\u00e7\u00f5es no fornecimento, o que aumenta a press\u00e3o por penalidades agora relacionadas \u00e0 qualidade qu\u00edmica do produto.<\/li>\n\n\n\n<li>\u200b<strong>Situa\u00e7\u00e3o dos Mananciais:<\/strong> O n\u00edvel da Represa do Alagados \u00e9 monitorado de perto. Embora ainda n\u00e3o tenha atingido o n\u00edvel cr\u00edtico de 7 metros, o baixo volume contribui para a concentra\u00e7\u00e3o de sedimentos e algas, dificultando o tratamento e gerando a \u00e1gua turva relatada pelos usu\u00e1rios.<\/li>\n<\/ul>\n\n\n\n<p class=\"wp-block-paragraph\">\u200bO espa\u00e7o segue aberto para o posicionamento oficial da Sanepar ap\u00f3s a audi\u00eancia com o Condema.<\/p>\n","protected":false},"excerpt":{"rendered":"<p>\u200bPONTA GROSSA \u2013 O Conselho Municipal do Meio Ambiente (Condema) de Ponta Grossa oficializou a convoca\u00e7\u00e3o da Companhia de Saneamento do Paran\u00e1 (Sanepar) para prestar [&#8230;]<\/p>\n","protected":false},"author":1,"featured_media":4301,"comment_status":"open","ping_status":"open","sticky":false,"template":"","format":"standard","meta":{"_crdt_document":"","_jetpack_memberships_contains_paid_content":false,"footnotes":"","jetpack_publicize_message":"","jetpack_publicize_feature_enabled":true,"jetpack_social_post_already_shared":true,"jetpack_social_options":{"image_generator_settings":{"template":"highway","default_image_id":0,"font":"","enabled":false},"version":2}},"categories":[46],"tags":[],"class_list":["post-4300","post","type-post","status-publish","format-standard","has-post-thumbnail","hentry","category-cidades"],"jetpack_publicize_connections":[],"jetpack_featured_media_url":"https:\/\/i0.wp.com\/oexpressobr.com.br\/wp-content\/uploads\/2026\/02\/20210209_agb_sanepar.jpg?fit=770%2C470&ssl=1","jetpack_likes_enabled":true,"jetpack_sharing_enabled":true,"_links":{"self":[{"href":"https:\/\/oexpressobr.com.br\/index.php?rest_route=\/wp\/v2\/posts\/4300","targetHints":{"allow":["GET"]}}],"collection":[{"href":"https:\/\/oexpressobr.com.br\/index.php?rest_route=\/wp\/v2\/posts"}],"about":[{"href":"https:\/\/oexpressobr.com.br\/index.php?rest_route=\/wp\/v2\/types\/post"}],"author":[{"embeddable":true,"href":"https:\/\/oexpressobr.com.br\/index.php?rest_route=\/wp\/v2\/users\/1"}],"replies":[{"embeddable":true,"href":"https:\/\/oexpressobr.com.br\/index.php?rest_route=%2Fwp%2Fv2%2Fcomments&post=4300"}],"version-history":[{"count":1,"href":"https:\/\/oexpressobr.com.br\/index.php?rest_route=\/wp\/v2\/posts\/4300\/revisions"}],"predecessor-version":[{"id":4302,"href":"https:\/\/oexpressobr.com.br\/index.php?rest_route=\/wp\/v2\/posts\/4300\/revisions\/4302"}],"wp:featuredmedia":[{"embeddable":true,"href":"https:\/\/oexpressobr.com.br\/index.php?rest_route=\/wp\/v2\/media\/4301"}],"wp:attachment":[{"href":"https:\/\/oexpressobr.com.br\/index.php?rest_route=%2Fwp%2Fv2%2Fmedia&parent=4300"}],"wp:term":[{"taxonomy":"category","embeddable":true,"href":"https:\/\/oexpressobr.com.br\/index.php?rest_route=%2Fwp%2Fv2%2Fcategories&post=4300"},{"taxonomy":"post_tag","embeddable":true,"href":"https:\/\/oexpressobr.com.br\/index.php?rest_route=%2Fwp%2Fv2%2Ftags&post=4300"}],"curies":[{"name":"wp","href":"https:\/\/api.w.org\/{rel}","templated":true}]}}