{"id":4309,"date":"2026-02-20T16:00:40","date_gmt":"2026-02-20T19:00:40","guid":{"rendered":"https:\/\/oexpressobr.com.br\/?p=4309"},"modified":"2026-02-20T16:00:44","modified_gmt":"2026-02-20T19:00:44","slug":"suprema-corte-dos-eua-impoe-derrota-a-trump-e-declara-tarifaco-ilegal","status":"publish","type":"post","link":"https:\/\/oexpressobr.com.br\/?p=4309","title":{"rendered":"Suprema Corte dos EUA imp\u00f5e derrota a Trump e declara &#8220;tarifa\u00e7o&#8221; ilegal"},"content":{"rendered":"\n<p class=\"wp-block-paragraph\">\u200bA Suprema Corte dos Estados Unidos decidiu, nesta sexta-feira (20 de fevereiro de 2026), que a pol\u00edtica de tarifas amplas sobre importa\u00e7\u00f5es implementada pelo presidente Donald Trump \u00e9 ilegal. Por um placar de 6 votos a 3, os magistrados entenderam que o Executivo extrapolou sua autoridade ao utilizar uma lei de emerg\u00eancia de 1977 para impor taxas sem o aval expl\u00edcito do Congresso.<\/p>\n\n\n\n<p class=\"wp-block-paragraph\">\u200bA decis\u00e3o representa o maior rev\u00e9s jur\u00eddico e pol\u00edtico do segundo mandato de Trump at\u00e9 agora, bloqueando uma ferramenta que o republicano considerava essencial para sua agenda de &#8220;Am\u00e9rica Primeiro&#8221;.<\/p>\n\n\n\n<h3 class=\"wp-block-heading\">\u200bO cerne da decis\u00e3o<\/h3>\n\n\n\n<p class=\"wp-block-paragraph\">\u200bA maioria da Corte, liderada pelo presidente do tribunal, John Roberts, concluiu que a <strong>Lei de Poderes Econ\u00f4micos de Emerg\u00eancia Internacional (IEEPA)<\/strong> n\u00e3o concede ao presidente o direito de criar tarifas de forma unilateral e ilimitada. Roberts foi enf\u00e1tico ao afirmar que &#8220;o presidente deve apresentar uma autoriza\u00e7\u00e3o clara do Congresso para justificar sua extraordin\u00e1ria pretens\u00e3o de impor tarifas. Ele n\u00e3o pode fazer isso sozinho&#8221;.<\/p>\n\n\n\n<p class=\"wp-block-paragraph\">\u200bAcompanharam Roberts os tr\u00eas ju\u00edzes da ala progressista e dois conservadores (Neil Gorsuch e Amy Coney Barrett). Os votos divergentes vieram dos ministros Clarence Thomas, Samuel Alito e Brett Kavanaugh.<\/p>\n\n\n\n<h3 class=\"wp-block-heading\">\u200bImpacto bilion\u00e1rio e reembolsos<\/h3>\n\n\n\n<p class=\"wp-block-paragraph\">\u200bO impacto financeiro da senten\u00e7a \u00e9 imediato e massivo. Estima-se que o governo dos EUA possa ser obrigado a devolver cerca de <strong>US$ 175 bilh\u00f5es<\/strong> (aproximadamente R$ 1 trilh\u00e3o) a importadores que pagaram as taxas desde abril de 2025.<\/p>\n\n\n\n<p class=\"wp-block-paragraph\">\u200bApenas entre os impostos recolhidos sob a lei agora invalidada, o Tesouro americano arrecadou mais de US$ 133 bilh\u00f5es at\u00e9 o final do ano passado. O secret\u00e1rio do Tesouro, Scott Bessent, afirmou que o governo pretende recorrer, mas admitiu que a gest\u00e3o est\u00e1 preparada para cobrir eventuais reembolsos.<\/p>\n\n\n\n<h3 class=\"wp-block-heading\">\u200bConsequ\u00eancias para o Brasil e o mundo<\/h3>\n\n\n\n<p class=\"wp-block-paragraph\">\u200bO Brasil, que foi alvo direto de sobretaxas de at\u00e9 50% em diversos produtos em julho de 2025, deve ser um dos principais beneficiados. Embora o setor sider\u00fargico (a\u00e7o e alum\u00ednio) n\u00e3o seja afetado por esta decis\u00e3o espec\u00edfica \u2014 pois se baseia em outra legisla\u00e7\u00e3o de seguran\u00e7a nacional \u2014, produtos como mel, pl\u00e1sticos, borracha e material de transporte devem ter suas taxas revistas.<\/p>\n\n\n\n<p class=\"wp-block-paragraph\">\u200bO ministro da Fazenda, Fernando Haddad, comentou que o &#8220;efeito imediato \u00e9 favor\u00e1vel&#8221; para a economia brasileira, sinalizando uma poss\u00edvel redu\u00e7\u00e3o na press\u00e3o sobre as exporta\u00e7\u00f5es nacionais para os EUA.<\/p>\n\n\n\n<h3 class=\"wp-block-heading\">\u200bRea\u00e7\u00e3o de Trump<\/h3>\n\n\n\n<p class=\"wp-block-paragraph\">\u200bEm encontro com governadores na Casa Branca, Donald Trump classificou a decis\u00e3o como &#8220;uma desgra\u00e7a&#8221; e afirmou que a medida prejudicar\u00e1 a economia norte-americana, podendo fazer o d\u00e9ficit or\u00e7ament\u00e1rio explodir sem as receitas tarif\u00e1rias. Fontes ligadas ao governo indicam que a equipe econ\u00f4mica j\u00e1 trabalha em um &#8220;plano B&#8221; para tentar restabelecer as prote\u00e7\u00f5es comerciais por outras vias legais.<\/p>\n","protected":false},"excerpt":{"rendered":"<p>\u200bA Suprema Corte dos Estados Unidos decidiu, nesta sexta-feira (20 de fevereiro de 2026), que a pol\u00edtica de tarifas amplas sobre importa\u00e7\u00f5es implementada pelo presidente [&#8230;]<\/p>\n","protected":false},"author":1,"featured_media":4310,"comment_status":"open","ping_status":"open","sticky":false,"template":"","format":"standard","meta":{"_crdt_document":"","_jetpack_memberships_contains_paid_content":false,"footnotes":"","jetpack_publicize_message":"","jetpack_publicize_feature_enabled":true,"jetpack_social_post_already_shared":true,"jetpack_social_options":{"image_generator_settings":{"template":"highway","default_image_id":0,"font":"","enabled":false},"version":2}},"categories":[15],"tags":[],"class_list":["post-4309","post","type-post","status-publish","format-standard","has-post-thumbnail","hentry","category-internacional"],"jetpack_publicize_connections":[],"jetpack_featured_media_url":"https:\/\/i0.wp.com\/oexpressobr.com.br\/wp-content\/uploads\/2026\/02\/IMG-20260220-WA0245.jpg?fit=800%2C1000&ssl=1","jetpack_likes_enabled":true,"jetpack_sharing_enabled":true,"_links":{"self":[{"href":"https:\/\/oexpressobr.com.br\/index.php?rest_route=\/wp\/v2\/posts\/4309","targetHints":{"allow":["GET"]}}],"collection":[{"href":"https:\/\/oexpressobr.com.br\/index.php?rest_route=\/wp\/v2\/posts"}],"about":[{"href":"https:\/\/oexpressobr.com.br\/index.php?rest_route=\/wp\/v2\/types\/post"}],"author":[{"embeddable":true,"href":"https:\/\/oexpressobr.com.br\/index.php?rest_route=\/wp\/v2\/users\/1"}],"replies":[{"embeddable":true,"href":"https:\/\/oexpressobr.com.br\/index.php?rest_route=%2Fwp%2Fv2%2Fcomments&post=4309"}],"version-history":[{"count":1,"href":"https:\/\/oexpressobr.com.br\/index.php?rest_route=\/wp\/v2\/posts\/4309\/revisions"}],"predecessor-version":[{"id":4311,"href":"https:\/\/oexpressobr.com.br\/index.php?rest_route=\/wp\/v2\/posts\/4309\/revisions\/4311"}],"wp:featuredmedia":[{"embeddable":true,"href":"https:\/\/oexpressobr.com.br\/index.php?rest_route=\/wp\/v2\/media\/4310"}],"wp:attachment":[{"href":"https:\/\/oexpressobr.com.br\/index.php?rest_route=%2Fwp%2Fv2%2Fmedia&parent=4309"}],"wp:term":[{"taxonomy":"category","embeddable":true,"href":"https:\/\/oexpressobr.com.br\/index.php?rest_route=%2Fwp%2Fv2%2Fcategories&post=4309"},{"taxonomy":"post_tag","embeddable":true,"href":"https:\/\/oexpressobr.com.br\/index.php?rest_route=%2Fwp%2Fv2%2Ftags&post=4309"}],"curies":[{"name":"wp","href":"https:\/\/api.w.org\/{rel}","templated":true}]}}