{"id":431,"date":"2025-12-08T17:00:03","date_gmt":"2025-12-08T20:00:03","guid":{"rendered":"https:\/\/oexpressobr.com.br\/?p=431"},"modified":"2025-12-08T17:00:03","modified_gmt":"2025-12-08T20:00:03","slug":"uniao-brasil-expulsa-celso-sabino-apos-desobedecer-ordem-de-deixar-governo-lula","status":"publish","type":"post","link":"https:\/\/oexpressobr.com.br\/?p=431","title":{"rendered":"Uni\u00e3o Brasil Expulsa Celso Sabino Ap\u00f3s Desobedecer Ordem De Deixar Governo Lula"},"content":{"rendered":"\n<p class=\"wp-block-paragraph\">A Comiss\u00e3o Executiva Nacional do Uni\u00e3o Brasil decidiu, nesta segunda-feira (8), <strong>expulsar o ministro do Turismo, Celso Sabino<\/strong>, do quadro de filiados do partido. A decis\u00e3o \u00e9 a culmina\u00e7\u00e3o de um processo que se arrastava desde o final de setembro, quando o ministro desrespeitou uma resolu\u00e7\u00e3o partid\u00e1ria que exigia que todos os filiados deixassem seus cargos no governo do presidente Luiz In\u00e1cio Lula da Silva (PT) em 24 horas.<\/p>\n\n\n\n<p class=\"wp-block-paragraph\">\u200bA expuls\u00e3o do ministro, que \u00e9 deputado federal licenciado pelo Par\u00e1, foi confirmada pela executiva por 24 votos. O Conselho de \u00c9tica da sigla j\u00e1 havia emitido parecer favor\u00e1vel ao desligamento por &#8220;insubordina\u00e7\u00e3o&#8221; em novembro.<\/p>\n\n\n\n<ul class=\"wp-block-list\">\n<li>\u200b<strong>Motivo Principal:<\/strong> Sabino optou por permanecer \u00e0 frente da pasta do Turismo, contrariando a determina\u00e7\u00e3o expressa da c\u00fapula do Uni\u00e3o Brasil, que decretou o rompimento com a gest\u00e3o petista.<\/li>\n\n\n\n<li>\u200b<strong>Contexto da Quebra de Bra\u00e7o:<\/strong> Em setembro, ap\u00f3s o ultimato, Sabino chegou a acatar a decis\u00e3o e entregou uma carta de demiss\u00e3o. No entanto, ele recuou no in\u00edcio de outubro, optando por seguir no Minist\u00e9rio.<\/li>\n<\/ul>\n\n\n\n<h3 class=\"wp-block-heading\">\u200bVis\u00e3o Pol\u00edtica e Futuro de Sabino<\/h3>\n\n\n\n<p class=\"wp-block-paragraph\">\u200bO movimento de Celso Sabino em permanecer no cargo, ignorando a press\u00e3o do partido, \u00e9 visto como uma estrat\u00e9gia pol\u00edtica focada no seu futuro eleitoral. Fontes pr\u00f3ximas ao ministro indicam que ele busca se cacifar para concorrer a uma vaga no <strong>Senado pelo Par\u00e1<\/strong> nas pr\u00f3ximas elei\u00e7\u00f5es.<\/p>\n\n\n\n<ul class=\"wp-block-list\">\n<li>\u200b<strong>COP30 como Bandeira:<\/strong> A perman\u00eancia no Minist\u00e9rio do Turismo permite a Sabino trabalhar diretamente na organiza\u00e7\u00e3o e visibilidade da <strong>COP30<\/strong> (Confer\u00eancia das Na\u00e7\u00f5es Unidas sobre Mudan\u00e7as Clim\u00e1ticas), que ser\u00e1 realizada em Bel\u00e9m, no Par\u00e1, em 2025. O evento \u00e9 considerado uma vitrine pol\u00edtica essencial para sua campanha.<\/li>\n\n\n\n<li>\u200b<strong>Apoio a Lula:<\/strong> Sabino j\u00e1 declarou apoio \u00e0 tentativa de reelei\u00e7\u00e3o do presidente Lula, o que desagradou ainda mais a dire\u00e7\u00e3o do Uni\u00e3o Brasil.<\/li>\n<\/ul>\n\n\n\n<p class=\"wp-block-paragraph\">\u200bCom a expuls\u00e3o, o ministro perde seu v\u00ednculo partid\u00e1rio. O Tribunal Superior Eleitoral (TSE) permite que pol\u00edticos sem partido se filiem a outra sigla sem risco de perda de mandato, o que \u00e9 fundamental para a carreira pol\u00edtica de Sabino. De acordo com informa\u00e7\u00f5es de bastidores, ele deve se reunir com o presidente Lula para definir qual ser\u00e1 seu pr\u00f3ximo destino partid\u00e1rio.<\/p>\n\n\n\n<p class=\"wp-block-paragraph\">\u200b<strong>\ud83d\udcf8 Roberto Castro\/Mtur<\/strong><\/p>\n","protected":false},"excerpt":{"rendered":"<p>A Comiss\u00e3o Executiva Nacional do Uni\u00e3o Brasil decidiu, nesta segunda-feira (8), expulsar o ministro do Turismo, Celso Sabino, do quadro de filiados do partido. A [&#8230;]<\/p>\n","protected":false},"author":1,"featured_media":432,"comment_status":"open","ping_status":"open","sticky":false,"template":"","format":"standard","meta":{"_crdt_document":"","_jetpack_memberships_contains_paid_content":false,"footnotes":"","jetpack_publicize_message":"","jetpack_publicize_feature_enabled":true,"jetpack_social_post_already_shared":false,"jetpack_social_options":{"image_generator_settings":{"template":"highway","default_image_id":0,"font":"","enabled":false},"version":2}},"categories":[7],"tags":[],"class_list":["post-431","post","type-post","status-publish","format-standard","has-post-thumbnail","hentry","category-politica"],"jetpack_publicize_connections":[],"jetpack_featured_media_url":"https:\/\/i0.wp.com\/oexpressobr.com.br\/wp-content\/uploads\/2025\/12\/IMG-20251208-WA0446.jpg?fit=450%2C450&ssl=1","jetpack_likes_enabled":true,"jetpack_sharing_enabled":true,"_links":{"self":[{"href":"https:\/\/oexpressobr.com.br\/index.php?rest_route=\/wp\/v2\/posts\/431","targetHints":{"allow":["GET"]}}],"collection":[{"href":"https:\/\/oexpressobr.com.br\/index.php?rest_route=\/wp\/v2\/posts"}],"about":[{"href":"https:\/\/oexpressobr.com.br\/index.php?rest_route=\/wp\/v2\/types\/post"}],"author":[{"embeddable":true,"href":"https:\/\/oexpressobr.com.br\/index.php?rest_route=\/wp\/v2\/users\/1"}],"replies":[{"embeddable":true,"href":"https:\/\/oexpressobr.com.br\/index.php?rest_route=%2Fwp%2Fv2%2Fcomments&post=431"}],"version-history":[{"count":0,"href":"https:\/\/oexpressobr.com.br\/index.php?rest_route=\/wp\/v2\/posts\/431\/revisions"}],"wp:featuredmedia":[{"embeddable":true,"href":"https:\/\/oexpressobr.com.br\/index.php?rest_route=\/wp\/v2\/media\/432"}],"wp:attachment":[{"href":"https:\/\/oexpressobr.com.br\/index.php?rest_route=%2Fwp%2Fv2%2Fmedia&parent=431"}],"wp:term":[{"taxonomy":"category","embeddable":true,"href":"https:\/\/oexpressobr.com.br\/index.php?rest_route=%2Fwp%2Fv2%2Fcategories&post=431"},{"taxonomy":"post_tag","embeddable":true,"href":"https:\/\/oexpressobr.com.br\/index.php?rest_route=%2Fwp%2Fv2%2Ftags&post=431"}],"curies":[{"name":"wp","href":"https:\/\/api.w.org\/{rel}","templated":true}]}}