{"id":4312,"date":"2026-02-20T16:07:46","date_gmt":"2026-02-20T19:07:46","guid":{"rendered":"https:\/\/oexpressobr.com.br\/?p=4312"},"modified":"2026-02-20T16:07:47","modified_gmt":"2026-02-20T19:07:47","slug":"stf-nega-aposentadoria-especial-para-vigilantes-e-impoe-derrota-a-categoria-em-decisao-historica","status":"publish","type":"post","link":"https:\/\/oexpressobr.com.br\/?p=4312","title":{"rendered":"STF nega aposentadoria especial para vigilantes e imp\u00f5e derrota \u00e0 categoria em decis\u00e3o hist\u00f3rica"},"content":{"rendered":"\n<ul class=\"wp-block-list\">\n<li>\u200b<strong>Ministros formam maioria contra o reconhecimento do risco por periculosidade no INSS<\/strong><\/li>\n\n\n\n<li>\u200b<strong>Decis\u00e3o afeta milhares de processos suspensos e pode obrigar devolu\u00e7\u00e3o de valores<\/strong><\/li>\n<\/ul>\n\n\n\n<p class=\"wp-block-paragraph\">\u200bEm um julgamento que encerrou na \u00faltima sexta-feira, 13 de fevereiro de 2026, o <strong>Supremo Tribunal Federal (STF)<\/strong> decidiu, por maioria de votos, que a atividade de vigilante n\u00e3o d\u00e1 direito \u00e0 aposentadoria especial. A tese fixada no <strong>Tema 1.209<\/strong> estabelece que a exposi\u00e7\u00e3o ao perigo, independentemente do uso de arma de fogo, n\u00e3o \u00e9 crit\u00e9rio suficiente para o benef\u00edcio diferenciado no Regime Geral de Previd\u00eancia Social (RGPS).<\/p>\n\n\n\n<p class=\"wp-block-paragraph\">\u200bA decis\u00e3o representa uma reviravolta para a categoria, que havia obtido vit\u00f3ria anterior no Superior Tribunal de Justi\u00e7a (STJ). Com o novo entendimento, o impacto financeiro evitado para os cofres p\u00fablicos \u00e9 estimado em <strong>R$ 154 bilh\u00f5es<\/strong> ao longo dos pr\u00f3ximos 35 anos, segundo dados apresentados pelo INSS.<\/p>\n\n\n\n<h3 class=\"wp-block-heading\">\u200bEntenda os principais pontos da decis\u00e3o<\/h3>\n\n\n\n<p class=\"wp-block-paragraph\">\u200bO placar terminou em <strong>6 a 4<\/strong> contra os trabalhadores. A diverg\u00eancia vencedora foi aberta pelo ministro <strong>Alexandre de Moraes<\/strong>, que sustentou que a periculosidade n\u00e3o \u00e9 inerente \u00e0 atividade de vigil\u00e2ncia de forma a equipar\u00e1-la aos agentes nocivos (qu\u00edmicos, f\u00edsicos ou biol\u00f3gicos) previstos na Constitui\u00e7\u00e3o.<\/p>\n\n\n\n<blockquote class=\"wp-block-quote is-layout-flow wp-block-quote-is-layout-flow\">\n<p class=\"wp-block-paragraph\">\u200b<strong>Tese Fixada:<\/strong> &#8220;A atividade de vigilante, com ou sem o uso de arma de fogo, n\u00e3o se caracteriza como especial, para fins de concess\u00e3o da aposentadoria de que trata o art. 201, \u00a7 1\u00ba, da Constitui\u00e7\u00e3o.&#8221;<\/p>\n<\/blockquote>\n\n\n\n<h3 class=\"wp-block-heading\">O que acontece agora com os trabalhadores?<\/h3>\n\n\n\n<p class=\"wp-block-paragraph\">\u200bA decis\u00e3o tem repercuss\u00e3o geral, o que significa que todos os ju\u00edzes e tribunais do pa\u00eds devem seguir esse entendimento.<\/p>\n\n\n\n<ul class=\"wp-block-list\">\n<li>\u200b<strong>Processos em andamento:<\/strong> Quem tem a\u00e7\u00e3o na Justi\u00e7a ter\u00e1 o pedido negado. Os processos que estavam suspensos (sobrestados) voltar\u00e3o a tramitar apenas para que a improced\u00eancia seja decretada conforme a tese do STF.<\/li>\n\n\n\n<li>\u200b<strong>Recursos:<\/strong> O trabalhador que moveu o processo que deu origem ao julgamento no Supremo ainda poder\u00e1 apresentar <strong>embargos de declara\u00e7\u00e3o<\/strong> ap\u00f3s a publica\u00e7\u00e3o do ac\u00f3rd\u00e3o, buscando esclarecer pontos da decis\u00e3o.<\/li>\n\n\n\n<li>\u200b<strong>Devolu\u00e7\u00e3o de valores:<\/strong> Este \u00e9 o ponto de maior preocupa\u00e7\u00e3o. Nos casos em que o vigilante j\u00e1 recebia o benef\u00edcio por meio de <strong>tutela antecipada<\/strong> (liminar), o INSS poder\u00e1 solicitar a cassa\u00e7\u00e3o do pagamento e, em tese, a devolu\u00e7\u00e3o das parcelas recebidas. Contudo, especialistas acreditam que o STF possa aplicar uma modula\u00e7\u00e3o para evitar que verbas de car\u00e1ter alimentar tenham que ser devolvidas.<\/li>\n<\/ul>\n\n\n\n<h3 class=\"wp-block-heading\">\u200bRegras de transi\u00e7\u00e3o e tempo comum<\/h3>\n\n\n\n<p class=\"wp-block-paragraph\">\u200bVale destacar que o tempo trabalhado como vigilante n\u00e3o \u00e9 perdido. Ele continua contando como <strong>tempo comum<\/strong> para a aposentadoria por idade ou por tempo de contribui\u00e7\u00e3o (nas regras de transi\u00e7\u00e3o da Reforma de 2019). O que deixa de existir \u00e9 o b\u00f4nus na contagem (convers\u00e3o de tempo especial em comum) para per\u00edodos posteriores a novembro de 2019 e a possibilidade de se aposentar com apenas 25 anos de servi\u00e7o na fun\u00e7\u00e3o.<\/p>\n","protected":false},"excerpt":{"rendered":"<p>\u200bEm um julgamento que encerrou na \u00faltima sexta-feira, 13 de fevereiro de 2026, o Supremo Tribunal Federal (STF) decidiu, por maioria de votos, que a [&#8230;]<\/p>\n","protected":false},"author":1,"featured_media":4313,"comment_status":"open","ping_status":"open","sticky":false,"template":"","format":"standard","meta":{"_crdt_document":"","_jetpack_memberships_contains_paid_content":false,"footnotes":"","jetpack_publicize_message":"","jetpack_publicize_feature_enabled":true,"jetpack_social_post_already_shared":true,"jetpack_social_options":{"image_generator_settings":{"template":"highway","default_image_id":0,"font":"","enabled":false},"version":2}},"categories":[8],"tags":[],"class_list":["post-4312","post","type-post","status-publish","format-standard","has-post-thumbnail","hentry","category-judiciario"],"jetpack_publicize_connections":[],"jetpack_featured_media_url":"https:\/\/i0.wp.com\/oexpressobr.com.br\/wp-content\/uploads\/2026\/02\/175681903468b6ee5a5bd7f_1756819034_3x2_xl.jpg?fit=1200%2C788&ssl=1","jetpack_likes_enabled":true,"jetpack_sharing_enabled":true,"_links":{"self":[{"href":"https:\/\/oexpressobr.com.br\/index.php?rest_route=\/wp\/v2\/posts\/4312","targetHints":{"allow":["GET"]}}],"collection":[{"href":"https:\/\/oexpressobr.com.br\/index.php?rest_route=\/wp\/v2\/posts"}],"about":[{"href":"https:\/\/oexpressobr.com.br\/index.php?rest_route=\/wp\/v2\/types\/post"}],"author":[{"embeddable":true,"href":"https:\/\/oexpressobr.com.br\/index.php?rest_route=\/wp\/v2\/users\/1"}],"replies":[{"embeddable":true,"href":"https:\/\/oexpressobr.com.br\/index.php?rest_route=%2Fwp%2Fv2%2Fcomments&post=4312"}],"version-history":[{"count":1,"href":"https:\/\/oexpressobr.com.br\/index.php?rest_route=\/wp\/v2\/posts\/4312\/revisions"}],"predecessor-version":[{"id":4314,"href":"https:\/\/oexpressobr.com.br\/index.php?rest_route=\/wp\/v2\/posts\/4312\/revisions\/4314"}],"wp:featuredmedia":[{"embeddable":true,"href":"https:\/\/oexpressobr.com.br\/index.php?rest_route=\/wp\/v2\/media\/4313"}],"wp:attachment":[{"href":"https:\/\/oexpressobr.com.br\/index.php?rest_route=%2Fwp%2Fv2%2Fmedia&parent=4312"}],"wp:term":[{"taxonomy":"category","embeddable":true,"href":"https:\/\/oexpressobr.com.br\/index.php?rest_route=%2Fwp%2Fv2%2Fcategories&post=4312"},{"taxonomy":"post_tag","embeddable":true,"href":"https:\/\/oexpressobr.com.br\/index.php?rest_route=%2Fwp%2Fv2%2Ftags&post=4312"}],"curies":[{"name":"wp","href":"https:\/\/api.w.org\/{rel}","templated":true}]}}