{"id":4315,"date":"2026-02-20T16:14:42","date_gmt":"2026-02-20T19:14:42","guid":{"rendered":"https:\/\/oexpressobr.com.br\/?p=4315"},"modified":"2026-02-20T16:14:44","modified_gmt":"2026-02-20T19:14:44","slug":"militantes-de-direita-cobram-michelle-bolsonaro-por-silencio-sobre-flavio-e-protagonismo-de-tarcisio","status":"publish","type":"post","link":"https:\/\/oexpressobr.com.br\/?p=4315","title":{"rendered":"Militantes de direita cobram Michelle Bolsonaro por sil\u00eancio sobre Fl\u00e1vio e protagonismo de Tarc\u00edsio"},"content":{"rendered":"\n<p class=\"wp-block-paragraph\">A temperatura subiu nas redes sociais da ex-primeira-dama Michelle Bolsonaro nesta semana. O que deveria ser um espa\u00e7o de engajamento conservador tornou-se palco de <strong>cobran\u00e7as incisivas de militantes de direita<\/strong>, que manifestaram descontentamento com a postura pol\u00edtica da presidente do PL Mulher em rela\u00e7\u00e3o ao cl\u00e3 Bolsonaro.<\/p>\n\n\n\n<h3 class=\"wp-block-heading\">\u200bOs pontos de atrito<\/h3>\n\n\n\n<p class=\"wp-block-paragraph\">\u200bO principal foco das cr\u00edticas reside na aus\u00eancia de manifesta\u00e7\u00f5es de apoio ao senador <strong>Fl\u00e1vio Bolsonaro<\/strong>. Seguidores questionaram abertamente o porqu\u00ea de Michelle n\u00e3o estar engajada na promo\u00e7\u00e3o da imagem ou das pautas do &#8220;filho 01&#8221; do ex-presidente, sugerindo uma poss\u00edvel fragmenta\u00e7\u00e3o interna ou falta de prioridade estrat\u00e9gica.<\/p>\n\n\n\n<p class=\"wp-block-paragraph\">\u200bAl\u00e9m disso, a milit\u00e2ncia reagiu negativamente a uma publica\u00e7\u00e3o recente de Michelle: o compartilhamento de um v\u00eddeo do governador de S\u00e3o Paulo, <strong>Tarc\u00edsio de Freitas<\/strong>, criticando o governo Lula. Para uma ala dos seguidores, a ex-primeira-dama est\u00e1 concedendo &#8220;espa\u00e7o excessivo&#8221; ao governador, em detrimento dos membros da pr\u00f3pria fam\u00edlia Bolsonaro.<\/p>\n\n\n\n<h3 class=\"wp-block-heading\">\u200bContexto pol\u00edtico<\/h3>\n\n\n\n<p class=\"wp-block-paragraph\">\u200bA insatisfa\u00e7\u00e3o reflete o debate sobre a sucess\u00e3o da lideran\u00e7a da direita no Brasil:<\/p>\n\n\n\n<ul class=\"wp-block-list\">\n<li>\u200b<strong>Fator Tarc\u00edsio:<\/strong> O governador \u00e9 visto por muitos como o herdeiro natural dos votos de Jair Bolsonaro, mas sofre resist\u00eancia de alas mais ideol\u00f3gicas que exigem fidelidade total \u00e0 fam\u00edlia.<\/li>\n\n\n\n<li>\u200b<strong>Papel de Michelle:<\/strong> Como uma das figuras mais populares da oposi\u00e7\u00e3o, cada movimento seu \u00e9 interpretado como um sinal de quem ter\u00e1 a &#8220;ben\u00e7\u00e3o&#8221; para os pr\u00f3ximos pleitos.<\/li>\n<\/ul>\n","protected":false},"excerpt":{"rendered":"<p>A temperatura subiu nas redes sociais da ex-primeira-dama Michelle Bolsonaro nesta semana. O que deveria ser um espa\u00e7o de engajamento conservador tornou-se palco de cobran\u00e7as [&#8230;]<\/p>\n","protected":false},"author":1,"featured_media":4316,"comment_status":"open","ping_status":"open","sticky":false,"template":"","format":"standard","meta":{"_crdt_document":"","_jetpack_memberships_contains_paid_content":false,"footnotes":"","jetpack_publicize_message":"","jetpack_publicize_feature_enabled":true,"jetpack_social_post_already_shared":true,"jetpack_social_options":{"image_generator_settings":{"template":"highway","default_image_id":0,"font":"","enabled":false},"version":2}},"categories":[7],"tags":[],"class_list":["post-4315","post","type-post","status-publish","format-standard","has-post-thumbnail","hentry","category-politica"],"jetpack_publicize_connections":[],"jetpack_featured_media_url":"https:\/\/i0.wp.com\/oexpressobr.com.br\/wp-content\/uploads\/2026\/02\/IMG-20260220-WA0253.jpg?fit=450%2C450&ssl=1","jetpack_likes_enabled":true,"jetpack_sharing_enabled":true,"_links":{"self":[{"href":"https:\/\/oexpressobr.com.br\/index.php?rest_route=\/wp\/v2\/posts\/4315","targetHints":{"allow":["GET"]}}],"collection":[{"href":"https:\/\/oexpressobr.com.br\/index.php?rest_route=\/wp\/v2\/posts"}],"about":[{"href":"https:\/\/oexpressobr.com.br\/index.php?rest_route=\/wp\/v2\/types\/post"}],"author":[{"embeddable":true,"href":"https:\/\/oexpressobr.com.br\/index.php?rest_route=\/wp\/v2\/users\/1"}],"replies":[{"embeddable":true,"href":"https:\/\/oexpressobr.com.br\/index.php?rest_route=%2Fwp%2Fv2%2Fcomments&post=4315"}],"version-history":[{"count":1,"href":"https:\/\/oexpressobr.com.br\/index.php?rest_route=\/wp\/v2\/posts\/4315\/revisions"}],"predecessor-version":[{"id":4317,"href":"https:\/\/oexpressobr.com.br\/index.php?rest_route=\/wp\/v2\/posts\/4315\/revisions\/4317"}],"wp:featuredmedia":[{"embeddable":true,"href":"https:\/\/oexpressobr.com.br\/index.php?rest_route=\/wp\/v2\/media\/4316"}],"wp:attachment":[{"href":"https:\/\/oexpressobr.com.br\/index.php?rest_route=%2Fwp%2Fv2%2Fmedia&parent=4315"}],"wp:term":[{"taxonomy":"category","embeddable":true,"href":"https:\/\/oexpressobr.com.br\/index.php?rest_route=%2Fwp%2Fv2%2Fcategories&post=4315"},{"taxonomy":"post_tag","embeddable":true,"href":"https:\/\/oexpressobr.com.br\/index.php?rest_route=%2Fwp%2Fv2%2Ftags&post=4315"}],"curies":[{"name":"wp","href":"https:\/\/api.w.org\/{rel}","templated":true}]}}