{"id":4319,"date":"2026-02-20T20:14:55","date_gmt":"2026-02-20T23:14:55","guid":{"rendered":"https:\/\/oexpressobr.com.br\/?p=4319"},"modified":"2026-02-20T20:14:57","modified_gmt":"2026-02-20T23:14:57","slug":"trump-aciona-secao-122-e-impoe-tarifa-global-de-10-apos-reves-na-suprema-corte","status":"publish","type":"post","link":"https:\/\/oexpressobr.com.br\/?p=4319","title":{"rendered":"Trump aciona Se\u00e7\u00e3o 122 e imp\u00f5e tarifa global de 10% ap\u00f3s rev\u00e9s na Suprema Corte"},"content":{"rendered":"\n<p class=\"wp-block-paragraph\">\u200bO presidente dos Estados Unidos, Donald Trump, anunciou nesta sexta-feira (20\/02\/2026) uma nova ofensiva comercial ao assinar uma ordem executiva que estabelece uma tarifa global de 10% sobre todas as importa\u00e7\u00f5es. A medida utiliza como base jur\u00eddica a <strong>Se\u00e7\u00e3o 122 da Lei de Com\u00e9rcio de 1974<\/strong>, um dispositivo legal que permite ao Executivo impor taxas de at\u00e9 15% por um per\u00edodo de 150 dias sem a necessidade de aval do Congresso, visando equilibrar a balan\u00e7a de pagamentos em situa\u00e7\u00f5es de d\u00e9ficit comercial.<\/p>\n\n\n\n<p class=\"wp-block-paragraph\">\u200bO an\u00fancio ocorreu poucas horas ap\u00f3s um duro golpe jur\u00eddico para a Casa Branca. Por <strong>6 votos a 3<\/strong>, a Suprema Corte dos Estados Unidos decidiu que Trump excedeu sua autoridade constitucional ao aplicar o chamado &#8220;tarifa\u00e7o&#8221; anterior (que chegou a 50% para alguns pa\u00edses, como o Brasil) por meio da Lei de Poderes Econ\u00f4micos de Emerg\u00eancia Internacional (IEEPA). Os magistrados entenderam que o presidente n\u00e3o pode criar tributos de forma ampla e ilimitada sob o pretexto de emerg\u00eancia nacional, prerrogativa que pertence ao Legislativo.<\/p>\n\n\n\n<h3 class=\"wp-block-heading\">\u200bO &#8220;Plano B&#8221; e os Desdobramentos<\/h3>\n\n\n\n<p class=\"wp-block-paragraph\">\u200bEm tom desafiador, Trump criticou a decis\u00e3o judicial, classificando-a como &#8220;profundamente decepcionante&#8221; e afirmando ter &#8220;vergonha&#8221; de certos membros da Corte. O novo decreto de 10% \u00e9 visto como um &#8220;plano B&#8221; para manter a pol\u00edtica protecionista enquanto o governo reorganiza sua estrat\u00e9gia comercial.<\/p>\n\n\n\n<p class=\"wp-block-paragraph\">\u200b<strong>Principais pontos da nova medida:<\/strong><\/p>\n\n\n\n<ul class=\"wp-block-list\">\n<li>\u200b<strong>Vig\u00eancia:<\/strong> As novas tarifas entram em vigor em tr\u00eas dias.<\/li>\n\n\n\n<li>\u200b<strong>Dura\u00e7\u00e3o:<\/strong> O mecanismo da Se\u00e7\u00e3o 122 \u00e9 tempor\u00e1rio, limitado a 150 dias, mas o governo j\u00e1 sinalizou que buscar\u00e1 renova\u00e7\u00f5es ou novas investiga\u00e7\u00f5es via Se\u00e7\u00e3o 301 para manter a press\u00e3o sobre parceiros comerciais.<\/li>\n\n\n\n<li>\u200b<strong>Car\u00e1ter Cumulativo:<\/strong> Segundo o Representante de Com\u00e9rcio dos EUA (USTR), Jamieson Greer, a nova taxa de 10% ser\u00e1 aplicada de forma cumulativa \u00e0s tarifas remanescentes que n\u00e3o foram afetadas pela decis\u00e3o judicial.<\/li>\n\n\n\n<li>\u200b<strong>Impacto no Brasil:<\/strong> Antes da decis\u00e3o da Corte, cerca de 37% das exporta\u00e7\u00f5es brasileiras para os EUA estavam sobretaxadas. Embora a queda do &#8220;tarifa\u00e7o&#8221; anterior represente um al\u00edvio potencial de US$ 2 bilh\u00f5es anuais para o Brasil, a nova taxa global de 10% deve moderar esse otimismo.<\/li>\n<\/ul>\n\n\n\n<h3 class=\"wp-block-heading\">\u200bRea\u00e7\u00e3o do Mercado e Incertezas Judiciais<\/h3>\n\n\n\n<p class=\"wp-block-paragraph\">\u200bO mercado financeiro reagiu com volatilidade: o d\u00f3lar chegou a operar em queda logo ap\u00f3s a decis\u00e3o da Suprema Corte, mas a r\u00e1pida resposta de Trump com o novo decreto trouxe de volta a cautela.<\/p>\n\n\n\n<p class=\"wp-block-paragraph\">\u200bResta agora uma batalha jur\u00eddica sobre os valores j\u00e1 arrecadados pelo governo sob as leis invalidadas \u2014 estima-se que o Tesouro americano tenha coletado mais de <strong>US$ 175 bilh\u00f5es<\/strong> com o tarifa\u00e7o anterior. Trump previu que a disputa por reembolsos &#8220;levar\u00e1 anos nos tribunais&#8221;, enquanto l\u00edderes globais e blocos econ\u00f4micos, como a Uni\u00e3o Europeia, avaliam medidas de retalia\u00e7\u00e3o diante da insist\u00eancia de Washington em barreiras alfandeg\u00e1rias unilaterais.<\/p>\n","protected":false},"excerpt":{"rendered":"<p>\u200bO presidente dos Estados Unidos, Donald Trump, anunciou nesta sexta-feira (20\/02\/2026) uma nova ofensiva comercial ao assinar uma ordem executiva que estabelece uma tarifa global [&#8230;]<\/p>\n","protected":false},"author":1,"featured_media":4320,"comment_status":"open","ping_status":"open","sticky":false,"template":"","format":"standard","meta":{"_crdt_document":"","_jetpack_memberships_contains_paid_content":false,"footnotes":"","jetpack_publicize_message":"","jetpack_publicize_feature_enabled":true,"jetpack_social_post_already_shared":true,"jetpack_social_options":{"image_generator_settings":{"template":"highway","default_image_id":0,"font":"","enabled":false},"version":2}},"categories":[15],"tags":[],"class_list":["post-4319","post","type-post","status-publish","format-standard","has-post-thumbnail","hentry","category-internacional"],"jetpack_publicize_connections":[],"jetpack_featured_media_url":"https:\/\/i0.wp.com\/oexpressobr.com.br\/wp-content\/uploads\/2026\/02\/390f2330-0e72-11f1-801d-ed3cff6bf876.jpg.webp?fit=800%2C450&ssl=1","jetpack_likes_enabled":true,"jetpack_sharing_enabled":true,"_links":{"self":[{"href":"https:\/\/oexpressobr.com.br\/index.php?rest_route=\/wp\/v2\/posts\/4319","targetHints":{"allow":["GET"]}}],"collection":[{"href":"https:\/\/oexpressobr.com.br\/index.php?rest_route=\/wp\/v2\/posts"}],"about":[{"href":"https:\/\/oexpressobr.com.br\/index.php?rest_route=\/wp\/v2\/types\/post"}],"author":[{"embeddable":true,"href":"https:\/\/oexpressobr.com.br\/index.php?rest_route=\/wp\/v2\/users\/1"}],"replies":[{"embeddable":true,"href":"https:\/\/oexpressobr.com.br\/index.php?rest_route=%2Fwp%2Fv2%2Fcomments&post=4319"}],"version-history":[{"count":1,"href":"https:\/\/oexpressobr.com.br\/index.php?rest_route=\/wp\/v2\/posts\/4319\/revisions"}],"predecessor-version":[{"id":4321,"href":"https:\/\/oexpressobr.com.br\/index.php?rest_route=\/wp\/v2\/posts\/4319\/revisions\/4321"}],"wp:featuredmedia":[{"embeddable":true,"href":"https:\/\/oexpressobr.com.br\/index.php?rest_route=\/wp\/v2\/media\/4320"}],"wp:attachment":[{"href":"https:\/\/oexpressobr.com.br\/index.php?rest_route=%2Fwp%2Fv2%2Fmedia&parent=4319"}],"wp:term":[{"taxonomy":"category","embeddable":true,"href":"https:\/\/oexpressobr.com.br\/index.php?rest_route=%2Fwp%2Fv2%2Fcategories&post=4319"},{"taxonomy":"post_tag","embeddable":true,"href":"https:\/\/oexpressobr.com.br\/index.php?rest_route=%2Fwp%2Fv2%2Ftags&post=4319"}],"curies":[{"name":"wp","href":"https:\/\/api.w.org\/{rel}","templated":true}]}}