{"id":4329,"date":"2026-02-20T20:26:43","date_gmt":"2026-02-20T23:26:43","guid":{"rendered":"https:\/\/oexpressobr.com.br\/?p=4329"},"modified":"2026-02-20T20:26:45","modified_gmt":"2026-02-20T23:26:45","slug":"pgr-e-policia-federal-se-manifestam-contra-prisao-domiciliar-de-jair-bolsonaro","status":"publish","type":"post","link":"https:\/\/oexpressobr.com.br\/?p=4329","title":{"rendered":"PGR e Pol\u00edcia Federal se manifestam contra pris\u00e3o domiciliar de Jair Bolsonaro"},"content":{"rendered":"\n<p class=\"wp-block-paragraph\"><strong>BRAS\u00cdLIA<\/strong> \u2013 A Procuradoria-Geral da Rep\u00fablica (PGR) enviou nesta sexta-feira (20) um parecer decisivo ao Supremo Tribunal Federal (STF) posicionando-se contra o pedido de pris\u00e3o domiciliar humanit\u00e1ria formulado pela defesa do ex-presidente Jair Bolsonaro. O documento, assinado pelo procurador-geral Paulo Gonet, baseia-se em laudos periciais recentes que indicam que o estado de sa\u00fade do ex-mandat\u00e1rio n\u00e3o exige transfer\u00eancia para um ambiente hospitalar ou dom\u00e9stico.<\/p>\n\n\n\n<p class=\"wp-block-paragraph\">\u200bO parecer surge em um momento cr\u00edtico do processo de execu\u00e7\u00e3o da pena de Bolsonaro, condenado a 27 anos e tr\u00eas meses de pris\u00e3o por crimes relacionados \u00e0 tentativa de golpe de Estado. Atualmente, o ex-presidente cumpre a medida em uma Sala de Estado-Maior no 19\u00ba Batalh\u00e3o da Pol\u00edcia Militar do Distrito Federal, local conhecido como &#8220;Papudinha&#8221;, dentro do Complexo da Papuda.<\/p>\n\n\n\n<h3 class=\"wp-block-heading\">\u200bArgumentos t\u00e9cnicos e assist\u00eancia m\u00e9dica<\/h3>\n\n\n\n<p class=\"wp-block-paragraph\">\u200bDe acordo com a manifesta\u00e7\u00e3o da PGR, a per\u00edcia m\u00e9dica realizada pela Pol\u00edcia Federal (PF) concluiu que, embora Bolsonaro apresente patologias cr\u00f4nicas \u2014 decorrentes de sequelas da facada sofrida em 2018 e problemas card\u00edacos \u2014, as mesmas est\u00e3o sob controle cl\u00ednico e medicamentoso.<\/p>\n\n\n\n<p class=\"wp-block-paragraph\">\u200b&#8221;A autoridade pericial \u00e9 perempt\u00f3ria ao consignar que as doen\u00e7as cr\u00f4nicas encontram-se sob controle&#8221;, afirmou Gonet no texto enviado ao ministro Alexandre de Moraes. O procurador destacou ainda que a unidade prisional onde Bolsonaro se encontra detido possui estrutura adequada, com assist\u00eancia m\u00e9dica 24 horas e uma unidade avan\u00e7ada do Samu para emerg\u00eancias.<\/p>\n\n\n\n<h3 class=\"wp-block-heading\">\u200bO pedido da defesa<\/h3>\n\n\n\n<p class=\"wp-block-paragraph\">\u200bOs advogados de Jair Bolsonaro fundamentaram o pedido de pris\u00e3o domiciliar na tese de &#8220;risco aumentado de quedas&#8221; e na suposta &#8220;deteriora\u00e7\u00e3o progressiva&#8221; do quadro cl\u00ednico do ex-presidente. A defesa alegava que a manuten\u00e7\u00e3o do regime fechado comprometia a estabilidade f\u00edsica do r\u00e9u, exigindo cuidados que apenas o ambiente domiciliar poderia prover com seguran\u00e7a.<\/p>\n\n\n\n<p class=\"wp-block-paragraph\">\u200bContudo, para a PGR, as sugest\u00f5es da per\u00edcia \u2014 como adapta\u00e7\u00f5es na dieta e monitoramento preventivo \u2014 podem ser plenamente atendidas pela administra\u00e7\u00e3o penitenci\u00e1ria sem a necessidade de altera\u00e7\u00e3o do regime de cust\u00f3dia.<\/p>\n\n\n\n<h3 class=\"wp-block-heading\">\u200bHist\u00f3rico e pr\u00f3ximos passos<\/h3>\n\n\n\n<p class=\"wp-block-paragraph\">\u200bO caso \u00e9 acompanhado de perto pelo ministro Alexandre de Moraes, relator da execu\u00e7\u00e3o penal. Vale lembrar que Bolsonaro chegou a cumprir pris\u00e3o domiciliar em 2025, mas a medida foi convertida em preventiva em novembro do mesmo ano ap\u00f3s epis\u00f3dios de viola\u00e7\u00e3o da tornozeleira eletr\u00f4nica e ind\u00edcios de risco de fuga para embaixadas estrangeiras.<\/p>\n\n\n\n<p class=\"wp-block-paragraph\">\u200bCom o parecer da PGR em m\u00e3os e o laudo da PF conclu\u00eddo, cabe agora ao ministro Alexandre de Moraes proferir a decis\u00e3o final sobre o pedido. Caso a domiciliar seja negada, Bolsonaro permanecer\u00e1 no 19\u00ba BPM cumprindo sua senten\u00e7a conforme determinado pelo STF.<\/p>\n","protected":false},"excerpt":{"rendered":"<p>BRAS\u00cdLIA \u2013 A Procuradoria-Geral da Rep\u00fablica (PGR) enviou nesta sexta-feira (20) um parecer decisivo ao Supremo Tribunal Federal (STF) posicionando-se contra o pedido de pris\u00e3o [&#8230;]<\/p>\n","protected":false},"author":1,"featured_media":4330,"comment_status":"open","ping_status":"open","sticky":false,"template":"","format":"standard","meta":{"_crdt_document":"","_jetpack_memberships_contains_paid_content":false,"footnotes":"","jetpack_publicize_message":"","jetpack_publicize_feature_enabled":true,"jetpack_social_post_already_shared":true,"jetpack_social_options":{"image_generator_settings":{"template":"highway","default_image_id":0,"font":"","enabled":false},"version":2}},"categories":[8],"tags":[],"class_list":["post-4329","post","type-post","status-publish","format-standard","has-post-thumbnail","hentry","category-judiciario"],"jetpack_publicize_connections":[],"jetpack_featured_media_url":"https:\/\/i0.wp.com\/oexpressobr.com.br\/wp-content\/uploads\/2026\/02\/IMG-20260220-WA0352.jpg?fit=1600%2C1066&ssl=1","jetpack_likes_enabled":true,"jetpack_sharing_enabled":true,"_links":{"self":[{"href":"https:\/\/oexpressobr.com.br\/index.php?rest_route=\/wp\/v2\/posts\/4329","targetHints":{"allow":["GET"]}}],"collection":[{"href":"https:\/\/oexpressobr.com.br\/index.php?rest_route=\/wp\/v2\/posts"}],"about":[{"href":"https:\/\/oexpressobr.com.br\/index.php?rest_route=\/wp\/v2\/types\/post"}],"author":[{"embeddable":true,"href":"https:\/\/oexpressobr.com.br\/index.php?rest_route=\/wp\/v2\/users\/1"}],"replies":[{"embeddable":true,"href":"https:\/\/oexpressobr.com.br\/index.php?rest_route=%2Fwp%2Fv2%2Fcomments&post=4329"}],"version-history":[{"count":1,"href":"https:\/\/oexpressobr.com.br\/index.php?rest_route=\/wp\/v2\/posts\/4329\/revisions"}],"predecessor-version":[{"id":4331,"href":"https:\/\/oexpressobr.com.br\/index.php?rest_route=\/wp\/v2\/posts\/4329\/revisions\/4331"}],"wp:featuredmedia":[{"embeddable":true,"href":"https:\/\/oexpressobr.com.br\/index.php?rest_route=\/wp\/v2\/media\/4330"}],"wp:attachment":[{"href":"https:\/\/oexpressobr.com.br\/index.php?rest_route=%2Fwp%2Fv2%2Fmedia&parent=4329"}],"wp:term":[{"taxonomy":"category","embeddable":true,"href":"https:\/\/oexpressobr.com.br\/index.php?rest_route=%2Fwp%2Fv2%2Fcategories&post=4329"},{"taxonomy":"post_tag","embeddable":true,"href":"https:\/\/oexpressobr.com.br\/index.php?rest_route=%2Fwp%2Fv2%2Ftags&post=4329"}],"curies":[{"name":"wp","href":"https:\/\/api.w.org\/{rel}","templated":true}]}}