{"id":4332,"date":"2026-02-20T20:33:19","date_gmt":"2026-02-20T23:33:19","guid":{"rendered":"https:\/\/oexpressobr.com.br\/?p=4332"},"modified":"2026-02-20T20:33:22","modified_gmt":"2026-02-20T23:33:22","slug":"presidente-da-unafisco-depoe-a-pf-como-investigado-apos-criticas-ao-ministro-alexandre-de-moraes","status":"publish","type":"post","link":"https:\/\/oexpressobr.com.br\/?p=4332","title":{"rendered":"PRESIDENTE da Unafisco dep\u00f5e \u00e0 PF como investigado ap\u00f3s cr\u00edticas ao ministro Alexandre de Moraes"},"content":{"rendered":"\n<p class=\"wp-block-paragraph\"><strong>BRAS\u00cdLIA<\/strong> \u2013 O presidente da Associa\u00e7\u00e3o Nacional dos Auditores Fiscais da Receita Federal (Unafisco), Kleber Cabral, prestou depoimento \u00e0 Pol\u00edcia Federal (PF) nesta sexta-feira (20), na condi\u00e7\u00e3o de investigado. A oitiva, realizada de forma remota por videoconfer\u00eancia, foi determinada pelo ministro Alexandre de Moraes, do Supremo Tribunal Federal (STF), no \u00e2mbito do Inqu\u00e9rito das Fake News.<\/p>\n\n\n\n<p class=\"wp-block-paragraph\">\u200bA convoca\u00e7\u00e3o de Cabral ocorreu ap\u00f3s o dirigente conceder entrevistas \u00e0 imprensa criticando uma opera\u00e7\u00e3o da PF deflagrada na \u00faltima ter\u00e7a-feira (17). Na ocasi\u00e3o, quatro servidores da Receita Federal foram alvos de buscas e medidas cautelares sob a suspeita de acessarem indevidamente dados fiscais sigilosos de ministros do STF e de seus familiares. Entre as cr\u00edticas, o presidente da Unafisco afirmou que os auditores fiscais teriam hoje &#8220;mais receio de investigar criminosos do PCC do que integrantes do STF&#8221;, sugerindo um ambiente de intimida\u00e7\u00e3o institucional.<\/p>\n\n\n\n<h3 class=\"wp-block-heading\">\u200bO contexto das cr\u00edticas e a rea\u00e7\u00e3o do STF<\/h3>\n\n\n\n<p class=\"wp-block-paragraph\">\u200bKleber Cabral e o vice-presidente da entidade, Mauro Silva, v\u00eam classificando as medidas impostas por Moraes \u2014 que incluem o uso de tornozeleira eletr\u00f4nica e o cancelamento de passaportes de servidores \u2014 como &#8220;desproporcionais&#8221; e &#8220;exageradas&#8221;. Segundo a Unafisco, a maioria dos casos investigados trata-se de &#8220;acesso imotivado&#8221; (bisbilhotagem interna) e n\u00e3o necessariamente de vazamento de dados para terceiros.<\/p>\n\n\n\n<p class=\"wp-block-paragraph\">\u200bA defesa da categoria argumenta que a Receita Federal possui sistemas rastre\u00e1veis e que qualquer desvio deve ser apurado sem &#8220;espetaculariza\u00e7\u00e3o&#8221;. A entidade tamb\u00e9m relembrou epis\u00f3dios de 2019, quando auditores foram afastados sob suspeitas semelhantes que, posteriormente, n\u00e3o foram comprovadas, resultando na reintegra\u00e7\u00e3o dos servidores.<\/p>\n\n\n\n<h3 class=\"wp-block-heading\">\u200bRepercuss\u00e3o e den\u00fancias de abuso<\/h3>\n\n\n\n<p class=\"wp-block-paragraph\">\u200bA decis\u00e3o de Moraes de intimar um l\u00edder sindical por suas declara\u00e7\u00f5es p\u00fablicas gerou forte rea\u00e7\u00e3o de entidades internacionais e da oposi\u00e7\u00e3o no Congresso. A ONG Transpar\u00eancia Internacional classificou a medida como um &#8220;autoritarismo estarrecedor&#8221; e um caso de &#8220;intimida\u00e7\u00e3o oficial&#8221;, afirmando que a a\u00e7\u00e3o cria um &#8220;efeito dissuas\u00f3rio&#8221; sobre agentes da lei que ousam investigar ou criticar autoridades de c\u00fapula.<\/p>\n\n\n\n<p class=\"wp-block-paragraph\">\u200bNo cen\u00e1rio pol\u00edtico, parlamentares da oposi\u00e7\u00e3o criticaram o uso do Inqu\u00e9rito das Fake News para constranger cr\u00edticas institucionais, alegando que a liberdade de express\u00e3o e a imunidade da representa\u00e7\u00e3o sindical estariam sendo violadas.<\/p>\n\n\n\n<h3 class=\"wp-block-heading\">\u200bPr\u00f3ximos passos<\/h3>\n\n\n\n<p class=\"wp-block-paragraph\">\u200bO teor do depoimento de Kleber Cabral permanece sob sigilo de Justi\u00e7a. Enquanto isso, a auditoria interna da Receita Federal segue em curso para identificar a extens\u00e3o dos acessos aos dados dos ministros. O ministro Alexandre de Moraes mant\u00e9m as medidas cautelares contra os servidores investigados, sob o argumento de que a prote\u00e7\u00e3o ao sigilo fiscal e a integridade dos membros da Suprema Corte s\u00e3o fundamentais para a estabilidade democr\u00e1tica.<\/p>\n","protected":false},"excerpt":{"rendered":"<p>BRAS\u00cdLIA \u2013 O presidente da Associa\u00e7\u00e3o Nacional dos Auditores Fiscais da Receita Federal (Unafisco), Kleber Cabral, prestou depoimento \u00e0 Pol\u00edcia Federal (PF) nesta sexta-feira (20), [&#8230;]<\/p>\n","protected":false},"author":1,"featured_media":4333,"comment_status":"open","ping_status":"open","sticky":false,"template":"","format":"standard","meta":{"_crdt_document":"","_jetpack_memberships_contains_paid_content":false,"footnotes":"","jetpack_publicize_message":"","jetpack_publicize_feature_enabled":true,"jetpack_social_post_already_shared":true,"jetpack_social_options":{"image_generator_settings":{"template":"highway","default_image_id":0,"font":"","enabled":false},"version":2}},"categories":[8],"tags":[],"class_list":["post-4332","post","type-post","status-publish","format-standard","has-post-thumbnail","hentry","category-judiciario"],"jetpack_publicize_connections":[],"jetpack_featured_media_url":"https:\/\/i0.wp.com\/oexpressobr.com.br\/wp-content\/uploads\/2026\/02\/kleber-cabral-presidente-da-unafisco-1280x720.jpg.webp?fit=1280%2C720&ssl=1","jetpack_likes_enabled":true,"jetpack_sharing_enabled":true,"_links":{"self":[{"href":"https:\/\/oexpressobr.com.br\/index.php?rest_route=\/wp\/v2\/posts\/4332","targetHints":{"allow":["GET"]}}],"collection":[{"href":"https:\/\/oexpressobr.com.br\/index.php?rest_route=\/wp\/v2\/posts"}],"about":[{"href":"https:\/\/oexpressobr.com.br\/index.php?rest_route=\/wp\/v2\/types\/post"}],"author":[{"embeddable":true,"href":"https:\/\/oexpressobr.com.br\/index.php?rest_route=\/wp\/v2\/users\/1"}],"replies":[{"embeddable":true,"href":"https:\/\/oexpressobr.com.br\/index.php?rest_route=%2Fwp%2Fv2%2Fcomments&post=4332"}],"version-history":[{"count":1,"href":"https:\/\/oexpressobr.com.br\/index.php?rest_route=\/wp\/v2\/posts\/4332\/revisions"}],"predecessor-version":[{"id":4334,"href":"https:\/\/oexpressobr.com.br\/index.php?rest_route=\/wp\/v2\/posts\/4332\/revisions\/4334"}],"wp:featuredmedia":[{"embeddable":true,"href":"https:\/\/oexpressobr.com.br\/index.php?rest_route=\/wp\/v2\/media\/4333"}],"wp:attachment":[{"href":"https:\/\/oexpressobr.com.br\/index.php?rest_route=%2Fwp%2Fv2%2Fmedia&parent=4332"}],"wp:term":[{"taxonomy":"category","embeddable":true,"href":"https:\/\/oexpressobr.com.br\/index.php?rest_route=%2Fwp%2Fv2%2Fcategories&post=4332"},{"taxonomy":"post_tag","embeddable":true,"href":"https:\/\/oexpressobr.com.br\/index.php?rest_route=%2Fwp%2Fv2%2Ftags&post=4332"}],"curies":[{"name":"wp","href":"https:\/\/api.w.org\/{rel}","templated":true}]}}