{"id":4335,"date":"2026-02-20T20:39:22","date_gmt":"2026-02-20T23:39:22","guid":{"rendered":"https:\/\/oexpressobr.com.br\/?p=4335"},"modified":"2026-02-20T20:39:24","modified_gmt":"2026-02-20T23:39:24","slug":"grupo-pacheco-revoluciona-construcao-civil-com-tecnologia-alema-e-produz-chales-em-40-minutos","status":"publish","type":"post","link":"https:\/\/oexpressobr.com.br\/?p=4335","title":{"rendered":"Grupo Pacheco revoluciona constru\u00e7\u00e3o civil com tecnologia alem\u00e3 e produz chal\u00e9s em 40 minutos"},"content":{"rendered":"\n<p class=\"wp-block-paragraph\">\u200bA industrializa\u00e7\u00e3o da constru\u00e7\u00e3o civil deu um salto tecnol\u00f3gico em Santa Catarina. O Grupo Pacheco, sediado em Jaguaruna, no Sul do estado, implementou uma linha de montagem automatizada que utiliza tecnologia alem\u00e3 adaptada para fabricar chal\u00e9s de madeira modulares em apenas 40 minutos. A inova\u00e7\u00e3o promete transformar o setor de turismo e habita\u00e7\u00e3o, oferecendo rapidez, precis\u00e3o industrial e desperd\u00edcio zero.<\/p>\n\n\n\n<p class=\"wp-block-paragraph\">\u200bPara alcan\u00e7ar essa marca impressionante, a empresa investiu na integra\u00e7\u00e3o de maquin\u00e1rio europeu com bra\u00e7os rob\u00f3ticos chineses e softwares de automa\u00e7\u00e3o desenvolvidos internamente. Segundo a diretoria do grupo, o objetivo foi adaptar a tecnologia alem\u00e3 \u2014 conhecida pela precis\u00e3o milim\u00e9trica \u2014 \u00e0s necessidades espec\u00edficas do mercado brasileiro e aos tipos de madeira de reflorestamento utilizados no pa\u00eds.<\/p>\n\n\n\n<h3 class=\"wp-block-heading\">\u200bRapidez da f\u00e1brica ao terreno<\/h3>\n\n\n\n<p class=\"wp-block-paragraph\">\u200bEmbora a estrutura principal seja finalizada em menos de uma hora dentro da f\u00e1brica, a agilidade se estende tamb\u00e9m \u00e0 montagem final. Enquanto uma constru\u00e7\u00e3o de alvenaria convencional pode levar meses, os chal\u00e9s modulares da marca podem ser instalados no terreno em um per\u00edodo que varia de 12 horas a 4 dias, dependendo da complexidade do projeto.<\/p>\n\n\n\n<p class=\"wp-block-paragraph\">\u200b&#8221;Trazer a constru\u00e7\u00e3o para dentro do ambiente controlado da f\u00e1brica nos permite uma precis\u00e3o que o canteiro de obras artesanal n\u00e3o alcan\u00e7a&#8221;, afirma Samuel Pacheco, diretor da empresa. Esse modelo de &#8220;constru\u00e7\u00e3o a seco&#8221; \u00e9 especialmente atrativo para investidores de plataformas como o Airbnb e propriet\u00e1rios de pousadas na Serra Catarinense e no Vale do Itaja\u00ed, que buscam retorno r\u00e1pido sobre o investimento.<\/p>\n\n\n\n<h3 class=\"wp-block-heading\">\u200bExpans\u00e3o e sustentabilidade<\/h3>\n\n\n\n<p class=\"wp-block-paragraph\">\u200bA iniciativa n\u00e3o se limita apenas \u00e0 produ\u00e7\u00e3o. Atrav\u00e9s da marca <strong>321 Modular<\/strong>, o grupo planeja uma expans\u00e3o robusta via franquias, com a meta de abrir mais de 90 unidades pelo Brasil. O modelo de neg\u00f3cio foca na sustentabilidade, utilizando madeira de reflorestamento, o que reduz drasticamente o impacto ambiental em compara\u00e7\u00e3o aos m\u00e9todos tradicionais.<\/p>\n\n\n\n<p class=\"wp-block-paragraph\">\u200bAl\u00e9m do ganho de tempo, a tecnologia resolve gargalos hist\u00f3ricos do setor, como a escassez de m\u00e3o de obra qualificada e o alto \u00edndice de sobra de materiais. Com investimentos que partem de R$ 220 mil, as estruturas entregues incluem op\u00e7\u00f5es totalmente mobiliadas, prontas para uso imediato, consolidando Santa Catarina como um dos principais polos de inova\u00e7\u00e3o em constru\u00e7\u00e3o modular da Am\u00e9rica Latina.<\/p>\n","protected":false},"excerpt":{"rendered":"<p>\u200bA industrializa\u00e7\u00e3o da constru\u00e7\u00e3o civil deu um salto tecnol\u00f3gico em Santa Catarina. O Grupo Pacheco, sediado em Jaguaruna, no Sul do estado, implementou uma linha [&#8230;]<\/p>\n","protected":false},"author":1,"featured_media":4336,"comment_status":"open","ping_status":"open","sticky":false,"template":"","format":"standard","meta":{"_crdt_document":"","_jetpack_memberships_contains_paid_content":false,"footnotes":"","jetpack_publicize_message":"","jetpack_publicize_feature_enabled":true,"jetpack_social_post_already_shared":true,"jetpack_social_options":{"image_generator_settings":{"template":"highway","default_image_id":0,"font":"","enabled":false},"version":2}},"categories":[46],"tags":[],"class_list":["post-4335","post","type-post","status-publish","format-standard","has-post-thumbnail","hentry","category-cidades"],"jetpack_publicize_connections":[],"jetpack_featured_media_url":"https:\/\/i0.wp.com\/oexpressobr.com.br\/wp-content\/uploads\/2026\/02\/chales-modulares-Grupo-Pacheco.jpg.webp?fit=1200%2C630&ssl=1","jetpack_likes_enabled":true,"jetpack_sharing_enabled":true,"_links":{"self":[{"href":"https:\/\/oexpressobr.com.br\/index.php?rest_route=\/wp\/v2\/posts\/4335","targetHints":{"allow":["GET"]}}],"collection":[{"href":"https:\/\/oexpressobr.com.br\/index.php?rest_route=\/wp\/v2\/posts"}],"about":[{"href":"https:\/\/oexpressobr.com.br\/index.php?rest_route=\/wp\/v2\/types\/post"}],"author":[{"embeddable":true,"href":"https:\/\/oexpressobr.com.br\/index.php?rest_route=\/wp\/v2\/users\/1"}],"replies":[{"embeddable":true,"href":"https:\/\/oexpressobr.com.br\/index.php?rest_route=%2Fwp%2Fv2%2Fcomments&post=4335"}],"version-history":[{"count":1,"href":"https:\/\/oexpressobr.com.br\/index.php?rest_route=\/wp\/v2\/posts\/4335\/revisions"}],"predecessor-version":[{"id":4337,"href":"https:\/\/oexpressobr.com.br\/index.php?rest_route=\/wp\/v2\/posts\/4335\/revisions\/4337"}],"wp:featuredmedia":[{"embeddable":true,"href":"https:\/\/oexpressobr.com.br\/index.php?rest_route=\/wp\/v2\/media\/4336"}],"wp:attachment":[{"href":"https:\/\/oexpressobr.com.br\/index.php?rest_route=%2Fwp%2Fv2%2Fmedia&parent=4335"}],"wp:term":[{"taxonomy":"category","embeddable":true,"href":"https:\/\/oexpressobr.com.br\/index.php?rest_route=%2Fwp%2Fv2%2Fcategories&post=4335"},{"taxonomy":"post_tag","embeddable":true,"href":"https:\/\/oexpressobr.com.br\/index.php?rest_route=%2Fwp%2Fv2%2Ftags&post=4335"}],"curies":[{"name":"wp","href":"https:\/\/api.w.org\/{rel}","templated":true}]}}