{"id":4338,"date":"2026-02-20T20:45:33","date_gmt":"2026-02-20T23:45:33","guid":{"rendered":"https:\/\/oexpressobr.com.br\/?p=4338"},"modified":"2026-02-20T20:45:36","modified_gmt":"2026-02-20T23:45:36","slug":"suprema-corte-barreia-trump-e-eua-podem-ter-que-devolver-bilhoes-a-importadores","status":"publish","type":"post","link":"https:\/\/oexpressobr.com.br\/?p=4338","title":{"rendered":"SUPREMA CORTE barreia Trump e EUA podem ter que devolver bilh\u00f5es a importadores"},"content":{"rendered":"\n<p class=\"wp-block-paragraph\">\u200bA guerra comercial travada pelo governo de Donald Trump sofreu um rev\u00e9s hist\u00f3rico nesta sexta-feira (20). Em uma decis\u00e3o que redefine os limites do poder executivo, a Suprema Corte dos Estados Unidos barrou a aplica\u00e7\u00e3o de tarifas horizontais impostas pelo presidente republicano, sob o argumento de que a Casa Branca n\u00e3o pode utilizar &#8220;improvisos&#8221; legais para contornar a autoridade do Congresso em temas tribut\u00e1rios. O veredito abre caminho para que empresas americanas e importadores globais busquem a restitui\u00e7\u00e3o de montantes que podem chegar a <strong>US$ 175 bilh\u00f5es<\/strong>.<\/p>\n\n\n\n<h3 class=\"wp-block-heading\">\u200bO que est\u00e1 em jogo: o &#8220;imposto&#8221; da disc\u00f3rdia<\/h3>\n\n\n\n<p class=\"wp-block-paragraph\">\u200bA decis\u00e3o foca no m\u00e9todo pelo qual as tarifas foram aplicadas. Trump havia escalado as al\u00edquotas sob justificativas de seguran\u00e7a nacional e pr\u00e1ticas comerciais desleais (utilizando as Se\u00e7\u00f5es 232 e 301 da legisla\u00e7\u00e3o comercial), elevando taxas para produtos da China (at\u00e9 145%), Brasil e \u00cdndia (at\u00e9 50%). No entanto, a Corte entendeu que o formato de aplica\u00e7\u00e3o ampla e irrestrita feriu ritos constitucionais.<\/p>\n\n\n\n<p class=\"wp-block-paragraph\">\u200b<strong>Os reflexos imediatos incluem:<\/strong><\/p>\n\n\n\n<ul class=\"wp-block-list\">\n<li>\u200b<strong>Devolu\u00e7\u00e3o de dinheiro:<\/strong> Estima-se que o governo americano possa ser obrigado a reembolsar cerca de US$ 175 bilh\u00f5es a US$ 200 bilh\u00f5es a empresas que pagaram as sobretaxas nos \u00faltimos meses.<\/li>\n\n\n\n<li>\u200b<strong>Al\u00edvio inflacion\u00e1rio:<\/strong> A tarifa horizontal vinha sendo apontada como o principal motor da infla\u00e7\u00e3o nos supermercados americanos, funcionando como um imposto indireto pago pelo consumidor final.<\/li>\n\n\n\n<li>\u200b<strong>Janela para o Brasil:<\/strong> Setores brasileiros que vinham sofrendo com a taxa\u00e7\u00e3o de 50%, como o de celulose e partes da cadeia do agroneg\u00f3cio, veem uma oportunidade de recupera\u00e7\u00e3o, embora a cautela ainda prevale\u00e7a no Itamaraty.<\/li>\n<\/ul>\n\n\n\n<h3 class=\"wp-block-heading\">\u200bA rea\u00e7\u00e3o de Trump: &#8220;Uma desgra\u00e7a&#8221;<\/h3>\n\n\n\n<p class=\"wp-block-paragraph\">\u200bO presidente Donald Trump reagiu com dureza \u00e0 decis\u00e3o, classificando-a como uma &#8220;desgra\u00e7a&#8221; em suas redes sociais. Em uma tentativa de manter sua agenda protecionista viva, Trump j\u00e1 anunciou uma nova <strong>tarifa global de 10%<\/strong> e afirmou que todas as investiga\u00e7\u00f5es sobre pr\u00e1ticas comerciais desleais continuar\u00e3o sob novos formatos legais.<\/p>\n\n\n\n<p class=\"wp-block-paragraph\">\u200bPara ele, a decis\u00e3o n\u00e3o anulou o direito de taxar, mas apenas o &#8220;formato de aplica\u00e7\u00e3o&#8221;. &#8220;Agora estou indo em uma dire\u00e7\u00e3o diferente&#8221;, afirmou o presidente, sinalizando que a tr\u00e9gua comercial com gigantes como a China \u2014 que havia sido firmada recentemente com a participa\u00e7\u00e3o de Xi Jinping \u2014 pode ser inst\u00e1vel.<\/p>\n\n\n\n<h3 class=\"wp-block-heading\">\u200bO impacto para o importador e o mercado brasileiro<\/h3>\n\n\n\n<p class=\"wp-block-paragraph\">\u200bPara o importador, a decis\u00e3o \u00e9 um bal\u00e3o de oxig\u00eanio. Muitas empresas estavam operando com margens m\u00ednimas ou acumulando preju\u00edzos para n\u00e3o repassar todo o custo tarif\u00e1rio ao consumidor. Agora, a batalha jur\u00eddica se desloca para os tribunais inferiores, que devem processar os pedidos de reembolso.<\/p>\n\n\n\n<p class=\"wp-block-paragraph\">\u200bNo Brasil, a not\u00edcia foi recebida com otimismo moderado. Setores como o de a\u00e7o, alum\u00ednio e m\u00f3veis, que continuam afetados por outras bases legais (como a Se\u00e7\u00e3o 232), ainda aguardam defini\u00e7\u00f5es mais claras. Especialistas alertam que, embora a Suprema Corte tenha desautorizado o &#8220;improviso&#8221;, ela n\u00e3o proibiu o protecionismo como estrat\u00e9gia de Estado, o que significa que o governo americano deve buscar novos caminhos para proteger sua ind\u00fastria interna.<\/p>\n\n\n\n<p class=\"wp-block-paragraph\">\u200bA decis\u00e3o marca o ponto mais cr\u00edtico da pol\u00edtica externa de Trump em 2026, colocando a economia global em um estado de &#8220;espera vigilante&#8221; enquanto os Departamentos de Com\u00e9rcio e Justi\u00e7a dos EUA tentam reorganizar o arsenal tarif\u00e1rio da Casa<\/p>\n","protected":false},"excerpt":{"rendered":"<p>\u200bA guerra comercial travada pelo governo de Donald Trump sofreu um rev\u00e9s hist\u00f3rico nesta sexta-feira (20). Em uma decis\u00e3o que redefine os limites do poder [&#8230;]<\/p>\n","protected":false},"author":1,"featured_media":4339,"comment_status":"open","ping_status":"open","sticky":false,"template":"","format":"standard","meta":{"_crdt_document":"","_jetpack_memberships_contains_paid_content":false,"footnotes":"","jetpack_publicize_message":"","jetpack_publicize_feature_enabled":true,"jetpack_social_post_already_shared":true,"jetpack_social_options":{"image_generator_settings":{"template":"highway","default_image_id":0,"font":"","enabled":false},"version":2}},"categories":[15],"tags":[],"class_list":["post-4338","post","type-post","status-publish","format-standard","has-post-thumbnail","hentry","category-internacional"],"jetpack_publicize_connections":[],"jetpack_featured_media_url":"https:\/\/i0.wp.com\/oexpressobr.com.br\/wp-content\/uploads\/2026\/02\/trump.porta_.avioes-1280x720.jpg.webp?fit=1280%2C720&ssl=1","jetpack_likes_enabled":true,"jetpack_sharing_enabled":true,"_links":{"self":[{"href":"https:\/\/oexpressobr.com.br\/index.php?rest_route=\/wp\/v2\/posts\/4338","targetHints":{"allow":["GET"]}}],"collection":[{"href":"https:\/\/oexpressobr.com.br\/index.php?rest_route=\/wp\/v2\/posts"}],"about":[{"href":"https:\/\/oexpressobr.com.br\/index.php?rest_route=\/wp\/v2\/types\/post"}],"author":[{"embeddable":true,"href":"https:\/\/oexpressobr.com.br\/index.php?rest_route=\/wp\/v2\/users\/1"}],"replies":[{"embeddable":true,"href":"https:\/\/oexpressobr.com.br\/index.php?rest_route=%2Fwp%2Fv2%2Fcomments&post=4338"}],"version-history":[{"count":1,"href":"https:\/\/oexpressobr.com.br\/index.php?rest_route=\/wp\/v2\/posts\/4338\/revisions"}],"predecessor-version":[{"id":4340,"href":"https:\/\/oexpressobr.com.br\/index.php?rest_route=\/wp\/v2\/posts\/4338\/revisions\/4340"}],"wp:featuredmedia":[{"embeddable":true,"href":"https:\/\/oexpressobr.com.br\/index.php?rest_route=\/wp\/v2\/media\/4339"}],"wp:attachment":[{"href":"https:\/\/oexpressobr.com.br\/index.php?rest_route=%2Fwp%2Fv2%2Fmedia&parent=4338"}],"wp:term":[{"taxonomy":"category","embeddable":true,"href":"https:\/\/oexpressobr.com.br\/index.php?rest_route=%2Fwp%2Fv2%2Fcategories&post=4338"},{"taxonomy":"post_tag","embeddable":true,"href":"https:\/\/oexpressobr.com.br\/index.php?rest_route=%2Fwp%2Fv2%2Ftags&post=4338"}],"curies":[{"name":"wp","href":"https:\/\/api.w.org\/{rel}","templated":true}]}}