{"id":434,"date":"2025-12-08T17:05:26","date_gmt":"2025-12-08T20:05:26","guid":{"rendered":"https:\/\/oexpressobr.com.br\/?p=434"},"modified":"2025-12-08T17:05:27","modified_gmt":"2025-12-08T20:05:27","slug":"soltura-de-bruna-caroline-ferreira-e-determinada-por-juiza-apos-fianca-ex-cunhada-de-porta-voz-de-trump","status":"publish","type":"post","link":"https:\/\/oexpressobr.com.br\/?p=434","title":{"rendered":"Soltura de Bruna Caroline Ferreira \u00e9 Determinada por Ju\u00edza Ap\u00f3s Fian\u00e7a, Ex-Cunhada de Porta-Voz de Trump"},"content":{"rendered":"\n<p class=\"wp-block-paragraph\">A ju\u00edza de imigra\u00e7\u00e3o <strong>Cynthia Goodman<\/strong> determinou a soltura da brasileira <strong>Bruna Caroline Ferreira<\/strong>, que estava sob cust\u00f3dia de agentes de imigra\u00e7\u00e3o dos Estados Unidos desde 12 de novembro. Bruna, que \u00e9 m\u00e3e do sobrinho de <strong>Karoline Leavitt<\/strong>, secret\u00e1ria de imprensa do governo de Donald Trump, ter\u00e1 sua liberdade mediante o pagamento de uma <strong>fian\u00e7a<\/strong> de US$ 1.500 (cerca de R$ 8.136), o valor m\u00ednimo poss\u00edvel, conforme noticiado pelo jornal &#8216;The Washington Post&#8217;.<\/p>\n\n\n\n<p class=\"wp-block-paragraph\">\u200bA decis\u00e3o da magistrada representa um al\u00edvio para a brasileira, de 33 anos, que vivia nos EUA desde os seis anos e estava detida no centro de deten\u00e7\u00e3o do Servi\u00e7o de Imigra\u00e7\u00e3o e Alf\u00e2ndega dos Estados Unidos (ICE) em Louisiana. Bruna Caroline Ferreira foi presa nos arredores de Boston ao ir buscar seu filho, de 11 anos, na escola em New Hampshire.<\/p>\n\n\n\n<h3 class=\"wp-block-heading\">\u200bContexto de Reperscuss\u00e3o e Controv\u00e9rsia<\/h3>\n\n\n\n<p class=\"wp-block-paragraph\">\u200bO caso ganhou significativa repercuss\u00e3o no Brasil e nos EUA devido \u00e0 sua liga\u00e7\u00e3o familiar com a porta-voz de Trump. Karoline Leavitt \u00e9 ex-cunhada de Bruna e madrinha de seu filho.<\/p>\n\n\n\n<p class=\"wp-block-paragraph\">\u200bA defesa da brasileira argumenta que ela foi retratada de forma injusta pelo Departamento de Seguran\u00e7a Interna (DHS) como uma &#8220;imigrante ilegal criminosa&#8221;. Segundo o DHS, Bruna ultrapassou em 26 anos o limite do seu visto de turista, que exigia sua sa\u00edda em 1999, e possui um registro anterior de pris\u00e3o por agress\u00e3o. Contudo, seu advogado, Todd Pomerleau, nega veementemente o hist\u00f3rico criminal e defende que ela j\u00e1 foi benefici\u00e1ria do programa de A\u00e7\u00e3o Diferida para Chegadas na Inf\u00e2ncia (<strong>DACA<\/strong>), que protege da deporta\u00e7\u00e3o indiv\u00edduos trazidos aos EUA ainda crian\u00e7as. A defesa alega que ela n\u00e3o conseguiu renovar o status durante o primeiro mandato de Trump.<\/p>\n\n\n\n<p class=\"wp-block-paragraph\">\u200bBruna, em entrevista ao &#8216;The Washington Post&#8217;, contestou a vers\u00e3o do governo e da pr\u00f3pria Karoline Leavitt, que havia afirmado que elas n\u00e3o se falavam h\u00e1 anos. A brasileira apresentou fotos e registros para demonstrar a proximidade que j\u00e1 tiveram, e disse ter se sentido tra\u00edda. Michael Leavitt, irm\u00e3o de Karoline e pai do filho de Bruna, negou qualquer envolvimento na deten\u00e7\u00e3o.<\/p>\n\n\n\n<p class=\"wp-block-paragraph\">\u200bFamiliares de Bruna Caroline Ferreira lan\u00e7aram uma campanha de arrecada\u00e7\u00e3o de fundos online, que superou a marca de US$ 16.000, para custear os processos judiciais e evitar sua separa\u00e7\u00e3o definitiva do filho, uma vez que ela enfrenta um processo de deporta\u00e7\u00e3o. Espera-se que a libera\u00e7\u00e3o da brasileira ocorra ainda hoje (8\/dezembro) ou amanh\u00e3 pela manh\u00e3.<\/p>\n","protected":false},"excerpt":{"rendered":"<p>A ju\u00edza de imigra\u00e7\u00e3o Cynthia Goodman determinou a soltura da brasileira Bruna Caroline Ferreira, que estava sob cust\u00f3dia de agentes de imigra\u00e7\u00e3o dos Estados Unidos [&#8230;]<\/p>\n","protected":false},"author":1,"featured_media":435,"comment_status":"open","ping_status":"open","sticky":false,"template":"","format":"standard","meta":{"_crdt_document":"","_jetpack_memberships_contains_paid_content":false,"footnotes":"","jetpack_publicize_message":"","jetpack_publicize_feature_enabled":true,"jetpack_social_post_already_shared":false,"jetpack_social_options":{"image_generator_settings":{"template":"highway","default_image_id":0,"font":"","enabled":false},"version":2}},"categories":[15],"tags":[],"class_list":["post-434","post","type-post","status-publish","format-standard","has-post-thumbnail","hentry","category-internacional"],"jetpack_publicize_connections":[],"jetpack_featured_media_url":"https:\/\/i0.wp.com\/oexpressobr.com.br\/wp-content\/uploads\/2025\/12\/IMG-20251208-WA0442.jpg?fit=900%2C506&ssl=1","jetpack_likes_enabled":true,"jetpack_sharing_enabled":true,"_links":{"self":[{"href":"https:\/\/oexpressobr.com.br\/index.php?rest_route=\/wp\/v2\/posts\/434","targetHints":{"allow":["GET"]}}],"collection":[{"href":"https:\/\/oexpressobr.com.br\/index.php?rest_route=\/wp\/v2\/posts"}],"about":[{"href":"https:\/\/oexpressobr.com.br\/index.php?rest_route=\/wp\/v2\/types\/post"}],"author":[{"embeddable":true,"href":"https:\/\/oexpressobr.com.br\/index.php?rest_route=\/wp\/v2\/users\/1"}],"replies":[{"embeddable":true,"href":"https:\/\/oexpressobr.com.br\/index.php?rest_route=%2Fwp%2Fv2%2Fcomments&post=434"}],"version-history":[{"count":0,"href":"https:\/\/oexpressobr.com.br\/index.php?rest_route=\/wp\/v2\/posts\/434\/revisions"}],"wp:featuredmedia":[{"embeddable":true,"href":"https:\/\/oexpressobr.com.br\/index.php?rest_route=\/wp\/v2\/media\/435"}],"wp:attachment":[{"href":"https:\/\/oexpressobr.com.br\/index.php?rest_route=%2Fwp%2Fv2%2Fmedia&parent=434"}],"wp:term":[{"taxonomy":"category","embeddable":true,"href":"https:\/\/oexpressobr.com.br\/index.php?rest_route=%2Fwp%2Fv2%2Fcategories&post=434"},{"taxonomy":"post_tag","embeddable":true,"href":"https:\/\/oexpressobr.com.br\/index.php?rest_route=%2Fwp%2Fv2%2Ftags&post=434"}],"curies":[{"name":"wp","href":"https:\/\/api.w.org\/{rel}","templated":true}]}}