{"id":4341,"date":"2026-02-21T11:16:40","date_gmt":"2026-02-21T14:16:40","guid":{"rendered":"https:\/\/oexpressobr.com.br\/?p=4341"},"modified":"2026-02-21T11:16:41","modified_gmt":"2026-02-21T14:16:41","slug":"trump-acusa-suprema-corte-de-influencia-estrangeira-e-assina-nova-tarifa-global-de-10","status":"publish","type":"post","link":"https:\/\/oexpressobr.com.br\/?p=4341","title":{"rendered":"TRUMP ACUSA SUPREMA Corte de influ\u00eancia estrangeira e assina nova tarifa global de 10%"},"content":{"rendered":"\n<p class=\"wp-block-paragraph\">Em uma escalada de tens\u00e3o entre os Poderes em Washington, o presidente dos Estados Unidos, Donald Trump, utilizou uma coletiva de imprensa na Casa Branca nesta sexta-feira, 20 de fevereiro de 2026, para disparar ataques severos contra a Suprema Corte. O mandat\u00e1rio acusou o tribunal de ser influenciado por &#8220;interesses estrangeiros&#8221; e &#8220;movimentos pol\u00edticos antipatriotas&#8221; ap\u00f3s a Corte decidir, por 6 votos a 3, que o amplo pacote tarif\u00e1rio imposto unilateralmente pelo governo era ilegal.<\/p>\n\n\n\n<p class=\"wp-block-paragraph\">\u200bA decis\u00e3o do tribunal concluiu que Trump extrapolou sua autoridade ao utilizar a Lei de Poderes Econ\u00f4micos de Emerg\u00eancia Internacional (IEEPA) para criar impostos de importa\u00e7\u00e3o, uma prerrogativa que, segundo a maioria dos ju\u00edzes, pertence ao Congresso. Visivelmente irritado, Trump classificou a decis\u00e3o como &#8220;rid\u00edcula&#8221; e &#8220;uma vergonha para a na\u00e7\u00e3o&#8221;. Ele direcionou cr\u00edticas espec\u00edficas aos ju\u00edzes conservadores que ajudou a nomear, como Amy Coney Barrett e Neil Gorsuch, que votaram contra o governo, chamando-os de &#8220;frouxos&#8221; e sugerindo que foram intimidados por press\u00f5es externas.<\/p>\n\n\n\n<p class=\"wp-block-paragraph\">\u200b<strong>A resposta imediata: a nova taxa de 10%<\/strong><\/p>\n\n\n\n<p class=\"wp-block-paragraph\">\u200bApesar da derrota judicial, o presidente deixou claro que n\u00e3o pretende recuar em sua agenda protecionista. Poucas horas ap\u00f3s o veredito, Trump anunciou a assinatura de uma nova ordem executiva, desta vez invocando a Se\u00e7\u00e3o 122 do Ato de Com\u00e9rcio de 1974. A medida institui uma <strong>tarifa global de 10%<\/strong> sobre todos os produtos importados, de todos os pa\u00edses, que deve entrar em vigor j\u00e1 na pr\u00f3xima ter\u00e7a-feira, 24 de fevereiro.<\/p>\n\n\n\n<p class=\"wp-block-paragraph\">\u200bEsta nova taxa ter\u00e1 validade inicial de 150 dias e se somar\u00e1 \u00e0s tarifas que n\u00e3o foram afetadas pela decis\u00e3o da Corte \u2014 como as sobre a\u00e7o e alum\u00ednio (Se\u00e7\u00e3o 232) e as taxas contra a China (Se\u00e7\u00e3o 301), que permanecem em vigor por estarem fundamentadas em outras bases legais.<\/p>\n\n\n\n<p class=\"wp-block-paragraph\">\u200b<strong>Impacto global e no Brasil<\/strong><\/p>\n\n\n\n<p class=\"wp-block-paragraph\">\u200bA nova ofensiva tarif\u00e1ria de Trump gera um clima de incerteza nos mercados internacionais. No Brasil, o governo e entidades industriais como a CNI monitoram a situa\u00e7\u00e3o de perto. Antes da nova taxa global ser anunciada, a decis\u00e3o da Suprema Corte havia sido vista como um al\u00edvio moment\u00e2neo para as exporta\u00e7\u00f5es brasileiras, que enfrentavam sobretaxas de at\u00e9 40% em certos itens.<\/p>\n\n\n\n<p class=\"wp-block-paragraph\">\u200bEspecialistas alertam que o uso da Se\u00e7\u00e3o 122 tamb\u00e9m poder\u00e1 ser questionado judicialmente no futuro, mas, por ora, a estrat\u00e9gia de Trump \u00e9 manter a press\u00e3o comercial enquanto acusa seus opositores dom\u00e9sticos de trabalharem para interesses de na\u00e7\u00f5es estrangeiras. Ao ser questionado sobre provas da suposta influ\u00eancia na Corte, o presidente limitou-se a dizer: &#8220;Voc\u00eas v\u00e3o descobrir&#8221;.<\/p>\n","protected":false},"excerpt":{"rendered":"<p>Em uma escalada de tens\u00e3o entre os Poderes em Washington, o presidente dos Estados Unidos, Donald Trump, utilizou uma coletiva de imprensa na Casa Branca [&#8230;]<\/p>\n","protected":false},"author":1,"featured_media":4342,"comment_status":"open","ping_status":"open","sticky":false,"template":"","format":"standard","meta":{"_crdt_document":"","_jetpack_memberships_contains_paid_content":false,"footnotes":"","jetpack_publicize_message":"","jetpack_publicize_feature_enabled":true,"jetpack_social_post_already_shared":true,"jetpack_social_options":{"image_generator_settings":{"template":"highway","default_image_id":0,"font":"","enabled":false},"version":2}},"categories":[15],"tags":[],"class_list":["post-4341","post","type-post","status-publish","format-standard","has-post-thumbnail","hentry","category-internacional"],"jetpack_publicize_connections":[],"jetpack_featured_media_url":"https:\/\/i0.wp.com\/oexpressobr.com.br\/wp-content\/uploads\/2026\/02\/IMG-20260221-WA0120.jpg?fit=800%2C1000&ssl=1","jetpack_likes_enabled":true,"jetpack_sharing_enabled":true,"_links":{"self":[{"href":"https:\/\/oexpressobr.com.br\/index.php?rest_route=\/wp\/v2\/posts\/4341","targetHints":{"allow":["GET"]}}],"collection":[{"href":"https:\/\/oexpressobr.com.br\/index.php?rest_route=\/wp\/v2\/posts"}],"about":[{"href":"https:\/\/oexpressobr.com.br\/index.php?rest_route=\/wp\/v2\/types\/post"}],"author":[{"embeddable":true,"href":"https:\/\/oexpressobr.com.br\/index.php?rest_route=\/wp\/v2\/users\/1"}],"replies":[{"embeddable":true,"href":"https:\/\/oexpressobr.com.br\/index.php?rest_route=%2Fwp%2Fv2%2Fcomments&post=4341"}],"version-history":[{"count":1,"href":"https:\/\/oexpressobr.com.br\/index.php?rest_route=\/wp\/v2\/posts\/4341\/revisions"}],"predecessor-version":[{"id":4343,"href":"https:\/\/oexpressobr.com.br\/index.php?rest_route=\/wp\/v2\/posts\/4341\/revisions\/4343"}],"wp:featuredmedia":[{"embeddable":true,"href":"https:\/\/oexpressobr.com.br\/index.php?rest_route=\/wp\/v2\/media\/4342"}],"wp:attachment":[{"href":"https:\/\/oexpressobr.com.br\/index.php?rest_route=%2Fwp%2Fv2%2Fmedia&parent=4341"}],"wp:term":[{"taxonomy":"category","embeddable":true,"href":"https:\/\/oexpressobr.com.br\/index.php?rest_route=%2Fwp%2Fv2%2Fcategories&post=4341"},{"taxonomy":"post_tag","embeddable":true,"href":"https:\/\/oexpressobr.com.br\/index.php?rest_route=%2Fwp%2Fv2%2Ftags&post=4341"}],"curies":[{"name":"wp","href":"https:\/\/api.w.org\/{rel}","templated":true}]}}