{"id":4353,"date":"2026-02-21T11:45:00","date_gmt":"2026-02-21T14:45:00","guid":{"rendered":"https:\/\/oexpressobr.com.br\/?p=4353"},"modified":"2026-02-21T11:45:01","modified_gmt":"2026-02-21T14:45:01","slug":"milei-e-congresso-avancam-com-reforma-trabalhista-sob-fortes-protestos-e-greve-geral-na-argentina","status":"publish","type":"post","link":"https:\/\/oexpressobr.com.br\/?p=4353","title":{"rendered":"MILEI E CONGRESSO avan\u00e7am com reforma trabalhista sob fortes protestos e greve geral na Argentina"},"content":{"rendered":"\n<p class=\"wp-block-paragraph\">\u200bA Argentina vive dias de intensa convuls\u00e3o social e pol\u00edtica. Nesta sexta-feira, 20 de fevereiro de 2026, a <strong>C\u00e2mara dos Deputados aprovou o texto-base da pol\u00eamica reforma trabalhista<\/strong> do presidente Javier Milei, ap\u00f3s uma sess\u00e3o exaustiva de mais de 13 horas. A medida, que j\u00e1 havia passado pelo Senado na semana anterior, retorna agora \u00e0 c\u00e2mara alta para a ratifica\u00e7\u00e3o final de ajustes pontuais, aproximando o governo de sua maior vit\u00f3ria legislativa at\u00e9 o momento.<\/p>\n\n\n\n<p class=\"wp-block-paragraph\">\u200bEnquanto o Congresso debatia, as ruas de Buenos Aires se transformaram em um cen\u00e1rio de batalha. A <strong>Confedera\u00e7\u00e3o Geral do Trabalho (CGT)<\/strong> liderou uma greve geral que paralisou cerca de 90% das atividades do pa\u00eds na \u00faltima quinta-feira (19). O governo Milei respondeu com um forte esquema de seguran\u00e7a e a aplica\u00e7\u00e3o do protocolo &#8220;anti-piquetes&#8221;, resultando em confrontos diretos, dezenas de detidos e o uso de jatos de \u00e1gua e g\u00e1s lacrimog\u00eaneo contra manifestantes.<\/p>\n\n\n\n<h3 class=\"wp-block-heading\">\u200bOs pilares da &#8220;Moderniza\u00e7\u00e3o&#8221; de Milei<\/h3>\n\n\n\n<p class=\"wp-block-paragraph\">\u200bO governo defende que as leis atuais s\u00e3o &#8220;obsoletas&#8221; e impedem o crescimento econ\u00f4mico. Para Milei, a flexibiliza\u00e7\u00e3o \u00e9 a \u00fanica via para formalizar os mais de 40% de trabalhadores que hoje atuam na informalidade.<\/p>\n\n\n\n<p class=\"wp-block-paragraph\">\u200b<strong>Principais pontos aprovados:<\/strong><\/p>\n\n\n\n<ul class=\"wp-block-list\">\n<li>\u200b<strong>Flexibiliza\u00e7\u00e3o da Jornada:<\/strong> Permite jornadas di\u00e1rias de at\u00e9 <strong>12 horas<\/strong>, eliminando o pagamento de horas extras desde que o limite de 48 horas semanais seja respeitado atrav\u00e9s de um banco de horas.<\/li>\n\n\n\n<li>\u200b<strong>Per\u00edodo de Experi\u00eancia Ampliado:<\/strong> O prazo subiu de 3 para <strong>6 meses<\/strong> (regra geral), podendo chegar a <strong>1 ano<\/strong> em microempresas. Durante esse tempo, o trabalhador pode ser demitido sem direito a indeniza\u00e7\u00e3o.<\/li>\n\n\n\n<li>\u200b<strong>Novo Modelo de Rescis\u00e3o:<\/strong> Cria\u00e7\u00e3o de um fundo de cessa\u00e7\u00e3o laboral (inspirado no FGTS brasileiro, mas gerido por conven\u00e7\u00f5es coletivas) que pode substituir a indeniza\u00e7\u00e3o tradicional por tempo de servi\u00e7o.<\/li>\n\n\n\n<li>\u200b<strong>Limita\u00e7\u00e3o do Direito de Greve:<\/strong> Exige a manuten\u00e7\u00e3o de 75% dos servi\u00e7os em setores considerados essenciais, dificultando paralisa\u00e7\u00f5es em transporte e sa\u00fade.<\/li>\n<\/ul>\n\n\n\n<h3 class=\"wp-block-heading\">\u200bRea\u00e7\u00f5es: Vit\u00f3ria pol\u00edtica vs. Retrocesso social<\/h3>\n\n\n\n<p class=\"wp-block-paragraph\">\u200bPara o mercado financeiro e institui\u00e7\u00f5es como o <strong>FMI<\/strong>, a aprova\u00e7\u00e3o sinaliza um compromisso com o ajuste fiscal e a atratividade de investimentos estrangeiros. O presidente comemorou nas redes sociais com seu tradicional &#8220;Viva la libertad, carajo!&#8221;, afirmando que a Argentina come\u00e7a a &#8220;fechar uma ferida aberta h\u00e1 d\u00e9cadas&#8221;.<\/p>\n\n\n\n<p class=\"wp-block-paragraph\">\u200bPor outro lado, l\u00edderes sindicais e a oposi\u00e7\u00e3o parlamentar classificam a reforma como um &#8220;salto ao s\u00e9culo 19&#8221;.<\/p>\n\n\n\n<blockquote class=\"wp-block-quote is-layout-flow wp-block-quote-is-layout-flow\">\n<p class=\"wp-block-paragraph\">\u200b&#8221;N\u00e3o se cria emprego retirando direitos. O que Milei est\u00e1 fazendo \u00e9 legalizar a explora\u00e7\u00e3o e destruir a rede de prote\u00e7\u00e3o social que levou d\u00e9cadas para ser constru\u00edda&#8221;, afirmou um porta-voz da CGT durante os protestos na Pra\u00e7a dos Dois Congressos.<\/p>\n<\/blockquote>\n\n\n\n<h3 class=\"wp-block-heading\">\u200bImpacto imediato<\/h3>\n\n\n\n<p class=\"wp-block-paragraph\">\u200bA recess\u00e3o argentina continua severa. Dados recentes apontam que, desde a posse de Milei em dezembro de 2023, cerca de <strong>300 mil postos de trabalho formais foram fechados<\/strong>. O governo aposta que o novo marco legal estancar\u00e1 essa sangria, mas os cr\u00edticos alertam que a precariza\u00e7\u00e3o pode reduzir ainda mais o consumo interno, agravando a crise.<\/p>\n","protected":false},"excerpt":{"rendered":"<p>\u200bA Argentina vive dias de intensa convuls\u00e3o social e pol\u00edtica. Nesta sexta-feira, 20 de fevereiro de 2026, a C\u00e2mara dos Deputados aprovou o texto-base da [&#8230;]<\/p>\n","protected":false},"author":1,"featured_media":4354,"comment_status":"open","ping_status":"open","sticky":false,"template":"","format":"standard","meta":{"_crdt_document":"","_jetpack_memberships_contains_paid_content":false,"footnotes":"","jetpack_publicize_message":"","jetpack_publicize_feature_enabled":true,"jetpack_social_post_already_shared":true,"jetpack_social_options":{"image_generator_settings":{"template":"highway","default_image_id":0,"font":"","enabled":false},"version":2}},"categories":[15],"tags":[],"class_list":["post-4353","post","type-post","status-publish","format-standard","has-post-thumbnail","hentry","category-internacional"],"jetpack_publicize_connections":[],"jetpack_featured_media_url":"https:\/\/i0.wp.com\/oexpressobr.com.br\/wp-content\/uploads\/2026\/02\/27580e90-0cf1-11f1-a015-553217367293.jpg.webp?fit=800%2C449&ssl=1","jetpack_likes_enabled":true,"jetpack_sharing_enabled":true,"_links":{"self":[{"href":"https:\/\/oexpressobr.com.br\/index.php?rest_route=\/wp\/v2\/posts\/4353","targetHints":{"allow":["GET"]}}],"collection":[{"href":"https:\/\/oexpressobr.com.br\/index.php?rest_route=\/wp\/v2\/posts"}],"about":[{"href":"https:\/\/oexpressobr.com.br\/index.php?rest_route=\/wp\/v2\/types\/post"}],"author":[{"embeddable":true,"href":"https:\/\/oexpressobr.com.br\/index.php?rest_route=\/wp\/v2\/users\/1"}],"replies":[{"embeddable":true,"href":"https:\/\/oexpressobr.com.br\/index.php?rest_route=%2Fwp%2Fv2%2Fcomments&post=4353"}],"version-history":[{"count":1,"href":"https:\/\/oexpressobr.com.br\/index.php?rest_route=\/wp\/v2\/posts\/4353\/revisions"}],"predecessor-version":[{"id":4355,"href":"https:\/\/oexpressobr.com.br\/index.php?rest_route=\/wp\/v2\/posts\/4353\/revisions\/4355"}],"wp:featuredmedia":[{"embeddable":true,"href":"https:\/\/oexpressobr.com.br\/index.php?rest_route=\/wp\/v2\/media\/4354"}],"wp:attachment":[{"href":"https:\/\/oexpressobr.com.br\/index.php?rest_route=%2Fwp%2Fv2%2Fmedia&parent=4353"}],"wp:term":[{"taxonomy":"category","embeddable":true,"href":"https:\/\/oexpressobr.com.br\/index.php?rest_route=%2Fwp%2Fv2%2Fcategories&post=4353"},{"taxonomy":"post_tag","embeddable":true,"href":"https:\/\/oexpressobr.com.br\/index.php?rest_route=%2Fwp%2Fv2%2Ftags&post=4353"}],"curies":[{"name":"wp","href":"https:\/\/api.w.org\/{rel}","templated":true}]}}