{"id":4356,"date":"2026-02-21T11:55:09","date_gmt":"2026-02-21T14:55:09","guid":{"rendered":"https:\/\/oexpressobr.com.br\/?p=4356"},"modified":"2026-02-21T11:55:10","modified_gmt":"2026-02-21T14:55:10","slug":"sanepar-e-autuada-apos-vazamento-de-esgoto-atingir-cachoeira-do-ventao-em-umuarama","status":"publish","type":"post","link":"https:\/\/oexpressobr.com.br\/?p=4356","title":{"rendered":"Sanepar \u00e9 autuada ap\u00f3s vazamento de esgoto atingir Cachoeira do Vent\u00e3o em Umuarama"},"content":{"rendered":"\n<p class=\"wp-block-paragraph\">O cen\u00e1rio paradis\u00edaco da <strong>Cachoeira do Vent\u00e3o<\/strong>, um dos principais pontos tur\u00edsticos de <strong>Umuarama<\/strong>, no Noroeste do Paran\u00e1, foi comprometido por um grave incidente ambiental. O <strong>Instituto \u00c1gua e Terra (IAT)<\/strong> confirmou, nesta sexta-feira (20), que o <strong>C\u00f3rrego do Veado<\/strong> foi contaminado por esgoto dom\u00e9stico proveniente de uma falha em uma esta\u00e7\u00e3o elevat\u00f3ria da <strong>Sanepar<\/strong>.<\/p>\n\n\n\n<h3 class=\"wp-block-heading\">\u200bO Incidente e a Fiscaliza\u00e7\u00e3o<\/h3>\n\n\n\n<p class=\"wp-block-paragraph\">\u200bAp\u00f3s den\u00fancias de moradores e frequentadores sobre o mau cheiro e a colora\u00e7\u00e3o da \u00e1gua, fiscais do IAT realizaram uma vistoria t\u00e9cnica no local. A inspe\u00e7\u00e3o constatou que o vazamento ocorreu em uma plataforma de eleva\u00e7\u00e3o da companhia de saneamento, despejando res\u00edduos diretamente no curso d&#8217;\u00e1gua que alimenta a cachoeira.<\/p>\n\n\n\n<h3 class=\"wp-block-heading\">\u200bImpactos e Provid\u00eancias<\/h3>\n\n\n\n<p class=\"wp-block-paragraph\">\u200bA contamina\u00e7\u00e3o gera um alerta imediato para a fauna local e para o uso recreativo da \u00e1rea. De acordo com as informa\u00e7\u00f5es apuradas, as principais consequ\u00eancias e medidas incluem:<\/p>\n\n\n\n<ul class=\"wp-block-list\">\n<li>\u200b<strong>Autua\u00e7\u00e3o:<\/strong> O IAT formalizou a autua\u00e7\u00e3o da Sanepar pelo dano ambiental causado.<\/li>\n\n\n\n<li>\u200b<strong>An\u00e1lise T\u00e9cnica:<\/strong> Coletas de \u00e1gua foram realizadas para medir o n\u00edvel de polui\u00e7\u00e3o e os riscos biol\u00f3gicos.<\/li>\n\n\n\n<li>\u200b<strong>Reparo:<\/strong> A Sanepar informou que equipes t\u00e9cnicas foram mobilizadas para estancar o vazamento e realizar a manuten\u00e7\u00e3o necess\u00e1ria na unidade de eleva\u00e7\u00e3o.<\/li>\n<\/ul>\n","protected":false},"excerpt":{"rendered":"<p>O cen\u00e1rio paradis\u00edaco da Cachoeira do Vent\u00e3o, um dos principais pontos tur\u00edsticos de Umuarama, no Noroeste do Paran\u00e1, foi comprometido por um grave incidente ambiental. [&#8230;]<\/p>\n","protected":false},"author":1,"featured_media":4357,"comment_status":"open","ping_status":"open","sticky":false,"template":"","format":"standard","meta":{"_crdt_document":"","_jetpack_memberships_contains_paid_content":false,"footnotes":"","jetpack_publicize_message":"","jetpack_publicize_feature_enabled":true,"jetpack_social_post_already_shared":true,"jetpack_social_options":{"image_generator_settings":{"template":"highway","default_image_id":0,"font":"","enabled":false},"version":2}},"categories":[32],"tags":[],"class_list":["post-4356","post","type-post","status-publish","format-standard","has-post-thumbnail","hentry","category-meio-ambiente"],"jetpack_publicize_connections":[],"jetpack_featured_media_url":"https:\/\/i0.wp.com\/oexpressobr.com.br\/wp-content\/uploads\/2026\/02\/cachoeira-agua.jpeg?fit=984%2C552&ssl=1","jetpack_likes_enabled":true,"jetpack_sharing_enabled":true,"_links":{"self":[{"href":"https:\/\/oexpressobr.com.br\/index.php?rest_route=\/wp\/v2\/posts\/4356","targetHints":{"allow":["GET"]}}],"collection":[{"href":"https:\/\/oexpressobr.com.br\/index.php?rest_route=\/wp\/v2\/posts"}],"about":[{"href":"https:\/\/oexpressobr.com.br\/index.php?rest_route=\/wp\/v2\/types\/post"}],"author":[{"embeddable":true,"href":"https:\/\/oexpressobr.com.br\/index.php?rest_route=\/wp\/v2\/users\/1"}],"replies":[{"embeddable":true,"href":"https:\/\/oexpressobr.com.br\/index.php?rest_route=%2Fwp%2Fv2%2Fcomments&post=4356"}],"version-history":[{"count":1,"href":"https:\/\/oexpressobr.com.br\/index.php?rest_route=\/wp\/v2\/posts\/4356\/revisions"}],"predecessor-version":[{"id":4358,"href":"https:\/\/oexpressobr.com.br\/index.php?rest_route=\/wp\/v2\/posts\/4356\/revisions\/4358"}],"wp:featuredmedia":[{"embeddable":true,"href":"https:\/\/oexpressobr.com.br\/index.php?rest_route=\/wp\/v2\/media\/4357"}],"wp:attachment":[{"href":"https:\/\/oexpressobr.com.br\/index.php?rest_route=%2Fwp%2Fv2%2Fmedia&parent=4356"}],"wp:term":[{"taxonomy":"category","embeddable":true,"href":"https:\/\/oexpressobr.com.br\/index.php?rest_route=%2Fwp%2Fv2%2Fcategories&post=4356"},{"taxonomy":"post_tag","embeddable":true,"href":"https:\/\/oexpressobr.com.br\/index.php?rest_route=%2Fwp%2Fv2%2Ftags&post=4356"}],"curies":[{"name":"wp","href":"https:\/\/api.w.org\/{rel}","templated":true}]}}