{"id":4359,"date":"2026-02-21T12:02:27","date_gmt":"2026-02-21T15:02:27","guid":{"rendered":"https:\/\/oexpressobr.com.br\/?p=4359"},"modified":"2026-02-21T12:02:29","modified_gmt":"2026-02-21T15:02:29","slug":"operacao-da-policia-civil-do-amazonas-desarticula-braco-politico-e-financeiro-do-comando-vermelho-com-infiltracao-nos-tres-poderes","status":"publish","type":"post","link":"https:\/\/oexpressobr.com.br\/?p=4359","title":{"rendered":"Opera\u00e7\u00e3o da Pol\u00edcia Civil do Amazonas desarticula bra\u00e7o pol\u00edtico e financeiro do Comando Vermelho com infiltra\u00e7\u00e3o nos tr\u00eas poderes"},"content":{"rendered":"\n<p class=\"wp-block-paragraph\">Uma megaopera\u00e7\u00e3o da Pol\u00edcia Civil do Amazonas, deflagrada nesta sexta-feira (20), revelou um esquema sofisticado de infiltra\u00e7\u00e3o da fac\u00e7\u00e3o criminosa Comando Vermelho (CV) em \u00f3rg\u00e3os estrat\u00e9gicos do Estado. Batizada de <strong>Opera\u00e7\u00e3o Erga Omnes<\/strong>, a a\u00e7\u00e3o visa desestruturar o chamado &#8220;n\u00facleo pol\u00edtico&#8221; da organiza\u00e7\u00e3o, que teria movimentado cerca de R$ 70 milh\u00f5es nos \u00faltimos quatro anos atrav\u00e9s de empresas de fachada e tr\u00e1fico internacional.<\/p>\n\n\n\n<p class=\"wp-block-paragraph\">\u200bA investiga\u00e7\u00e3o aponta que o grupo criminoso n\u00e3o atuava apenas no tr\u00e1fico de drogas, mas possu\u00eda ramifica\u00e7\u00f5es diretas no Executivo, Legislativo e Judici\u00e1rio amazonense. Ao todo, a Justi\u00e7a expediu 23 mandados de pris\u00e3o preventiva e 24 de busca e apreens\u00e3o, cumpridos em Manaus e em outros seis estados (Par\u00e1, Maranh\u00e3o, Minas Gerais, Cear\u00e1, Piau\u00ed e S\u00e3o Paulo).<\/p>\n\n\n\n<h3 class=\"wp-block-heading\">\u200bServidores e ex-assessores entre os alvos<\/h3>\n\n\n\n<p class=\"wp-block-paragraph\">\u200bEntre os principais nomes citados na investiga\u00e7\u00e3o e alvos de pris\u00e3o, destacam-se figuras que ocupavam cargos de confian\u00e7a:<\/p>\n\n\n\n<ul class=\"wp-block-list\">\n<li>\u200b<strong>Anabela Cardoso Freitas:<\/strong> Investigadora da Pol\u00edcia Civil e integrante da Comiss\u00e3o de Licita\u00e7\u00e3o da Prefeitura de Manaus. Ex-chefe de gabinete do prefeito David Almeida, ela \u00e9 suspeita de movimentar R$ 1,5 milh\u00e3o para a fac\u00e7\u00e3o.<\/li>\n\n\n\n<li>\u200b<strong>Izaldir Moreno Barros:<\/strong> Servidor do Tribunal de Justi\u00e7a do Amazonas (TJAM).<\/li>\n\n\n\n<li>\u200b<strong>Adriana Almeida Lima:<\/strong> Ex-secret\u00e1ria de gabinete de lideran\u00e7a na Assembleia Legislativa do Amazonas (Aleam).<\/li>\n\n\n\n<li>\u200b<strong>Osimar Vieira Nascimento:<\/strong> Policial Militar.<\/li>\n\n\n\n<li>\u200b<strong>Josaf\u00e1 de Figueiredo Silva:<\/strong> Ex-assessor parlamentar.<\/li>\n<\/ul>\n\n\n\n<h3 class=\"wp-block-heading\">\u200bO &#8220;Modus Operandi&#8221; do n\u00facleo pol\u00edtico<\/h3>\n\n\n\n<p class=\"wp-block-paragraph\">\u200bSegundo a pol\u00edcia, a fac\u00e7\u00e3o utilizava empresas de log\u00edstica e transporte para facilitar o envio de entorpecentes vindos da Col\u00f4mbia. O dinheiro era lavado por meio de empresas de fachada e movimenta\u00e7\u00f5es banc\u00e1rias suspeitas.<\/p>\n\n\n\n<p class=\"wp-block-paragraph\">\u200bUm dos pontos mais alarmantes da investiga\u00e7\u00e3o \u00e9 a suspeita de <strong>viola\u00e7\u00e3o de sigilo funcional<\/strong>. O grupo utilizava seus contatos dentro das institui\u00e7\u00f5es p\u00fablicas para obter informa\u00e7\u00f5es privilegiadas sobre opera\u00e7\u00f5es policiais e processos judiciais, permitindo que l\u00edderes do Comando Vermelho antecipassem a\u00e7\u00f5es do Estado e evitassem pris\u00f5es.<\/p>\n\n\n\n<h3 class=\"wp-block-heading\">\u200bImpacto e desdobramentos<\/h3>\n\n\n\n<p class=\"wp-block-paragraph\">\u200bAt\u00e9 o momento, 14 pessoas foram presas. O suposto l\u00edder da organiza\u00e7\u00e3o conseguiu fugir de um cerco em S\u00e3o Paulo horas antes do in\u00edcio da opera\u00e7\u00e3o, mas sua esposa foi detida. A Pol\u00edcia Civil informou que o esquema era extremamente organizado, com divis\u00e3o de tarefas clara entre os n\u00facleos operacional, financeiro e pol\u00edtico.<\/p>\n\n\n\n<p class=\"wp-block-paragraph\">\u200bA Prefeitura de Manaus e a Pol\u00edcia Militar do Amazonas emitiram notas afirmando que n\u00e3o compactuam com desvios de conduta e que os servidores investigados responder\u00e3o individualmente por seus atos. O caso segue sob segredo de justi\u00e7a para o aprofundamento das investiga\u00e7\u00f5es sobre outros poss\u00edveis envolvidos na estrutura de poder local.<\/p>\n","protected":false},"excerpt":{"rendered":"<p>Uma megaopera\u00e7\u00e3o da Pol\u00edcia Civil do Amazonas, deflagrada nesta sexta-feira (20), revelou um esquema sofisticado de infiltra\u00e7\u00e3o da fac\u00e7\u00e3o criminosa Comando Vermelho (CV) em \u00f3rg\u00e3os [&#8230;]<\/p>\n","protected":false},"author":1,"featured_media":4360,"comment_status":"open","ping_status":"open","sticky":false,"template":"","format":"standard","meta":{"_crdt_document":"","_jetpack_memberships_contains_paid_content":false,"footnotes":"","jetpack_publicize_message":"","jetpack_publicize_feature_enabled":true,"jetpack_social_post_already_shared":true,"jetpack_social_options":{"image_generator_settings":{"template":"highway","default_image_id":0,"font":"","enabled":false},"version":2}},"categories":[9],"tags":[],"class_list":["post-4359","post","type-post","status-publish","format-standard","has-post-thumbnail","hentry","category-policia"],"jetpack_publicize_connections":[],"jetpack_featured_media_url":"https:\/\/i0.wp.com\/oexpressobr.com.br\/wp-content\/uploads\/2026\/02\/1771594017699861211d71a_1771594017_3x2_xl.jpg?fit=1200%2C800&ssl=1","jetpack_likes_enabled":true,"jetpack_sharing_enabled":true,"_links":{"self":[{"href":"https:\/\/oexpressobr.com.br\/index.php?rest_route=\/wp\/v2\/posts\/4359","targetHints":{"allow":["GET"]}}],"collection":[{"href":"https:\/\/oexpressobr.com.br\/index.php?rest_route=\/wp\/v2\/posts"}],"about":[{"href":"https:\/\/oexpressobr.com.br\/index.php?rest_route=\/wp\/v2\/types\/post"}],"author":[{"embeddable":true,"href":"https:\/\/oexpressobr.com.br\/index.php?rest_route=\/wp\/v2\/users\/1"}],"replies":[{"embeddable":true,"href":"https:\/\/oexpressobr.com.br\/index.php?rest_route=%2Fwp%2Fv2%2Fcomments&post=4359"}],"version-history":[{"count":1,"href":"https:\/\/oexpressobr.com.br\/index.php?rest_route=\/wp\/v2\/posts\/4359\/revisions"}],"predecessor-version":[{"id":4361,"href":"https:\/\/oexpressobr.com.br\/index.php?rest_route=\/wp\/v2\/posts\/4359\/revisions\/4361"}],"wp:featuredmedia":[{"embeddable":true,"href":"https:\/\/oexpressobr.com.br\/index.php?rest_route=\/wp\/v2\/media\/4360"}],"wp:attachment":[{"href":"https:\/\/oexpressobr.com.br\/index.php?rest_route=%2Fwp%2Fv2%2Fmedia&parent=4359"}],"wp:term":[{"taxonomy":"category","embeddable":true,"href":"https:\/\/oexpressobr.com.br\/index.php?rest_route=%2Fwp%2Fv2%2Fcategories&post=4359"},{"taxonomy":"post_tag","embeddable":true,"href":"https:\/\/oexpressobr.com.br\/index.php?rest_route=%2Fwp%2Fv2%2Ftags&post=4359"}],"curies":[{"name":"wp","href":"https:\/\/api.w.org\/{rel}","templated":true}]}}