{"id":4365,"date":"2026-02-21T12:15:38","date_gmt":"2026-02-21T15:15:38","guid":{"rendered":"https:\/\/oexpressobr.com.br\/?p=4365"},"modified":"2026-02-21T12:15:40","modified_gmt":"2026-02-21T15:15:40","slug":"pf-investiga-elo-entre-servidor-alvo-de-operacao-e-ex-chefe-da-inteligencia-da-receita-de-bolsonaro","status":"publish","type":"post","link":"https:\/\/oexpressobr.com.br\/?p=4365","title":{"rendered":"PF INVESTIGA elo entre servidor alvo de opera\u00e7\u00e3o e ex-chefe da intelig\u00eancia da Receita de Bolsonaro"},"content":{"rendered":"\n<p class=\"wp-block-paragraph\">A Pol\u00edcia Federal (PF) intensificou as investiga\u00e7\u00f5es para esclarecer uma poss\u00edvel conex\u00e3o entre servidores da Receita Federal, recentemente alvos de busca e apreens\u00e3o, e <strong>Ricardo Pereira Feitosa<\/strong>, que chefiou a intelig\u00eancia do \u00f3rg\u00e3o durante a gest\u00e3o de Jair Bolsonaro. O foco dos investigadores \u00e9 determinar se a rede de acessos indevidos a dados sigilosos de autoridades, identificada nos \u00faltimos dias, possui ra\u00edzes em estruturas de espionagem montadas em governos anteriores.<\/p>\n\n\n\n<h3 class=\"wp-block-heading\">\u200bSuspeita de rede organizada de dados<\/h3>\n\n\n\n<p class=\"wp-block-paragraph\">\u200bA linha de investiga\u00e7\u00e3o apura se um dos servidores afastados por ordem do ministro <strong>Alexandre de Moraes<\/strong>, do Supremo Tribunal Federal (STF), mantinha contato ou compartilhava o <em>modus operandi<\/em> de Feitosa. O ex-chefe da intelig\u00eancia foi demitido em 2023 ap\u00f3s a comprova\u00e7\u00e3o de que acessou ilegalmente dados fiscais de desafetos do ex-presidente, como o empres\u00e1rio Paulo Marinho e o ex-ministro Gustavo Bebianno.<\/p>\n\n\n\n<p class=\"wp-block-paragraph\">\u200bDe acordo com fontes ligadas ao inqu\u00e9rito, a PF quer saber se os novos vazamentos \u2014 que miram o pr\u00f3prio ministro Moraes, seus familiares e o ministro Gilmar Mendes \u2014 fazem parte de um esfor\u00e7o coordenado para intimidar magistrados ou alimentar narrativas pol\u00edticas de oposi\u00e7\u00e3o.<\/p>\n\n\n\n<h3 class=\"wp-block-heading\">\u200bPress\u00e3o sobre associa\u00e7\u00f5es de classe<\/h3>\n\n\n\n<p class=\"wp-block-paragraph\">\u200bO cerco tamb\u00e9m se fechou contra representantes da categoria. <strong>Kl\u00e9ber Cabral<\/strong>, presidente da Unafisco Nacional (Associa\u00e7\u00e3o Nacional dos Auditores Fiscais), foi intimado a prestar depoimento \u00e0 PF nesta sexta-feira (20).<\/p>\n\n\n\n<ul class=\"wp-block-list\">\n<li>\u200b<strong>O motivo:<\/strong> Cabral fez cr\u00edticas p\u00fablicas \u00e0 opera\u00e7\u00e3o, classificando as medidas cautelares contra os auditores como &#8220;assustadoras&#8221; e sugerindo que a Receita Federal estaria sendo usada como &#8220;bode expiat\u00f3rio&#8221;.<\/li>\n\n\n\n<li>\u200b<strong>O interrogat\u00f3rio:<\/strong> Al\u00e9m das declara\u00e7\u00f5es, os investigadores devem question\u00e1-lo sobre o conhecimento de poss\u00edveis grupos internos que ainda operariam sob influ\u00eancia pol\u00edtica.<\/li>\n<\/ul>\n\n\n\n<h3 class=\"wp-block-heading\">Pr\u00f3ximos passos<\/h3>\n\n\n\n<p class=\"wp-block-paragraph\">\u200bA per\u00edcia nos celulares e computadores apreendidos na \u00faltima semana ser\u00e1 crucial. A PF busca mensagens ou registros de transfer\u00eancias de arquivos que possam ligar os atuais investigados diretamente a Feitosa ou a integrantes da chamada &#8220;Abin Paralela&#8221;. Caso a conex\u00e3o seja confirmada, o caso pode elevar a gravidade das acusa\u00e7\u00f5es de organiza\u00e7\u00e3o criminosa e viola\u00e7\u00e3o de sigilo funcional.<\/p>\n","protected":false},"excerpt":{"rendered":"<p>A Pol\u00edcia Federal (PF) intensificou as investiga\u00e7\u00f5es para esclarecer uma poss\u00edvel conex\u00e3o entre servidores da Receita Federal, recentemente alvos de busca e apreens\u00e3o, e Ricardo [&#8230;]<\/p>\n","protected":false},"author":1,"featured_media":4366,"comment_status":"open","ping_status":"open","sticky":false,"template":"","format":"standard","meta":{"_crdt_document":"","_jetpack_memberships_contains_paid_content":false,"footnotes":"","jetpack_publicize_message":"","jetpack_publicize_feature_enabled":true,"jetpack_social_post_already_shared":true,"jetpack_social_options":{"image_generator_settings":{"template":"highway","default_image_id":0,"font":"","enabled":false},"version":2}},"categories":[9],"tags":[],"class_list":["post-4365","post","type-post","status-publish","format-standard","has-post-thumbnail","hentry","category-policia"],"jetpack_publicize_connections":[],"jetpack_featured_media_url":"https:\/\/i0.wp.com\/oexpressobr.com.br\/wp-content\/uploads\/2026\/02\/17716167826998ba0e04c94_1771616782_3x2_xl.jpg?fit=1200%2C800&ssl=1","jetpack_likes_enabled":true,"jetpack_sharing_enabled":true,"_links":{"self":[{"href":"https:\/\/oexpressobr.com.br\/index.php?rest_route=\/wp\/v2\/posts\/4365","targetHints":{"allow":["GET"]}}],"collection":[{"href":"https:\/\/oexpressobr.com.br\/index.php?rest_route=\/wp\/v2\/posts"}],"about":[{"href":"https:\/\/oexpressobr.com.br\/index.php?rest_route=\/wp\/v2\/types\/post"}],"author":[{"embeddable":true,"href":"https:\/\/oexpressobr.com.br\/index.php?rest_route=\/wp\/v2\/users\/1"}],"replies":[{"embeddable":true,"href":"https:\/\/oexpressobr.com.br\/index.php?rest_route=%2Fwp%2Fv2%2Fcomments&post=4365"}],"version-history":[{"count":1,"href":"https:\/\/oexpressobr.com.br\/index.php?rest_route=\/wp\/v2\/posts\/4365\/revisions"}],"predecessor-version":[{"id":4367,"href":"https:\/\/oexpressobr.com.br\/index.php?rest_route=\/wp\/v2\/posts\/4365\/revisions\/4367"}],"wp:featuredmedia":[{"embeddable":true,"href":"https:\/\/oexpressobr.com.br\/index.php?rest_route=\/wp\/v2\/media\/4366"}],"wp:attachment":[{"href":"https:\/\/oexpressobr.com.br\/index.php?rest_route=%2Fwp%2Fv2%2Fmedia&parent=4365"}],"wp:term":[{"taxonomy":"category","embeddable":true,"href":"https:\/\/oexpressobr.com.br\/index.php?rest_route=%2Fwp%2Fv2%2Fcategories&post=4365"},{"taxonomy":"post_tag","embeddable":true,"href":"https:\/\/oexpressobr.com.br\/index.php?rest_route=%2Fwp%2Fv2%2Ftags&post=4365"}],"curies":[{"name":"wp","href":"https:\/\/api.w.org\/{rel}","templated":true}]}}