{"id":4371,"date":"2026-02-21T12:28:27","date_gmt":"2026-02-21T15:28:27","guid":{"rendered":"https:\/\/oexpressobr.com.br\/?p=4371"},"modified":"2026-02-21T12:28:29","modified_gmt":"2026-02-21T15:28:29","slug":"lula-e-narendra-modi-assinam-acordo-para-terras-raras-sem-compromisso-financeiro-imediato","status":"publish","type":"post","link":"https:\/\/oexpressobr.com.br\/?p=4371","title":{"rendered":"Lula e Narendra Modi assinam acordo para terras raras sem compromisso financeiro imediato"},"content":{"rendered":"\n<p class=\"wp-block-paragraph\">Em uma reuni\u00e3o estrat\u00e9gica realizada neste s\u00e1bado (21), em Nova Delhi, o presidente Luiz In\u00e1cio Lula da Silva e o primeiro-ministro da \u00cdndia, Narendra Modi, formalizaram um Memorando de Entendimento (MoU) voltado \u00e0 explora\u00e7\u00e3o e ao desenvolvimento de minerais cr\u00edticos e elementos de terras raras. Embora o documento estabele\u00e7a um marco pol\u00edtico e tecnol\u00f3gico entre as duas pot\u00eancias do Sul Global, ele n\u00e3o prev\u00ea aportes financeiros diretos ou metas de investimento obrigat\u00f3rias.<\/p>\n\n\n\n<p class=\"wp-block-paragraph\">\u200bO acordo funciona como uma estrutura &#8220;guarda-chuva&#8221; para a coopera\u00e7\u00e3o t\u00e9cnica e cient\u00edfica. O objetivo central \u00e9 a troca de experi\u00eancias na cadeia produtiva desses minerais, essenciais para ind\u00fastrias de alta tecnologia, como a produ\u00e7\u00e3o de baterias para ve\u00edculos el\u00e9tricos, pain\u00e9is solares e componentes aeroespaciais.<\/p>\n\n\n\n<h3 class=\"wp-block-heading\">\u200bAlian\u00e7a contra a depend\u00eancia externa<\/h3>\n\n\n\n<p class=\"wp-block-paragraph\">\u200bA assinatura ocorre em um momento de reorganiza\u00e7\u00e3o das cadeias globais de suprimento. Atualmente, a China domina o processamento mundial de terras raras, e tanto o Brasil \u2014 que det\u00e9m a segunda maior reserva do planeta \u2014 quanto a \u00cdndia buscam reduzir a depend\u00eancia do mercado chin\u00eas.<\/p>\n\n\n\n<p class=\"wp-block-paragraph\">\u200b&#8221;A parceria entre \u00cdndia e Brasil \u00e9 o encontro da &#8216;farm\u00e1cia do mundo&#8217; com o &#8216;celeiro do mundo'&#8221;, afirmou Lula durante a cerim\u00f4nia, referindo-se \u00e0 for\u00e7a indiana na ind\u00fastria farmac\u00eautica e \u00e0 brasileira no agroneg\u00f3cio. O presidente tamb\u00e9m destacou que a uni\u00e3o visa fortalecer a tecnologia a servi\u00e7o de um desenvolvimento inclusivo e sustent\u00e1vel.<\/p>\n\n\n\n<h3 class=\"wp-block-heading\">\u200bAl\u00e9m dos minerais: uma agenda ampliada<\/h3>\n\n\n\n<p class=\"wp-block-paragraph\">\u200bA visita oficial de Lula \u00e0 \u00cdndia rendeu a assinatura de oito atos bilaterais no total. Al\u00e9m dos minerais cr\u00edticos, os l\u00edderes firmaram compromissos em \u00e1reas como:<\/p>\n\n\n\n<ul class=\"wp-block-list\">\n<li>\u200b<strong>Sa\u00fade e Regula\u00e7\u00e3o:<\/strong> Acordos entre a Anvisa e a autoridade sanit\u00e1ria indiana para facilitar o fornecimento de medicamentos de qualidade a pre\u00e7os acess\u00edveis.<\/li>\n\n\n\n<li>\u200b<strong>Parceria Digital:<\/strong> Coopera\u00e7\u00e3o em intelig\u00eancia artificial e transforma\u00e7\u00e3o digital.<\/li>\n\n\n\n<li>\u200b<strong>Defesa e Com\u00e9rcio:<\/strong> Discuss\u00f5es para ampliar o interc\u00e2mbio comercial, com a meta de atingir US$ 30 bilh\u00f5es nos pr\u00f3ximos cinco anos.<\/li>\n\n\n\n<li>\u200b<strong>Conhecimento Tradicional:<\/strong> Medidas para evitar a biopirataria e proteger saberes de comunidades tradicionais.<\/li>\n<\/ul>\n\n\n\n<p class=\"wp-block-paragraph\">\u200bApesar da aus\u00eancia de cifr\u00f5es imediatos no texto sobre minerais, analistas veem o gesto como um posicionamento diplom\u00e1tico importante. Ao priorizar um acordo com outro membro do BRICS em vez de se alinhar exclusivamente aos eixos de disputa entre Estados Unidos e China, o Brasil refor\u00e7a sua estrat\u00e9gia de universalismo na pol\u00edtica externa e sinaliza que pretende agregar valor ao processamento mineral em solo nacional.<\/p>\n","protected":false},"excerpt":{"rendered":"<p>Em uma reuni\u00e3o estrat\u00e9gica realizada neste s\u00e1bado (21), em Nova Delhi, o presidente Luiz In\u00e1cio Lula da Silva e o primeiro-ministro da \u00cdndia, Narendra Modi, [&#8230;]<\/p>\n","protected":false},"author":1,"featured_media":4372,"comment_status":"open","ping_status":"open","sticky":false,"template":"","format":"standard","meta":{"_crdt_document":"","_jetpack_memberships_contains_paid_content":false,"footnotes":"","jetpack_publicize_message":"","jetpack_publicize_feature_enabled":true,"jetpack_social_post_already_shared":true,"jetpack_social_options":{"image_generator_settings":{"template":"highway","default_image_id":0,"font":"","enabled":false},"version":2}},"categories":[15],"tags":[],"class_list":["post-4371","post","type-post","status-publish","format-standard","has-post-thumbnail","hentry","category-internacional"],"jetpack_publicize_connections":[],"jetpack_featured_media_url":"https:\/\/i0.wp.com\/oexpressobr.com.br\/wp-content\/uploads\/2026\/02\/177167503069999d964ccdb_1771675030_3x2_xl.jpg?fit=1200%2C800&ssl=1","jetpack_likes_enabled":true,"jetpack_sharing_enabled":true,"_links":{"self":[{"href":"https:\/\/oexpressobr.com.br\/index.php?rest_route=\/wp\/v2\/posts\/4371","targetHints":{"allow":["GET"]}}],"collection":[{"href":"https:\/\/oexpressobr.com.br\/index.php?rest_route=\/wp\/v2\/posts"}],"about":[{"href":"https:\/\/oexpressobr.com.br\/index.php?rest_route=\/wp\/v2\/types\/post"}],"author":[{"embeddable":true,"href":"https:\/\/oexpressobr.com.br\/index.php?rest_route=\/wp\/v2\/users\/1"}],"replies":[{"embeddable":true,"href":"https:\/\/oexpressobr.com.br\/index.php?rest_route=%2Fwp%2Fv2%2Fcomments&post=4371"}],"version-history":[{"count":1,"href":"https:\/\/oexpressobr.com.br\/index.php?rest_route=\/wp\/v2\/posts\/4371\/revisions"}],"predecessor-version":[{"id":4373,"href":"https:\/\/oexpressobr.com.br\/index.php?rest_route=\/wp\/v2\/posts\/4371\/revisions\/4373"}],"wp:featuredmedia":[{"embeddable":true,"href":"https:\/\/oexpressobr.com.br\/index.php?rest_route=\/wp\/v2\/media\/4372"}],"wp:attachment":[{"href":"https:\/\/oexpressobr.com.br\/index.php?rest_route=%2Fwp%2Fv2%2Fmedia&parent=4371"}],"wp:term":[{"taxonomy":"category","embeddable":true,"href":"https:\/\/oexpressobr.com.br\/index.php?rest_route=%2Fwp%2Fv2%2Fcategories&post=4371"},{"taxonomy":"post_tag","embeddable":true,"href":"https:\/\/oexpressobr.com.br\/index.php?rest_route=%2Fwp%2Fv2%2Ftags&post=4371"}],"curies":[{"name":"wp","href":"https:\/\/api.w.org\/{rel}","templated":true}]}}