{"id":4377,"date":"2026-02-21T12:42:10","date_gmt":"2026-02-21T15:42:10","guid":{"rendered":"https:\/\/oexpressobr.com.br\/?p=4377"},"modified":"2026-02-21T12:42:12","modified_gmt":"2026-02-21T15:42:12","slug":"uruguai-byd-e-fabricantes-chinesas-consolidam-lideranca-na-revolucao-eletrica-da-america-latina","status":"publish","type":"post","link":"https:\/\/oexpressobr.com.br\/?p=4377","title":{"rendered":"Uruguai, BYD e fabricantes chinesas consolidam lideran\u00e7a na revolu\u00e7\u00e3o el\u00e9trica da Am\u00e9rica Latina"},"content":{"rendered":"\n<p class=\"wp-block-paragraph\">\u200bO Uruguai consolidou-se, no in\u00edcio de 2026, como o epicentro da mobilidade sustent\u00e1vel no continente. O que come\u00e7ou como uma estrat\u00e9gia de soberania energ\u00e9tica em 2010 transformou-se em um fen\u00f4meno de mercado sem precedentes: atualmente, o pa\u00eds ostenta a maior frota de ve\u00edculos el\u00e9tricos (VEs) leves por habitante da Am\u00e9rica Latina, superando vizinhos gigantes como Brasil e Argentina.<\/p>\n\n\n\n<h3 class=\"wp-block-heading\">\u200bOs n\u00fameros da &#8220;Estrela Ascendente&#8221;<\/h3>\n\n\n\n<p class=\"wp-block-paragraph\">\u200bEnquanto a m\u00e9dia de vendas de el\u00e9tricos no restante da Am\u00e9rica Latina gira em torno de 6%, o Uruguai atingiu marcos hist\u00f3ricos entre o final de 2025 e o in\u00edcio de 2026. Segundo dados da <strong>Associa\u00e7\u00e3o do Com\u00e9rcio Automotor do Uruguai (Acau)<\/strong> e da <strong>Olade<\/strong>, o setor vive um crescimento explosivo:<\/p>\n\n\n\n<ul class=\"wp-block-list\">\n<li>\u200b<strong>Participa\u00e7\u00e3o de Mercado:<\/strong> Em 2025, um em cada cinco ve\u00edculos zero quil\u00f4metro vendidos no pa\u00eds foi el\u00e9trico. Em per\u00edodos de pico recentes (agosto a novembro de 2025), a participa\u00e7\u00e3o de modelos 100% el\u00e9tricos (<strong>BEV<\/strong>) chegou a tocar os <strong>25% das vendas totais<\/strong>.<\/li>\n\n\n\n<li>\u200b<strong>Densidade de Frota:<\/strong> O pa\u00eds registra mais de <strong>5.380 unidades el\u00e9tricas por milh\u00e3o de habitantes<\/strong>, a maior marca do continente.<\/li>\n\n\n\n<li>\u200b<strong>Comparativo Regional:<\/strong> O \u00edndice de ado\u00e7\u00e3o uruguaio \u00e9 quase tr\u00eas vezes superior ao da Costa Rica (17%) e muito acima dos 7% registrados no mercado brasileiro em 2025.<\/li>\n<\/ul>\n\n\n\n<h3 class=\"wp-block-heading\">\u200bO Triunfo da Estrat\u00e9gia: Por que o Uruguai?<\/h3>\n\n\n\n<p class=\"wp-block-paragraph\">\u200bA lideran\u00e7a n\u00e3o \u00e9 fruto do acaso, mas de uma combina\u00e7\u00e3o entre pol\u00edtica de Estado e condi\u00e7\u00f5es econ\u00f4micas espec\u00edficas:<\/p>\n\n\n\n<ol class=\"wp-block-list\">\n<li>\u200b<strong>Matriz Energ\u00e9tica Limpa:<\/strong> Desde 2010, o pa\u00eds investiu pesado em fontes renov\u00e1veis. Hoje, cerca de <strong>98% da eletricidade<\/strong> uruguaia prov\u00e9m de fontes e\u00f3lica, solar e biomassa, tornando o carregamento dos ve\u00edculos genuinamente &#8220;verde&#8221;.<\/li>\n\n\n\n<li>\u200b<strong>Incentivos Fiscais Agressivos:<\/strong> O governo uruguaio eliminou a taxa de importa\u00e7\u00e3o de 23% para VEs e reduziu drasticamente o imposto seletivo sobre esses modelos.<\/li>\n\n\n\n<li>\u200b<strong>Custo do Combust\u00edvel:<\/strong> Com a gasolina figurando entre as mais caras da regi\u00e3o (chegando a custar cerca de <strong>US$ 7,40 por gal\u00e3o<\/strong>), a economia mensal de usu\u00e1rios que migraram para o el\u00e9trico ultrapassa os <strong>US$ 400<\/strong>.<\/li>\n\n\n\n<li>\u200b<strong>A Invas\u00e3o Chinesa:<\/strong> Marcas como <strong>BYD<\/strong> (l\u00edder absoluta com modelos como Dolphin e Seagull), <strong>JAC<\/strong>, <strong>Geely<\/strong> e <strong>Dongfeng<\/strong> inundaram o mercado com op\u00e7\u00f5es competitivas. At\u00e9 a gigante de tecnologia <strong>Xiaomi<\/strong> j\u00e1 confirmou a chegada de seu modelo SU7 ao pa\u00eds para 2027, ap\u00f3s o sucesso de testes realizados em solo uruguaio em 2025.<\/li>\n<\/ol>\n","protected":false},"excerpt":{"rendered":"<p>\u200bO Uruguai consolidou-se, no in\u00edcio de 2026, como o epicentro da mobilidade sustent\u00e1vel no continente. O que come\u00e7ou como uma estrat\u00e9gia de soberania energ\u00e9tica em [&#8230;]<\/p>\n","protected":false},"author":1,"featured_media":4378,"comment_status":"open","ping_status":"open","sticky":false,"template":"","format":"standard","meta":{"_crdt_document":"","_jetpack_memberships_contains_paid_content":false,"footnotes":"","jetpack_publicize_message":"","jetpack_publicize_feature_enabled":true,"jetpack_social_post_already_shared":true,"jetpack_social_options":{"image_generator_settings":{"template":"highway","default_image_id":0,"font":"","enabled":false},"version":2}},"categories":[10],"tags":[],"class_list":["post-4377","post","type-post","status-publish","format-standard","has-post-thumbnail","hentry","category-economia"],"jetpack_publicize_connections":[],"jetpack_featured_media_url":"https:\/\/i0.wp.com\/oexpressobr.com.br\/wp-content\/uploads\/2026\/02\/0a30be80-0cfa-11f1-a5ba-235333f36ff5.jpg.webp?fit=800%2C533&ssl=1","jetpack_likes_enabled":true,"jetpack_sharing_enabled":true,"_links":{"self":[{"href":"https:\/\/oexpressobr.com.br\/index.php?rest_route=\/wp\/v2\/posts\/4377","targetHints":{"allow":["GET"]}}],"collection":[{"href":"https:\/\/oexpressobr.com.br\/index.php?rest_route=\/wp\/v2\/posts"}],"about":[{"href":"https:\/\/oexpressobr.com.br\/index.php?rest_route=\/wp\/v2\/types\/post"}],"author":[{"embeddable":true,"href":"https:\/\/oexpressobr.com.br\/index.php?rest_route=\/wp\/v2\/users\/1"}],"replies":[{"embeddable":true,"href":"https:\/\/oexpressobr.com.br\/index.php?rest_route=%2Fwp%2Fv2%2Fcomments&post=4377"}],"version-history":[{"count":1,"href":"https:\/\/oexpressobr.com.br\/index.php?rest_route=\/wp\/v2\/posts\/4377\/revisions"}],"predecessor-version":[{"id":4379,"href":"https:\/\/oexpressobr.com.br\/index.php?rest_route=\/wp\/v2\/posts\/4377\/revisions\/4379"}],"wp:featuredmedia":[{"embeddable":true,"href":"https:\/\/oexpressobr.com.br\/index.php?rest_route=\/wp\/v2\/media\/4378"}],"wp:attachment":[{"href":"https:\/\/oexpressobr.com.br\/index.php?rest_route=%2Fwp%2Fv2%2Fmedia&parent=4377"}],"wp:term":[{"taxonomy":"category","embeddable":true,"href":"https:\/\/oexpressobr.com.br\/index.php?rest_route=%2Fwp%2Fv2%2Fcategories&post=4377"},{"taxonomy":"post_tag","embeddable":true,"href":"https:\/\/oexpressobr.com.br\/index.php?rest_route=%2Fwp%2Fv2%2Ftags&post=4377"}],"curies":[{"name":"wp","href":"https:\/\/api.w.org\/{rel}","templated":true}]}}