{"id":4384,"date":"2026-02-22T05:46:40","date_gmt":"2026-02-22T08:46:40","guid":{"rendered":"https:\/\/oexpressobr.com.br\/?p=4384"},"modified":"2026-02-22T05:46:43","modified_gmt":"2026-02-22T08:46:43","slug":"investigacao-na-receita-federal-amplia-crise-de-confianca-entre-stf-e-governo-lula","status":"publish","type":"post","link":"https:\/\/oexpressobr.com.br\/?p=4384","title":{"rendered":"Investiga\u00e7\u00e3o na Receita Federal amplia crise de confian\u00e7a entre STF e governo Lula"},"content":{"rendered":"\n<p class=\"wp-block-paragraph\">A rela\u00e7\u00e3o entre o <strong>Supremo Tribunal Federal (STF)<\/strong> e o <strong>Governo Lula<\/strong> atravessa um de seus momentos mais tensos em fevereiro de 2026. O estopim \u00e9 uma investiga\u00e7\u00e3o conduzida pela <strong>Pol\u00edcia Federal<\/strong>, sob autoriza\u00e7\u00e3o do ministro <strong>Alexandre de Moraes<\/strong>, que apura o acesso ilegal e o vazamento de dados fiscais sigilosos de magistrados da Corte e de seus familiares.<\/p>\n\n\n\n<h3 class=\"wp-block-heading\">\u200bO n\u00facleo do conflito<\/h3>\n\n\n\n<p class=\"wp-block-paragraph\">\u200bA crise ganhou corpo ap\u00f3s a Receita Federal admitir, em nota oficial no dia 17 de fevereiro, a exist\u00eancia de &#8220;m\u00faltiplos acessos il\u00edcitos&#8221; aos seus sistemas. Segundo os relat\u00f3rios enviados ao STF, foram identificados blocos de consultas a CPFs de autoridades sem qualquer justificativa funcional.<\/p>\n\n\n\n<p class=\"wp-block-paragraph\">\u200bEntre os principais pontos da investiga\u00e7\u00e3o, destacam-se:<\/p>\n\n\n\n<ul class=\"wp-block-list\">\n<li>\u200b<strong>Alvos da Opera\u00e7\u00e3o:<\/strong> Quatro servidores \u2014 incluindo um auditor da Receita, t\u00e9cnicos do Seguro Social e um funcion\u00e1rio do Serpro \u2014 foram alvos de busca e apreens\u00e3o. Eles cumprem medidas cautelares, como o uso de <strong>tornozeleira eletr\u00f4nica<\/strong> e o afastamento de fun\u00e7\u00f5es p\u00fablicas.<\/li>\n\n\n\n<li>\u200b<strong>Vazamentos Espec\u00edficos:<\/strong> H\u00e1 ind\u00edcios de que dados da advogada Viviane Barci de Moraes, esposa do ministro Alexandre de Moraes, e de filhos de outros ministros foram acessados indevidamente.<\/li>\n\n\n\n<li>\u200b<strong>Conex\u00e3o &#8220;Caso Master&#8221;:<\/strong> A desconfian\u00e7a aumentou ap\u00f3s a sa\u00edda do ministro <strong>Dias Toffoli<\/strong> da relatoria de um inqu\u00e9rito envolvendo o Banco Master, devido a revela\u00e7\u00f5es de transa\u00e7\u00f5es financeiras que, segundo o STF, teriam sido obtidas de forma irregular pela PF e pela Receita.<\/li>\n<\/ul>\n\n\n\n<h3 class=\"wp-block-heading\">\u200bRea\u00e7\u00e3o do Governo e blindagem<\/h3>\n\n\n\n<p class=\"wp-block-paragraph\">\u200bNo Pal\u00e1cio do Planalto, o clima \u00e9 de alerta. Aliados do presidente Lula tentam criar uma <strong>blindagem pol\u00edtica<\/strong> para evitar que a crise contamine o n\u00facleo do governo, j\u00e1 que tanto a Pol\u00edcia Federal quanto a Receita Federal est\u00e3o sob o guarda-chuva de minist\u00e9rios da gest\u00e3o atual (Justi\u00e7a e Fazenda).<\/p>\n\n\n\n<blockquote class=\"wp-block-quote is-layout-flow wp-block-quote-is-layout-flow\">\n<p class=\"wp-block-paragraph\">\u200b&#8221;Governistas argumentam reservadamente que a Receita est\u00e1 sendo usada como &#8216;bode expiat\u00f3rio&#8217; em uma guerra de bra\u00e7o de ferro entre os poderes, enquanto ministros do STF reclamam que o governo n\u00e3o tem controle sobre os \u00f3rg\u00e3os de intelig\u00eancia e fiscaliza\u00e7\u00e3o.&#8221;<\/p>\n<\/blockquote>\n\n\n\n<h3 class=\"wp-block-heading\">\u200bDesdobramentos institucionais<\/h3>\n\n\n\n<p class=\"wp-block-paragraph\">\u200bO STF agora exige um mapeamento completo de quem acessou os dados nos \u00faltimos tr\u00eas anos. O ministro Alexandre de Moraes afirmou que o vazamento de informa\u00e7\u00f5es sigilosas serve para criar &#8220;suspeitas artificiais&#8221; contra a Corte.<\/p>\n\n\n\n<p class=\"wp-block-paragraph\">\u200bPor outro lado, associa\u00e7\u00f5es de classe, como a <strong>Unafisco<\/strong>, criticam a condu\u00e7\u00e3o do inqu\u00e9rito por Moraes, alegando que o ministro atua simultaneamente como v\u00edtima e investigador, o que gera questionamentos sobre o devido processo legal.<\/p>\n","protected":false},"excerpt":{"rendered":"<p>A rela\u00e7\u00e3o entre o Supremo Tribunal Federal (STF) e o Governo Lula atravessa um de seus momentos mais tensos em fevereiro de 2026. O estopim [&#8230;]<\/p>\n","protected":false},"author":1,"featured_media":4385,"comment_status":"open","ping_status":"open","sticky":false,"template":"","format":"standard","meta":{"_crdt_document":"","_jetpack_memberships_contains_paid_content":false,"footnotes":"","jetpack_publicize_message":"","jetpack_publicize_feature_enabled":true,"jetpack_social_post_already_shared":true,"jetpack_social_options":{"image_generator_settings":{"template":"highway","default_image_id":0,"font":"","enabled":false},"version":2}},"categories":[3],"tags":[],"class_list":["post-4384","post","type-post","status-publish","format-standard","has-post-thumbnail","hentry","category-brasil"],"jetpack_publicize_connections":[],"jetpack_featured_media_url":"https:\/\/i0.wp.com\/oexpressobr.com.br\/wp-content\/uploads\/2026\/02\/17715479676997ad3fb4041_1771547967_3x2_xl.jpg?fit=1200%2C800&ssl=1","jetpack_likes_enabled":true,"jetpack_sharing_enabled":true,"_links":{"self":[{"href":"https:\/\/oexpressobr.com.br\/index.php?rest_route=\/wp\/v2\/posts\/4384","targetHints":{"allow":["GET"]}}],"collection":[{"href":"https:\/\/oexpressobr.com.br\/index.php?rest_route=\/wp\/v2\/posts"}],"about":[{"href":"https:\/\/oexpressobr.com.br\/index.php?rest_route=\/wp\/v2\/types\/post"}],"author":[{"embeddable":true,"href":"https:\/\/oexpressobr.com.br\/index.php?rest_route=\/wp\/v2\/users\/1"}],"replies":[{"embeddable":true,"href":"https:\/\/oexpressobr.com.br\/index.php?rest_route=%2Fwp%2Fv2%2Fcomments&post=4384"}],"version-history":[{"count":1,"href":"https:\/\/oexpressobr.com.br\/index.php?rest_route=\/wp\/v2\/posts\/4384\/revisions"}],"predecessor-version":[{"id":4386,"href":"https:\/\/oexpressobr.com.br\/index.php?rest_route=\/wp\/v2\/posts\/4384\/revisions\/4386"}],"wp:featuredmedia":[{"embeddable":true,"href":"https:\/\/oexpressobr.com.br\/index.php?rest_route=\/wp\/v2\/media\/4385"}],"wp:attachment":[{"href":"https:\/\/oexpressobr.com.br\/index.php?rest_route=%2Fwp%2Fv2%2Fmedia&parent=4384"}],"wp:term":[{"taxonomy":"category","embeddable":true,"href":"https:\/\/oexpressobr.com.br\/index.php?rest_route=%2Fwp%2Fv2%2Fcategories&post=4384"},{"taxonomy":"post_tag","embeddable":true,"href":"https:\/\/oexpressobr.com.br\/index.php?rest_route=%2Fwp%2Fv2%2Ftags&post=4384"}],"curies":[{"name":"wp","href":"https:\/\/api.w.org\/{rel}","templated":true}]}}