{"id":4387,"date":"2026-02-22T05:55:35","date_gmt":"2026-02-22T08:55:35","guid":{"rendered":"https:\/\/oexpressobr.com.br\/?p=4387"},"modified":"2026-02-22T05:55:36","modified_gmt":"2026-02-22T08:55:36","slug":"trump-eleva-tarifa-global-para-15-apos-sofrer-derrota-na-suprema-corte","status":"publish","type":"post","link":"https:\/\/oexpressobr.com.br\/?p=4387","title":{"rendered":"TRUMP eleva tarifa global para 15% ap\u00f3s sofrer derrota na Suprema Corte"},"content":{"rendered":"\n<p class=\"wp-block-paragraph\">Em uma resposta agressiva ao Judici\u00e1rio, o presidente <strong>Donald Trump<\/strong> anunciou neste s\u00e1bado (21) que a nova tarifa global sobre produtos importados ser\u00e1 de <strong>15%<\/strong>, e n\u00e3o mais de 10%, como havia sinalizado na sexta-feira. A medida \u00e9 uma tentativa direta de contornar a decis\u00e3o da <strong>Suprema Corte dos Estados Unidos<\/strong>, que horas antes derrubou o &#8220;tarifa\u00e7o&#8221; anterior por consider\u00e1-lo inconstitucional.<\/p>\n\n\n\n<h3 class=\"wp-block-heading\">\u200bO embate jur\u00eddico e a &#8220;manobra&#8221; de Trump<\/h3>\n\n\n\n<p class=\"wp-block-paragraph\">\u200bNa sexta-feira (20), a Suprema Corte decidiu, por <strong>6 votos a 3<\/strong>, que o presidente excedeu sua autoridade ao utilizar a Lei de Poderes Econ\u00f4micos de Emerg\u00eancia Internacional (IEEPA) para impor tarifas sem o aval do Congresso.<\/p>\n\n\n\n<p class=\"wp-block-paragraph\">\u200bIrritado, Trump classificou a decis\u00e3o como &#8220;rid\u00edcula&#8221; e &#8220;anti-americana&#8221;. Para manter sua agenda protecionista, o republicano acionou um dispositivo legal diferente: a <strong>Se\u00e7\u00e3o 122 da Lei de Com\u00e9rcio de 1974<\/strong>.<\/p>\n\n\n\n<ul class=\"wp-block-list\">\n<li>\u200b<strong>A brecha:<\/strong> Esta lei permite que o presidente aplique taxas de at\u00e9 15% por um per\u00edodo tempor\u00e1rio de <strong>150 dias<\/strong> para lidar com desequil\u00edbrios na balan\u00e7a de pagamentos.<\/li>\n\n\n\n<li>\u200b<strong>O aumento:<\/strong> Ap\u00f3s anunciar inicialmente 10% sob essa nova base, Trump decidiu elevar para o teto permitido (15%) em menos de 24 horas, alegando que muitos pa\u00edses &#8220;v\u00eam roubando os EUA h\u00e1 d\u00e9cadas&#8221;.<\/li>\n<\/ul>\n\n\n\n<h3 class=\"wp-block-heading\">\u200bImpactos e rea\u00e7\u00f5es internacionais<\/h3>\n\n\n\n<p class=\"wp-block-paragraph\">\u200bA escalada tarif\u00e1ria gerou rea\u00e7\u00f5es imediatas em mercados globais e entre l\u00edderes estrangeiros:<\/p>\n\n\n\n<ol class=\"wp-block-list\">\n<li>\u200b<strong>Rea\u00e7\u00e3o Europeia:<\/strong> O presidente franc\u00eas, Emmanuel Macron, expressou satisfa\u00e7\u00e3o com a atua\u00e7\u00e3o dos contrapoderes nos EUA, mas alertou que a Fran\u00e7a buscar\u00e1 &#8220;reciprocidade&#8221; diante de decis\u00f5es unilaterais.<\/li>\n\n\n\n<li>\u200b<strong>Incerteza no Reino Unido:<\/strong> O aumento para 15% levanta d\u00favidas sobre acordos pr\u00e9vios que previam uma taxa de 10% para produtos brit\u00e2nicos.<\/li>\n\n\n\n<li>\u200b<strong>Custo ao Consumidor:<\/strong> Analistas econ\u00f4micos alertam que o repasse desses custos pode elevar os pre\u00e7os para o consumidor final nos EUA, alimentando a infla\u00e7\u00e3o.<\/li>\n<\/ol>\n\n\n\n<blockquote class=\"wp-block-quote is-layout-flow wp-block-quote-is-layout-flow\">\n<p class=\"wp-block-paragraph\">Durante os pr\u00f3ximos meses, o governo Trump determinar\u00e1 e emitir\u00e1 as novas tarifas legalmente permitidas, que continuar\u00e3o nosso processo de tornar a Am\u00e9rica grande novamente&#8221;, afirmou o presidente em sua rede social, Truth Social.<\/p>\n<\/blockquote>\n","protected":false},"excerpt":{"rendered":"<p>Em uma resposta agressiva ao Judici\u00e1rio, o presidente Donald Trump anunciou neste s\u00e1bado (21) que a nova tarifa global sobre produtos importados ser\u00e1 de 15%, [&#8230;]<\/p>\n","protected":false},"author":1,"featured_media":4390,"comment_status":"open","ping_status":"open","sticky":false,"template":"","format":"standard","meta":{"_crdt_document":"","_jetpack_memberships_contains_paid_content":false,"footnotes":"","jetpack_publicize_message":"","jetpack_publicize_feature_enabled":true,"jetpack_social_post_already_shared":true,"jetpack_social_options":{"image_generator_settings":{"template":"highway","default_image_id":0,"font":"","enabled":false},"version":2}},"categories":[15],"tags":[],"class_list":["post-4387","post","type-post","status-publish","format-standard","has-post-thumbnail","hentry","category-internacional"],"jetpack_publicize_connections":[],"jetpack_featured_media_url":"https:\/\/i0.wp.com\/oexpressobr.com.br\/wp-content\/uploads\/2026\/02\/17716806836999b3ab637c0_1771680683_3x2_xl.jpg?fit=1200%2C800&ssl=1","jetpack_likes_enabled":true,"jetpack_sharing_enabled":true,"_links":{"self":[{"href":"https:\/\/oexpressobr.com.br\/index.php?rest_route=\/wp\/v2\/posts\/4387","targetHints":{"allow":["GET"]}}],"collection":[{"href":"https:\/\/oexpressobr.com.br\/index.php?rest_route=\/wp\/v2\/posts"}],"about":[{"href":"https:\/\/oexpressobr.com.br\/index.php?rest_route=\/wp\/v2\/types\/post"}],"author":[{"embeddable":true,"href":"https:\/\/oexpressobr.com.br\/index.php?rest_route=\/wp\/v2\/users\/1"}],"replies":[{"embeddable":true,"href":"https:\/\/oexpressobr.com.br\/index.php?rest_route=%2Fwp%2Fv2%2Fcomments&post=4387"}],"version-history":[{"count":1,"href":"https:\/\/oexpressobr.com.br\/index.php?rest_route=\/wp\/v2\/posts\/4387\/revisions"}],"predecessor-version":[{"id":4389,"href":"https:\/\/oexpressobr.com.br\/index.php?rest_route=\/wp\/v2\/posts\/4387\/revisions\/4389"}],"wp:featuredmedia":[{"embeddable":true,"href":"https:\/\/oexpressobr.com.br\/index.php?rest_route=\/wp\/v2\/media\/4390"}],"wp:attachment":[{"href":"https:\/\/oexpressobr.com.br\/index.php?rest_route=%2Fwp%2Fv2%2Fmedia&parent=4387"}],"wp:term":[{"taxonomy":"category","embeddable":true,"href":"https:\/\/oexpressobr.com.br\/index.php?rest_route=%2Fwp%2Fv2%2Fcategories&post=4387"},{"taxonomy":"post_tag","embeddable":true,"href":"https:\/\/oexpressobr.com.br\/index.php?rest_route=%2Fwp%2Fv2%2Ftags&post=4387"}],"curies":[{"name":"wp","href":"https:\/\/api.w.org\/{rel}","templated":true}]}}