{"id":4397,"date":"2026-02-22T06:14:53","date_gmt":"2026-02-22T09:14:53","guid":{"rendered":"https:\/\/oexpressobr.com.br\/?p=4397"},"modified":"2026-02-22T06:14:55","modified_gmt":"2026-02-22T09:14:55","slug":"queda-de-asa-delta-em-sao-conrado-mata-instrutor","status":"publish","type":"post","link":"https:\/\/oexpressobr.com.br\/?p=4397","title":{"rendered":"Queda de asa-delta em S\u00e3o Conrado mata instrutor"},"content":{"rendered":"\n<p class=\"wp-block-paragraph\">Um tr\u00e1gico acidente de voo livre abalou a orla do Rio de Janeiro na manh\u00e3 deste s\u00e1bado, 21 de fevereiro de 2026. O experiente instrutor <strong>Rodolfo Pascoal Ladeira<\/strong> e a turista norte-americana <strong>Jenny Col\u00f4n Rodr\u00edguez<\/strong> morreram ap\u00f3s a asa-delta em que realizavam um voo duplo cair no mar na Praia de S\u00e3o Conrado, Zona Sul da cidade.<\/p>\n\n\n\n<h3 class=\"wp-block-heading\">\u200bDetalhes do resgate e fatalidade<\/h3>\n\n\n\n<p class=\"wp-block-paragraph\">\u200bO acidente ocorreu por volta das 11h15, pr\u00f3ximo \u00e0 \u00e1rea de pouso do Campo de Pouso Phil Haegler. De acordo com o Corpo de Bombeiros, foram mobilizados helic\u00f3pteros, motos aqu\u00e1ticas e ambul\u00e2ncias para o resgate. Banhistas e um barco de passeio que passava pelo local tamb\u00e9m auxiliaram na retirada das v\u00edtimas da \u00e1gua.<\/p>\n\n\n\n<ul class=\"wp-block-list\">\n<li>\u200b<strong>Rodolfo Pascoal Ladeira:<\/strong> O instrutor foi retirado do mar j\u00e1 sem vida.<\/li>\n\n\n\n<li>\u200b<strong>Jenny Col\u00f4n Rodr\u00edguez:<\/strong> A turista foi resgatada em estado grav\u00edssimo. Socorristas realizaram manobras de reanima\u00e7\u00e3o na areia por cerca de 15 minutos antes de encaminh\u00e1-la ao Hospital Municipal Miguel Couto, na G\u00e1vea, onde ela n\u00e3o resistiu aos ferimentos provocados pelo trauma.<\/li>\n<\/ul>\n\n\n\n<h3 class=\"wp-block-heading\">\u200bInvestiga\u00e7\u00e3o e causas prov\u00e1veis<\/h3>\n\n\n\n<p class=\"wp-block-paragraph\">\u200bAs causas exatas da queda ainda est\u00e3o sob investiga\u00e7\u00e3o pela <strong>15\u00aa DP (G\u00e1vea)<\/strong> e pela <strong>Anac<\/strong> (Ag\u00eancia Nacional de Avia\u00e7\u00e3o Civil). Testemunhas que presenciaram o momento da queda relataram que o paraquedas de emerg\u00eancia chegou a ser acionado durante o voo, mas n\u00e3o abriu a tempo de evitar o impacto com a \u00e1gua.<\/p>\n\n\n\n<p class=\"wp-block-paragraph\">\u200bO Clube S\u00e3o Conrado de Voo Livre informou que aguarda a recupera\u00e7\u00e3o total dos equipamentos para uma per\u00edcia t\u00e9cnica detalhada. Em nota, a associa\u00e7\u00e3o descreveu Rodolfo como um profissional altamente capacitado, recordista de parapente e muito querido pela comunidade.<\/p>\n\n\n\n<h3 class=\"wp-block-heading\">\u200bLuto no voo livre<\/h3>\n\n\n\n<p class=\"wp-block-paragraph\">\u200bComo sinal de respeito \u00e0s v\u00edtimas e para facilitar as investiga\u00e7\u00f5es, a <strong>Rampa da Pedra Bonita<\/strong> permanecer\u00e1 fechada e as atividades de voo livre em S\u00e3o Conrado foram suspensas por tr\u00eas dias.<\/p>\n\n\n\n<blockquote class=\"wp-block-quote is-layout-flow wp-block-quote-is-layout-flow\">\n<p class=\"wp-block-paragraph\">\u200b&#8221;Que a mem\u00f3ria de ambos seja um legado de inspira\u00e7\u00e3o, e que possamos encontrar for\u00e7as para continuar voando, mesmo nos momentos mais dif\u00edceis&#8221;, declarou o clube em nota oficial.<\/p>\n<\/blockquote>\n","protected":false},"excerpt":{"rendered":"<p>Um tr\u00e1gico acidente de voo livre abalou a orla do Rio de Janeiro na manh\u00e3 deste s\u00e1bado, 21 de fevereiro de 2026. O experiente instrutor [&#8230;]<\/p>\n","protected":false},"author":1,"featured_media":4398,"comment_status":"open","ping_status":"open","sticky":false,"template":"","format":"standard","meta":{"_crdt_document":"","_jetpack_memberships_contains_paid_content":false,"footnotes":"","jetpack_publicize_message":"","jetpack_publicize_feature_enabled":true,"jetpack_social_post_already_shared":true,"jetpack_social_options":{"image_generator_settings":{"template":"highway","default_image_id":0,"font":"","enabled":false},"version":2}},"categories":[46],"tags":[],"class_list":["post-4397","post","type-post","status-publish","format-standard","has-post-thumbnail","hentry","category-cidades"],"jetpack_publicize_connections":[],"jetpack_featured_media_url":"https:\/\/i0.wp.com\/oexpressobr.com.br\/wp-content\/uploads\/2026\/02\/IMG-20260222-WA0153.jpg?fit=900%2C506&ssl=1","jetpack_likes_enabled":true,"jetpack_sharing_enabled":true,"_links":{"self":[{"href":"https:\/\/oexpressobr.com.br\/index.php?rest_route=\/wp\/v2\/posts\/4397","targetHints":{"allow":["GET"]}}],"collection":[{"href":"https:\/\/oexpressobr.com.br\/index.php?rest_route=\/wp\/v2\/posts"}],"about":[{"href":"https:\/\/oexpressobr.com.br\/index.php?rest_route=\/wp\/v2\/types\/post"}],"author":[{"embeddable":true,"href":"https:\/\/oexpressobr.com.br\/index.php?rest_route=\/wp\/v2\/users\/1"}],"replies":[{"embeddable":true,"href":"https:\/\/oexpressobr.com.br\/index.php?rest_route=%2Fwp%2Fv2%2Fcomments&post=4397"}],"version-history":[{"count":1,"href":"https:\/\/oexpressobr.com.br\/index.php?rest_route=\/wp\/v2\/posts\/4397\/revisions"}],"predecessor-version":[{"id":4399,"href":"https:\/\/oexpressobr.com.br\/index.php?rest_route=\/wp\/v2\/posts\/4397\/revisions\/4399"}],"wp:featuredmedia":[{"embeddable":true,"href":"https:\/\/oexpressobr.com.br\/index.php?rest_route=\/wp\/v2\/media\/4398"}],"wp:attachment":[{"href":"https:\/\/oexpressobr.com.br\/index.php?rest_route=%2Fwp%2Fv2%2Fmedia&parent=4397"}],"wp:term":[{"taxonomy":"category","embeddable":true,"href":"https:\/\/oexpressobr.com.br\/index.php?rest_route=%2Fwp%2Fv2%2Fcategories&post=4397"},{"taxonomy":"post_tag","embeddable":true,"href":"https:\/\/oexpressobr.com.br\/index.php?rest_route=%2Fwp%2Fv2%2Ftags&post=4397"}],"curies":[{"name":"wp","href":"https:\/\/api.w.org\/{rel}","templated":true}]}}