{"id":4403,"date":"2026-02-22T06:26:02","date_gmt":"2026-02-22T09:26:02","guid":{"rendered":"https:\/\/oexpressobr.com.br\/?p=4403"},"modified":"2026-02-22T06:26:04","modified_gmt":"2026-02-22T09:26:04","slug":"perseguicao-religiosa-global-entra-em-foco-durante-a-quaresma-e-mobiliza-organizacoes-internacionais","status":"publish","type":"post","link":"https:\/\/oexpressobr.com.br\/?p=4403","title":{"rendered":"Persegui\u00e7\u00e3o religiosa global entra em foco durante a Quaresma e mobiliza organiza\u00e7\u00f5es internacionais"},"content":{"rendered":"\n<p class=\"wp-block-paragraph\">A Quaresma, tradicional per\u00edodo de reflex\u00e3o e penit\u00eancia para o cristianismo, tem servido de pano de fundo para um alerta urgente sobre a escalada da viol\u00eancia contra fi\u00e9is ao redor do globo. Relat\u00f3rios recentes de entidades como a <strong>Portas Abertas<\/strong> e o <strong>Observat\u00f3rio da Intoler\u00e2ncia e Discrimina\u00e7\u00e3o contra Crist\u00e3os<\/strong> indicam que a liberdade de culto enfrenta retrocessos severos, especialmente em regi\u00f5es da \u00c1frica Subsaariana e partes da \u00c1sia.<\/p>\n\n\n\n<h3 class=\"wp-block-heading\">\u200bO cen\u00e1rio da &#8220;Cristofobia&#8221; no s\u00e9culo XXI<\/h3>\n\n\n\n<p class=\"wp-block-paragraph\">\u200bO termo, que ganha for\u00e7a no debate p\u00fablico, descreve um fen\u00f4meno complexo que vai desde a discrimina\u00e7\u00e3o social e jur\u00eddica at\u00e9 a viol\u00eancia f\u00edsica extrema. Segundo dados do monitoramento global, estima-se que <strong>1 em cada 7 crist\u00e3os<\/strong> no mundo viva em pa\u00edses onde a persegui\u00e7\u00e3o \u00e9 considerada alta, muito alta ou extrema.<\/p>\n\n\n\n<ul class=\"wp-block-list\">\n<li>\u200b<strong>Nig\u00e9ria:<\/strong> Continua sendo o epicentro da viol\u00eancia letal, com comunidades inteiras deslocadas por ataques de grupos extremistas.<\/li>\n\n\n\n<li>\u200b<strong>Nicar\u00e1gua:<\/strong> O endurecimento do regime contra a hierarquia cat\u00f3lica e institui\u00e7\u00f5es religiosas colocou a Am\u00e9rica Latina na rota de preocupa\u00e7\u00e3o internacional.<\/li>\n\n\n\n<li>\u200b<strong>China e Coreia do Norte:<\/strong> Mant\u00eam sistemas de vigil\u00e2ncia e restri\u00e7\u00f5es estatais r\u00edgidas que for\u00e7am a pr\u00e1tica da f\u00e9 para a clandestinidade.<\/li>\n<\/ul>\n\n\n\n<h3 class=\"wp-block-heading\">\u200bReflex\u00e3o e a\u00e7\u00e3o informativa<\/h3>\n\n\n\n<p class=\"wp-block-paragraph\">\u200bDiante desse panorama, o especial <strong>Cristofobia<\/strong>, produzido pela <em>Gazeta do Povo<\/em>, surge como uma ferramenta essencial para quem busca compreender as ra\u00edzes e as ramifica\u00e7\u00f5es desse problema. A reportagem detalha como a intoler\u00e2ncia religiosa n\u00e3o apenas fere direitos humanos fundamentais, mas tamb\u00e9m desestabiliza democracias e apaga identidades culturais.<\/p>\n\n\n\n<blockquote class=\"wp-block-quote is-layout-flow wp-block-quote-is-layout-flow\">\n<p class=\"wp-block-paragraph\">\u200b&#8221;A persegui\u00e7\u00e3o n\u00e3o \u00e9 apenas um evento hist\u00f3rico, mas uma realidade di\u00e1ria que exige visibilidade e resposta diplom\u00e1tica imediata.&#8221;<\/p>\n<\/blockquote>\n\n\n\n<h3 class=\"wp-block-heading\">\u200bPor que o tema ganha for\u00e7a agora?<\/h3>\n\n\n\n<p class=\"wp-block-paragraph\">\u200bEspecialistas apontam que a visibilidade durante a Quaresma ajuda a mobilizar campanhas de ajuda humanit\u00e1ria e press\u00e3o pol\u00edtica. Com o aumento de conflitos geopol\u00edticos, a religi\u00e3o muitas vezes acaba sendo usada como pretexto para limpezas \u00e9tnicas e controle social, tornando o jornalismo investigativo sobre o tema vital para a defesa das liberdades civis.<\/p>\n","protected":false},"excerpt":{"rendered":"<p>A Quaresma, tradicional per\u00edodo de reflex\u00e3o e penit\u00eancia para o cristianismo, tem servido de pano de fundo para um alerta urgente sobre a escalada da [&#8230;]<\/p>\n","protected":false},"author":1,"featured_media":4404,"comment_status":"open","ping_status":"open","sticky":false,"template":"","format":"standard","meta":{"_crdt_document":"","_jetpack_memberships_contains_paid_content":false,"footnotes":"","jetpack_publicize_message":"","jetpack_publicize_feature_enabled":true,"jetpack_social_post_already_shared":true,"jetpack_social_options":{"image_generator_settings":{"template":"highway","default_image_id":0,"font":"","enabled":false},"version":2}},"categories":[15],"tags":[],"class_list":["post-4403","post","type-post","status-publish","format-standard","has-post-thumbnail","hentry","category-internacional"],"jetpack_publicize_connections":[],"jetpack_featured_media_url":"https:\/\/i0.wp.com\/oexpressobr.com.br\/wp-content\/uploads\/2026\/02\/IMG-20260222-WA0156.jpg?fit=960%2C540&ssl=1","jetpack_likes_enabled":true,"jetpack_sharing_enabled":true,"_links":{"self":[{"href":"https:\/\/oexpressobr.com.br\/index.php?rest_route=\/wp\/v2\/posts\/4403","targetHints":{"allow":["GET"]}}],"collection":[{"href":"https:\/\/oexpressobr.com.br\/index.php?rest_route=\/wp\/v2\/posts"}],"about":[{"href":"https:\/\/oexpressobr.com.br\/index.php?rest_route=\/wp\/v2\/types\/post"}],"author":[{"embeddable":true,"href":"https:\/\/oexpressobr.com.br\/index.php?rest_route=\/wp\/v2\/users\/1"}],"replies":[{"embeddable":true,"href":"https:\/\/oexpressobr.com.br\/index.php?rest_route=%2Fwp%2Fv2%2Fcomments&post=4403"}],"version-history":[{"count":1,"href":"https:\/\/oexpressobr.com.br\/index.php?rest_route=\/wp\/v2\/posts\/4403\/revisions"}],"predecessor-version":[{"id":4405,"href":"https:\/\/oexpressobr.com.br\/index.php?rest_route=\/wp\/v2\/posts\/4403\/revisions\/4405"}],"wp:featuredmedia":[{"embeddable":true,"href":"https:\/\/oexpressobr.com.br\/index.php?rest_route=\/wp\/v2\/media\/4404"}],"wp:attachment":[{"href":"https:\/\/oexpressobr.com.br\/index.php?rest_route=%2Fwp%2Fv2%2Fmedia&parent=4403"}],"wp:term":[{"taxonomy":"category","embeddable":true,"href":"https:\/\/oexpressobr.com.br\/index.php?rest_route=%2Fwp%2Fv2%2Fcategories&post=4403"},{"taxonomy":"post_tag","embeddable":true,"href":"https:\/\/oexpressobr.com.br\/index.php?rest_route=%2Fwp%2Fv2%2Ftags&post=4403"}],"curies":[{"name":"wp","href":"https:\/\/api.w.org\/{rel}","templated":true}]}}