{"id":4406,"date":"2026-02-22T06:31:42","date_gmt":"2026-02-22T09:31:42","guid":{"rendered":"https:\/\/oexpressobr.com.br\/?p=4406"},"modified":"2026-02-22T06:31:44","modified_gmt":"2026-02-22T09:31:44","slug":"toffoli-deixa-relatoria-de-inquerito-sobre-banco-master-apos-citacoes-da-pf-e-avanco-de-dados-sobre-perseguicao-religiosa","status":"publish","type":"post","link":"https:\/\/oexpressobr.com.br\/?p=4406","title":{"rendered":"TOFFOLI deixa relatoria de inqu\u00e9rito sobre Banco Master ap\u00f3s cita\u00e7\u00f5es da PF e avan\u00e7o de dados sobre persegui\u00e7\u00e3o religiosa"},"content":{"rendered":"\n<p class=\"wp-block-paragraph\"><strong>BRAS\u00cdLIA<\/strong> \u2013 Em pleno per\u00edodo de Quaresma, tradicionalmente voltado \u00e0 reflex\u00e3o e \u00e0 penit\u00eancia, o cen\u00e1rio institucional brasileiro e o panorama humanit\u00e1rio global convergem para um estado de alerta. Enquanto novos dados da <strong>Lista Mundial da Persegui\u00e7\u00e3o 2026<\/strong> revelam um recorde sombrio de viol\u00eancia contra crist\u00e3os, os corredores do <strong>Supremo Tribunal Federal (STF)<\/strong> enfrentam o desdobramento de um dos casos mais sens\u00edveis de sua hist\u00f3ria recente: o esc\u00e2ndalo envolvendo o <strong>Banco Master<\/strong> e o ministro <strong>Dias Toffoli<\/strong>.<\/p>\n\n\n\n<h3 class=\"wp-block-heading\">\u200bO imbr\u00f3glio judicial: Toffoli e a &#8220;batata quente&#8221; do Banco Master<\/h3>\n\n\n\n<p class=\"wp-block-paragraph\">\u200bO ministro Dias Toffoli, que em dezembro de 2025 havia avocado para si a relatoria do inqu\u00e9rito que investiga fraudes bilion\u00e1rias no Banco Master \u2014 estimadas em <strong>R$ 12 bilh\u00f5es<\/strong> \u2014, decidiu deixar o caso em fevereiro de 2026. A sa\u00edda ocorre ap\u00f3s a <strong>Pol\u00edcia Federal (PF)<\/strong> apontar cita\u00e7\u00f5es diretas ao seu nome em mensagens encontradas no celular de <strong>Daniel Vorcaro<\/strong>, controlador do banco.<\/p>\n\n\n\n<p class=\"wp-block-paragraph\">\u200bA controv\u00e9rsia escalou quando a PF identificou que um fundo de investimento ligado a familiares do ministro teria negociado participa\u00e7\u00f5es em um resort no Paran\u00e1 com o grupo de Vorcaro. Embora o STF tenha emitido nota oficial de apoio a Toffoli, afirmando a &#8220;inexist\u00eancia de suspei\u00e7\u00e3o&#8221;, a press\u00e3o institucional e a necessidade de evitar nulidades processuais levaram \u00e0 redistribui\u00e7\u00e3o do caso para o ministro <strong>Andr\u00e9 Mendon\u00e7a<\/strong>, que j\u00e1 autorizou a retomada das dilig\u00eancias e depoimentos.<\/p>\n\n\n\n<blockquote class=\"wp-block-quote is-layout-flow wp-block-quote-is-layout-flow\">\n<p class=\"wp-block-paragraph\">\u200b&#8221;Apenas quando pega mal ser lembrado como colaboracionista de algum tirano que j\u00e1 n\u00e3o tem mais poder \u00e9 que se inicia uma opera\u00e7\u00e3o-abafa&#8221;, observa o sentimento cr\u00edtico que ecoa na opini\u00e3o p\u00fablica diante da &#8220;amn\u00e9sia coletiva&#8221; que muitas vezes sucede grandes esc\u00e2ndalos.<\/p>\n<\/blockquote>\n\n\n\n<h3 class=\"wp-block-heading\">\u200bO cen\u00e1rio global: A escalada da persegui\u00e7\u00e3o a crist\u00e3os<\/h3>\n\n\n\n<p class=\"wp-block-paragraph\">\u200bEnquanto o Brasil debate a legitimidade de seus ju\u00edzes, o mundo assiste a um colapso da liberdade religiosa. O relat\u00f3rio da <strong>Miss\u00e3o Portas Abertas<\/strong> de 2026 traz n\u00fameros sem precedentes:<\/p>\n\n\n\n<ul class=\"wp-block-list\">\n<li>\u200b<strong>388 milh\u00f5es de crist\u00e3os<\/strong> vivem sob persegui\u00e7\u00e3o extrema ou alta no mundo.<\/li>\n\n\n\n<li>\u200b<strong>1 em cada 7 crist\u00e3os<\/strong> \u00e9 alvo de discrimina\u00e7\u00e3o ou viol\u00eancia direta por sua f\u00e9.<\/li>\n\n\n\n<li>\u200b<strong>Pa\u00edses em destaque:<\/strong> A <strong>Coreia do Norte<\/strong> mant\u00e9m a lideran\u00e7a no ranking de opress\u00e3o, mas a <strong>S\u00edria<\/strong> saltou para a 6\u00aa posi\u00e7\u00e3o, refletindo o \u00eaxodo de uma comunidade que minguou de 1,1 milh\u00e3o para apenas 300 mil pessoas em uma d\u00e9cada.<\/li>\n\n\n\n<li>\u200b<strong>Viol\u00eancia letal:<\/strong> A Nig\u00e9ria continua sendo o epicentro de assassinatos de crist\u00e3os, impulsionada pelo v\u00e1cuo de poder preenchido por grupos extremistas.<\/li>\n<\/ul>\n\n\n\n<h3 class=\"wp-block-heading\">Reflex\u00e3o e Resist\u00eancia<\/h3>\n\n\n\n<p class=\"wp-block-paragraph\">\u200bA analogia com as ditaduras apresentada no panorama atual \u00e9 certeira: a resist\u00eancia \u00e9 sempre composta por uma minoria, enquanto a estrutura de poder busca se autopreservar atrav\u00e9s de ritos de legitima\u00e7\u00e3o. Na Quaresma de 2026, a &#8220;opera\u00e7\u00e3o-abafa&#8221; mencionada em rela\u00e7\u00e3o aos esc\u00e2ndalos financeiros e judiciais no Brasil parece contrastar com a exposi\u00e7\u00e3o crua do sofrimento de milh\u00f5es que, ao redor do globo, n\u00e3o possuem tribunais a quem recorrer para garantir sua exist\u00eancia b\u00e1sica.<\/p>\n\n\n\n<p class=\"wp-block-paragraph\">\u200bA grande m\u00eddia, que por vezes hesita em tocar na &#8220;batata quente&#8221; das rela\u00e7\u00f5es entre o Judici\u00e1rio e o sistema financeiro, agora se v\u00ea for\u00e7ada a relatar o que os dados da PF e os relat\u00f3rios internacionais de direitos humanos j\u00e1 n\u00e3o permitem esconder.<\/p>\n\n\n\n<p class=\"wp-block-paragraph\"><\/p>\n","protected":false},"excerpt":{"rendered":"<p>BRAS\u00cdLIA \u2013 Em pleno per\u00edodo de Quaresma, tradicionalmente voltado \u00e0 reflex\u00e3o e \u00e0 penit\u00eancia, o cen\u00e1rio institucional brasileiro e o panorama humanit\u00e1rio global convergem para [&#8230;]<\/p>\n","protected":false},"author":1,"featured_media":4407,"comment_status":"open","ping_status":"open","sticky":false,"template":"","format":"standard","meta":{"_crdt_document":"","_jetpack_memberships_contains_paid_content":false,"footnotes":"","jetpack_publicize_message":"","jetpack_publicize_feature_enabled":true,"jetpack_social_post_already_shared":true,"jetpack_social_options":{"image_generator_settings":{"template":"highway","default_image_id":0,"font":"","enabled":false},"version":2}},"categories":[8],"tags":[],"class_list":["post-4406","post","type-post","status-publish","format-standard","has-post-thumbnail","hentry","category-judiciario"],"jetpack_publicize_connections":[],"jetpack_featured_media_url":"https:\/\/i0.wp.com\/oexpressobr.com.br\/wp-content\/uploads\/2026\/02\/IMG-20260222-WA0158.jpg?fit=1080%2C1080&ssl=1","jetpack_likes_enabled":true,"jetpack_sharing_enabled":true,"_links":{"self":[{"href":"https:\/\/oexpressobr.com.br\/index.php?rest_route=\/wp\/v2\/posts\/4406","targetHints":{"allow":["GET"]}}],"collection":[{"href":"https:\/\/oexpressobr.com.br\/index.php?rest_route=\/wp\/v2\/posts"}],"about":[{"href":"https:\/\/oexpressobr.com.br\/index.php?rest_route=\/wp\/v2\/types\/post"}],"author":[{"embeddable":true,"href":"https:\/\/oexpressobr.com.br\/index.php?rest_route=\/wp\/v2\/users\/1"}],"replies":[{"embeddable":true,"href":"https:\/\/oexpressobr.com.br\/index.php?rest_route=%2Fwp%2Fv2%2Fcomments&post=4406"}],"version-history":[{"count":1,"href":"https:\/\/oexpressobr.com.br\/index.php?rest_route=\/wp\/v2\/posts\/4406\/revisions"}],"predecessor-version":[{"id":4408,"href":"https:\/\/oexpressobr.com.br\/index.php?rest_route=\/wp\/v2\/posts\/4406\/revisions\/4408"}],"wp:featuredmedia":[{"embeddable":true,"href":"https:\/\/oexpressobr.com.br\/index.php?rest_route=\/wp\/v2\/media\/4407"}],"wp:attachment":[{"href":"https:\/\/oexpressobr.com.br\/index.php?rest_route=%2Fwp%2Fv2%2Fmedia&parent=4406"}],"wp:term":[{"taxonomy":"category","embeddable":true,"href":"https:\/\/oexpressobr.com.br\/index.php?rest_route=%2Fwp%2Fv2%2Fcategories&post=4406"},{"taxonomy":"post_tag","embeddable":true,"href":"https:\/\/oexpressobr.com.br\/index.php?rest_route=%2Fwp%2Fv2%2Ftags&post=4406"}],"curies":[{"name":"wp","href":"https:\/\/api.w.org\/{rel}","templated":true}]}}