{"id":4412,"date":"2026-02-22T06:42:08","date_gmt":"2026-02-22T09:42:08","guid":{"rendered":"https:\/\/oexpressobr.com.br\/?p=4412"},"modified":"2026-02-22T06:42:09","modified_gmt":"2026-02-22T09:42:09","slug":"militares-e-medicos-cubanos-deixam-a-venezuela-sob-forte-pressao-dos-eua","status":"publish","type":"post","link":"https:\/\/oexpressobr.com.br\/?p=4412","title":{"rendered":"MILITARES e m\u00e9dicos cubanos deixam a Venezuela sob forte press\u00e3o dos EUA"},"content":{"rendered":"\n<p class=\"wp-block-paragraph\"><strong>CARACAS<\/strong> \u2013 O cen\u00e1rio geopol\u00edtico da Am\u00e9rica Latina sofre uma transforma\u00e7\u00e3o dr\u00e1stica neste in\u00edcio de 2026. Ap\u00f3s d\u00e9cadas de uma alian\u00e7a estrat\u00e9gica profunda, contingentes de m\u00e9dicos e agentes de seguran\u00e7a cubanos iniciaram uma retirada em massa da Venezuela. O movimento ocorre em um contexto de asfixia econ\u00f4mica e press\u00e3o militar direta exercida pelo governo de <strong>Donald Trump<\/strong>, que recentemente intensificou opera\u00e7\u00f5es na regi\u00e3o.<\/p>\n\n\n\n<h3 class=\"wp-block-heading\">\u200bO colapso da alian\u00e7a Caracas-Havana<\/h3>\n\n\n\n<p class=\"wp-block-paragraph\">\u200bA sa\u00edda dos profissionais cubanos \u2014 que no auge do programa &#8220;Miss\u00e3o Bairro Adentro&#8221; chegaram a somar dezenas de milhares \u2014 marca o fim de uma era de coopera\u00e7\u00e3o iniciada por Hugo Ch\u00e1vez e Fidel Castro. Os principais fatores que aceleraram este \u00eaxodo incluem:<\/p>\n\n\n\n<ul class=\"wp-block-list\">\n<li>\u200b<strong>Interven\u00e7\u00e3o e Captura:<\/strong> A recente opera\u00e7\u00e3o militar dos EUA em solo venezuelano, que resultou na captura de <strong>Nicol\u00e1s Maduro<\/strong> e sua transfer\u00eancia para Nova York, desarticulou a cadeia de comando que garantia a perman\u00eancia dos cubanos.<\/li>\n\n\n\n<li>\u200b<strong>Bloqueio Energ\u00e9tico:<\/strong> Washington cortou o fluxo de petr\u00f3leo venezuelano para a ilha. Sem o subs\u00eddio de combust\u00edvel, que representava cerca de 34% da demanda de Cuba, o governo de <strong>Miguel D\u00edaz-Canel<\/strong> enfrenta um colapso energ\u00e9tico sem precedentes.<\/li>\n\n\n\n<li>\u200b<strong>Press\u00e3o da Presid\u00eancia Interina:<\/strong> O novo governo interino venezuelano, buscando normalizar rela\u00e7\u00f5es com os EUA, optou por substituir a guarda de elite cubana por for\u00e7as de seguran\u00e7a locais.<\/li>\n<\/ul>\n\n\n\n<h3 class=\"wp-block-heading\">\u200bImpacto nas For\u00e7as de Seguran\u00e7a e Sa\u00fade<\/h3>\n\n\n\n<p class=\"wp-block-paragraph\">\u200bRelatos indicam que assessores cubanos de intelig\u00eancia, anteriormente lotados na Dire\u00e7\u00e3o Geral de Contraintelig\u00eancia Militar (DGCIM), foram removidos de seus cargos. No campo da sa\u00fade, a retirada deixa um v\u00e1cuo em \u00e1reas remotas da Venezuela, onde os m\u00e9dicos da ilha eram, muitas vezes, a \u00fanica assist\u00eancia dispon\u00edvel.<\/p>\n\n\n\n<blockquote class=\"wp-block-quote is-layout-flow wp-block-quote-is-layout-flow\">\n<p class=\"wp-block-paragraph\">\u200b&#8221;Eles recebiam dinheiro da Venezuela. Recebiam petr\u00f3leo da Venezuela. Isso acabou&#8221;, afirmou o presidente Donald Trump em declara\u00e7\u00e3o recente, sugerindo que o pr\u00f3ximo passo da press\u00e3o diplom\u00e1tica ser\u00e1 direcionado integralmente \u00e0 queda do regime em Havana.<\/p>\n<\/blockquote>\n\n\n\n<h3 class=\"wp-block-heading\">\u200bN\u00fameros do conflito e da coopera\u00e7\u00e3o<\/h3>\n\n\n\n<p class=\"wp-block-paragraph\">\u200bDe acordo com dados recentes e hist\u00f3ricos da coopera\u00e7\u00e3o:<\/p>\n\n\n\n<ul class=\"wp-block-list\">\n<li>\u200b<strong>32 militares cubanos<\/strong> teriam morrido durante as incurs\u00f5es americanas em territ\u00f3rio venezuelano no in\u00edcio do ano.<\/li>\n\n\n\n<li>\u200b<strong>255.300 colaboradores<\/strong> cubanos passaram pela Venezuela desde o in\u00edcio dos acordos de coopera\u00e7\u00e3o.<\/li>\n\n\n\n<li>\u200b<strong>Zero barris:<\/strong> \u00c9 a meta atual da Casa Branca para o envio de petr\u00f3leo venezuelano a Cuba.<\/li>\n<\/ul>\n\n\n\n<p class=\"wp-block-paragraph\">\u200bA sa\u00edda desses profissionais n\u00e3o \u00e9 apenas uma movimenta\u00e7\u00e3o log\u00edstica, mas o s\u00edmbolo do desmantelamento da influ\u00eancia castrista no continente, deixando Cuba isolada e \u00e0 beira de uma crise humanit\u00e1ria e energ\u00e9tica sist\u00eamica.<\/p>\n","protected":false},"excerpt":{"rendered":"<p>CARACAS \u2013 O cen\u00e1rio geopol\u00edtico da Am\u00e9rica Latina sofre uma transforma\u00e7\u00e3o dr\u00e1stica neste in\u00edcio de 2026. Ap\u00f3s d\u00e9cadas de uma alian\u00e7a estrat\u00e9gica profunda, contingentes de [&#8230;]<\/p>\n","protected":false},"author":1,"featured_media":4413,"comment_status":"open","ping_status":"open","sticky":false,"template":"","format":"standard","meta":{"_crdt_document":"","_jetpack_memberships_contains_paid_content":false,"footnotes":"","jetpack_publicize_message":"","jetpack_publicize_feature_enabled":true,"jetpack_social_post_already_shared":true,"jetpack_social_options":{"image_generator_settings":{"template":"highway","default_image_id":0,"font":"","enabled":false},"version":2}},"categories":[15],"tags":[],"class_list":["post-4412","post","type-post","status-publish","format-standard","has-post-thumbnail","hentry","category-internacional"],"jetpack_publicize_connections":[],"jetpack_featured_media_url":"https:\/\/i0.wp.com\/oexpressobr.com.br\/wp-content\/uploads\/2026\/02\/7a6dc343782423be94c74503e32e6995afc6b485w-1280x720.jpg.webp?fit=1280%2C720&ssl=1","jetpack_likes_enabled":true,"jetpack_sharing_enabled":true,"_links":{"self":[{"href":"https:\/\/oexpressobr.com.br\/index.php?rest_route=\/wp\/v2\/posts\/4412","targetHints":{"allow":["GET"]}}],"collection":[{"href":"https:\/\/oexpressobr.com.br\/index.php?rest_route=\/wp\/v2\/posts"}],"about":[{"href":"https:\/\/oexpressobr.com.br\/index.php?rest_route=\/wp\/v2\/types\/post"}],"author":[{"embeddable":true,"href":"https:\/\/oexpressobr.com.br\/index.php?rest_route=\/wp\/v2\/users\/1"}],"replies":[{"embeddable":true,"href":"https:\/\/oexpressobr.com.br\/index.php?rest_route=%2Fwp%2Fv2%2Fcomments&post=4412"}],"version-history":[{"count":1,"href":"https:\/\/oexpressobr.com.br\/index.php?rest_route=\/wp\/v2\/posts\/4412\/revisions"}],"predecessor-version":[{"id":4414,"href":"https:\/\/oexpressobr.com.br\/index.php?rest_route=\/wp\/v2\/posts\/4412\/revisions\/4414"}],"wp:featuredmedia":[{"embeddable":true,"href":"https:\/\/oexpressobr.com.br\/index.php?rest_route=\/wp\/v2\/media\/4413"}],"wp:attachment":[{"href":"https:\/\/oexpressobr.com.br\/index.php?rest_route=%2Fwp%2Fv2%2Fmedia&parent=4412"}],"wp:term":[{"taxonomy":"category","embeddable":true,"href":"https:\/\/oexpressobr.com.br\/index.php?rest_route=%2Fwp%2Fv2%2Fcategories&post=4412"},{"taxonomy":"post_tag","embeddable":true,"href":"https:\/\/oexpressobr.com.br\/index.php?rest_route=%2Fwp%2Fv2%2Ftags&post=4412"}],"curies":[{"name":"wp","href":"https:\/\/api.w.org\/{rel}","templated":true}]}}