{"id":4421,"date":"2026-02-22T07:02:17","date_gmt":"2026-02-22T10:02:17","guid":{"rendered":"https:\/\/oexpressobr.com.br\/?p=4421"},"modified":"2026-02-22T07:02:19","modified_gmt":"2026-02-22T10:02:19","slug":"pesquisadores-do-ifce-e-anp-investigam-suspeita-de-petroleo-em-poco-artesiano-no-sertao-do-ceara","status":"publish","type":"post","link":"https:\/\/oexpressobr.com.br\/?p=4421","title":{"rendered":"PESQUISADORES do IFCE e ANP investigam suspeita de petr\u00f3leo em po\u00e7o artesiano no sert\u00e3o do Cear\u00e1"},"content":{"rendered":"\n<p class=\"wp-block-paragraph\">\u200bO que come\u00e7ou como uma tentativa desesperada de combater a seca no interior do Cear\u00e1 transformou-se em um enigma geol\u00f3gico que mobiliza especialistas e autoridades federais. O agricultor <strong>Sidr\u00f4nio Moreira<\/strong>, morador de <strong>Tabuleiro do Norte<\/strong>, no Baixo Jaguaribe, buscava \u00e1gua para sua propriedade quando se deparou com uma subst\u00e2ncia escura, viscosa e inflam\u00e1vel a apenas 40 metros de profundidade.<\/p>\n\n\n\n<h3 class=\"wp-block-heading\">\u200bO achado acidental<\/h3>\n\n\n\n<p class=\"wp-block-paragraph\">\u200bA descoberta ocorreu originalmente em dezembro de 2024, mas ganhou novos cap\u00edtulos nesta semana com o avan\u00e7o das an\u00e1lises t\u00e9cnicas. Ao perfurar o solo em busca de um len\u00e7ol fre\u00e1tico, a haste da m\u00e1quina perfuradora retornou suja de um \u00f3leo denso. &#8220;\u00c1gua n\u00e3o pega fogo&#8221;, afirmou o agricultor ao relatar que o material entrava em combust\u00e3o facilmente, confirmando que n\u00e3o se tratava de um res\u00edduo comum.<\/p>\n\n\n\n<h3 class=\"wp-block-heading\">\u200bInvestiga\u00e7\u00e3o t\u00e9cnica e cient\u00edfica<\/h3>\n\n\n\n<p class=\"wp-block-paragraph\">\u200bAtualmente, o caso est\u00e1 sob an\u00e1lise de duas frentes principais:<\/p>\n\n\n\n<ul class=\"wp-block-list\">\n<li>\u200b<strong>IFCE (Instituto Federal do Cear\u00e1):<\/strong> Pesquisadores do campus de Tabuleiro do Norte coletaram amostras para testes f\u00edsico-qu\u00edmicos. Segundo o engenheiro qu\u00edmico Adriano Lima, os resultados preliminares indicam que o material \u00e9 uma mistura de hidrocarbonetos com densidade e odor caracter\u00edsticos de petr\u00f3leo.<\/li>\n\n\n\n<li>\u200b<strong>ANP (Ag\u00eancia Nacional do Petr\u00f3leo):<\/strong> A ag\u00eancia reguladora j\u00e1 foi oficialmente notificada sobre a ocorr\u00eancia. Cabe \u00e0 ANP o veredito final sobre a natureza da jazida e se ela possui viabilidade econ\u00f4mica para explora\u00e7\u00e3o.<\/li>\n<\/ul>\n\n\n\n<h3 class=\"wp-block-heading\">\u200bLocaliza\u00e7\u00e3o estrat\u00e9gica<\/h3>\n\n\n\n<p class=\"wp-block-paragraph\">\u200bA propriedade de Seu Sidr\u00f4nio est\u00e1 situada em uma \u00e1rea geograficamente favor\u00e1vel:<\/p>\n\n\n\n<ol class=\"wp-block-list\">\n<li>\u200b<strong>Bacia Potiguar:<\/strong> A regi\u00e3o de Tabuleiro do Norte fica nas proximidades da Bacia Potiguar, uma das mais produtivas \u00e1reas terrestres de petr\u00f3leo no Brasil, que se estende pelo Rio Grande do Norte e Cear\u00e1.<\/li>\n\n\n\n<li>\u200b<strong>Proximidade com blocos:<\/strong> O po\u00e7o artesiano est\u00e1 a apenas <strong>11 quil\u00f4metros<\/strong> de um bloco j\u00e1 delimitado pela ANP para atividades petrol\u00edferas, o que refor\u00e7a a tese de que o len\u00e7ol de \u00f3leo possa ser uma extens\u00e3o de reservas conhecidas.<\/li>\n\n\n\n<li>\u200b<strong>An\u00e1lise de Viabilidade:<\/strong> Determinar se a quantidade de \u00f3leo justifica os custos de extra\u00e7\u00e3o.<\/li>\n\n\n\n<li>\u200b<strong>Leil\u00f5es da ANP:<\/strong> Se confirmada a jazida, a \u00e1rea precisar\u00e1 ser inclu\u00edda em rodadas de licita\u00e7\u00e3o para que empresas operadoras assumam a explora\u00e7\u00e3o.<\/li>\n\n\n\n<li>\u200b<strong>Impacto Ambiental:<\/strong> Estudos rigorosos de licenciamento s\u00e3o necess\u00e1rios para garantir a seguran\u00e7a do ecossistema local.<\/li>\n<\/ol>\n","protected":false},"excerpt":{"rendered":"<p>\u200bO que come\u00e7ou como uma tentativa desesperada de combater a seca no interior do Cear\u00e1 transformou-se em um enigma geol\u00f3gico que mobiliza especialistas e autoridades [&#8230;]<\/p>\n","protected":false},"author":1,"featured_media":4422,"comment_status":"open","ping_status":"open","sticky":false,"template":"","format":"standard","meta":{"_crdt_document":"","_jetpack_memberships_contains_paid_content":false,"footnotes":"","jetpack_publicize_message":"","jetpack_publicize_feature_enabled":true,"jetpack_social_post_already_shared":true,"jetpack_social_options":{"image_generator_settings":{"template":"highway","default_image_id":0,"font":"","enabled":false},"version":2}},"categories":[3],"tags":[],"class_list":["post-4421","post","type-post","status-publish","format-standard","has-post-thumbnail","hentry","category-brasil"],"jetpack_publicize_connections":[],"jetpack_featured_media_url":"https:\/\/i0.wp.com\/oexpressobr.com.br\/wp-content\/uploads\/2026\/02\/IMG-20260222-WA0174.jpg?fit=984%2C554&ssl=1","jetpack_likes_enabled":true,"jetpack_sharing_enabled":true,"_links":{"self":[{"href":"https:\/\/oexpressobr.com.br\/index.php?rest_route=\/wp\/v2\/posts\/4421","targetHints":{"allow":["GET"]}}],"collection":[{"href":"https:\/\/oexpressobr.com.br\/index.php?rest_route=\/wp\/v2\/posts"}],"about":[{"href":"https:\/\/oexpressobr.com.br\/index.php?rest_route=\/wp\/v2\/types\/post"}],"author":[{"embeddable":true,"href":"https:\/\/oexpressobr.com.br\/index.php?rest_route=\/wp\/v2\/users\/1"}],"replies":[{"embeddable":true,"href":"https:\/\/oexpressobr.com.br\/index.php?rest_route=%2Fwp%2Fv2%2Fcomments&post=4421"}],"version-history":[{"count":1,"href":"https:\/\/oexpressobr.com.br\/index.php?rest_route=\/wp\/v2\/posts\/4421\/revisions"}],"predecessor-version":[{"id":4423,"href":"https:\/\/oexpressobr.com.br\/index.php?rest_route=\/wp\/v2\/posts\/4421\/revisions\/4423"}],"wp:featuredmedia":[{"embeddable":true,"href":"https:\/\/oexpressobr.com.br\/index.php?rest_route=\/wp\/v2\/media\/4422"}],"wp:attachment":[{"href":"https:\/\/oexpressobr.com.br\/index.php?rest_route=%2Fwp%2Fv2%2Fmedia&parent=4421"}],"wp:term":[{"taxonomy":"category","embeddable":true,"href":"https:\/\/oexpressobr.com.br\/index.php?rest_route=%2Fwp%2Fv2%2Fcategories&post=4421"},{"taxonomy":"post_tag","embeddable":true,"href":"https:\/\/oexpressobr.com.br\/index.php?rest_route=%2Fwp%2Fv2%2Ftags&post=4421"}],"curies":[{"name":"wp","href":"https:\/\/api.w.org\/{rel}","templated":true}]}}