{"id":443,"date":"2025-12-09T07:25:30","date_gmt":"2025-12-09T10:25:30","guid":{"rendered":"https:\/\/oexpressobr.com.br\/?p=443"},"modified":"2025-12-09T07:25:32","modified_gmt":"2025-12-09T10:25:32","slug":"juiz-da-18a-vara-de-curitiba-vira-alvo-de-processo-disciplinar-do-trf-4","status":"publish","type":"post","link":"https:\/\/oexpressobr.com.br\/?p=443","title":{"rendered":"Juiz da 18\u00aa Vara de Curitiba Vira Alvo de Processo Disciplinar do TRF-4"},"content":{"rendered":"\n<p class=\"wp-block-paragraph\">O juiz federal Eduardo Appio, da 18\u00aa Vara Federal de Curitiba e conhecido por ter atuado em processos remanescentes da Opera\u00e7\u00e3o Lava Jato, teve sua <strong>suspens\u00e3o do cargo mantida<\/strong> e se tornou alvo de um <strong>Processo Administrativo Disciplinar (PAD)<\/strong>. A decis\u00e3o foi tomada recentemente pela Corte Especial Administrativa do Tribunal Regional Federal da 4\u00aa Regi\u00e3o (TRF-4).<\/p>\n\n\n\n<p class=\"wp-block-paragraph\">\u200bA medida \u00e9 decorrente de uma s\u00e9rie de controv\u00e9rsias envolvendo o magistrado, sendo a principal delas a suspeita de <strong>furto de garrafas de champanhe<\/strong> em um supermercado na cidade de Blumenau, Santa Catarina, em outubro. O epis\u00f3dio motivou seu afastamento inicial do cargo.<\/p>\n\n\n\n<h3 class=\"wp-block-heading\">\u200b\ud83d\udcdc Detalhes do Afastamento e do PAD<\/h3>\n\n\n\n<p class=\"wp-block-paragraph\">\u200bO Processo Administrativo Disciplinar (PAD) \u00e9 a ferramenta utilizada pelo Judici\u00e1rio para apurar formalmente a conduta de seus membros. A instaura\u00e7\u00e3o significa que o tribunal encontrou ind\u00edcios suficientes de irregularidade para prosseguir com uma investiga\u00e7\u00e3o completa. O juiz Appio ter\u00e1 a oportunidade de apresentar sua defesa durante o andamento do processo.<\/p>\n\n\n\n<p class=\"wp-block-paragraph\">\u200bA manuten\u00e7\u00e3o da suspens\u00e3o preventiva visa garantir que a apura\u00e7\u00e3o dos fatos ocorra sem qualquer interfer\u00eancia, assegurando a lisura da investiga\u00e7\u00e3o.<\/p>\n\n\n\n<h3 class=\"wp-block-heading\">\u200b\ud83d\udd04 Hist\u00f3rico de Controv\u00e9rsias e Outros Casos<\/h3>\n\n\n\n<p class=\"wp-block-paragraph\">\u200bEste n\u00e3o \u00e9 o primeiro afastamento de Appio. Ele j\u00e1 havia sido <strong>suspenso em maio<\/strong> pelo Conselho Nacional de Justi\u00e7a (CNJ) por outra investiga\u00e7\u00e3o. Na \u00e9poca, a suspeita era de que Appio teria feito uma liga\u00e7\u00e3o telef\u00f4nica para o filho do desembargador Marcelo Malucelli, relator de processos da Lava Jato no TRF-4, na qual teria havido insinua\u00e7\u00f5es e amea\u00e7as. O juiz negou veementemente a acusa\u00e7\u00e3o e, em setembro, o CNJ <strong>arquivou essa primeira suspeita<\/strong> por considerar que a autoria do telefonema era duvidosa.<\/p>\n\n\n\n<p class=\"wp-block-paragraph\">\u200bEntretanto, o arquivamento dessa primeira den\u00fancia n\u00e3o significou seu retorno imediato ao posto, pois logo veio \u00e0 tona o epis\u00f3dio do supermercado em Santa Catarina, que agora sustenta a nova suspens\u00e3o e a instaura\u00e7\u00e3o do PAD.<\/p>\n\n\n\n<p class=\"wp-block-paragraph\">\u200bA 18\u00aa Vara Federal de Curitiba \u00e9 uma das mais importantes do pa\u00eds, sendo a unidade respons\u00e1vel por julgar os processos da Lava Jato ap\u00f3s o Supremo Tribunal Federal (STF) declarar a incompet\u00eancia da 13\u00aa Vara Federal de Curitiba \u2013 onde os processos eram julgados originalmente.<\/p>\n\n\n\n<p class=\"wp-block-paragraph\">\u200bO andamento do PAD no TRF-4 \u00e9 fundamental para definir o futuro da carreira de Eduardo Appio, podendo resultar em san\u00e7\u00f5es que v\u00e3o desde uma advert\u00eancia at\u00e9 a perda do cargo, caso as acusa\u00e7\u00f5es sejam comprovadas.<\/p>\n","protected":false},"excerpt":{"rendered":"<p>O juiz federal Eduardo Appio, da 18\u00aa Vara Federal de Curitiba e conhecido por ter atuado em processos remanescentes da Opera\u00e7\u00e3o Lava Jato, teve sua [&#8230;]<\/p>\n","protected":false},"author":1,"featured_media":444,"comment_status":"open","ping_status":"open","sticky":false,"template":"","format":"standard","meta":{"_crdt_document":"","_jetpack_memberships_contains_paid_content":false,"footnotes":"","jetpack_publicize_message":"","jetpack_publicize_feature_enabled":true,"jetpack_social_post_already_shared":false,"jetpack_social_options":{"image_generator_settings":{"template":"highway","default_image_id":0,"font":"","enabled":false},"version":2}},"categories":[5],"tags":[],"class_list":["post-443","post","type-post","status-publish","format-standard","has-post-thumbnail","hentry","category-parana"],"jetpack_publicize_connections":[],"jetpack_featured_media_url":"https:\/\/i0.wp.com\/oexpressobr.com.br\/wp-content\/uploads\/2025\/12\/Juiz_Federal.jpg.webp?fit=800%2C481&ssl=1","jetpack_likes_enabled":true,"jetpack_sharing_enabled":true,"_links":{"self":[{"href":"https:\/\/oexpressobr.com.br\/index.php?rest_route=\/wp\/v2\/posts\/443","targetHints":{"allow":["GET"]}}],"collection":[{"href":"https:\/\/oexpressobr.com.br\/index.php?rest_route=\/wp\/v2\/posts"}],"about":[{"href":"https:\/\/oexpressobr.com.br\/index.php?rest_route=\/wp\/v2\/types\/post"}],"author":[{"embeddable":true,"href":"https:\/\/oexpressobr.com.br\/index.php?rest_route=\/wp\/v2\/users\/1"}],"replies":[{"embeddable":true,"href":"https:\/\/oexpressobr.com.br\/index.php?rest_route=%2Fwp%2Fv2%2Fcomments&post=443"}],"version-history":[{"count":0,"href":"https:\/\/oexpressobr.com.br\/index.php?rest_route=\/wp\/v2\/posts\/443\/revisions"}],"wp:featuredmedia":[{"embeddable":true,"href":"https:\/\/oexpressobr.com.br\/index.php?rest_route=\/wp\/v2\/media\/444"}],"wp:attachment":[{"href":"https:\/\/oexpressobr.com.br\/index.php?rest_route=%2Fwp%2Fv2%2Fmedia&parent=443"}],"wp:term":[{"taxonomy":"category","embeddable":true,"href":"https:\/\/oexpressobr.com.br\/index.php?rest_route=%2Fwp%2Fv2%2Fcategories&post=443"},{"taxonomy":"post_tag","embeddable":true,"href":"https:\/\/oexpressobr.com.br\/index.php?rest_route=%2Fwp%2Fv2%2Ftags&post=443"}],"curies":[{"name":"wp","href":"https:\/\/api.w.org\/{rel}","templated":true}]}}