{"id":4439,"date":"2026-02-23T05:37:29","date_gmt":"2026-02-23T08:37:29","guid":{"rendered":"https:\/\/oexpressobr.com.br\/?p=4439"},"modified":"2026-02-23T05:37:32","modified_gmt":"2026-02-23T08:37:32","slug":"estudantes-e-governo-do-ira-travam-novos-confrontos-em-universidades-apos-repressao-sangrenta","status":"publish","type":"post","link":"https:\/\/oexpressobr.com.br\/?p=4439","title":{"rendered":"ESTUDANTES E governo do Ir\u00e3 travam novos confrontos em universidades ap\u00f3s repress\u00e3o sangrenta"},"content":{"rendered":"\n<p class=\"wp-block-paragraph\">Estudantes de diversas universidades do Ir\u00e3 retomaram, neste fim de semana, as manifesta\u00e7\u00f5es contra o governo clerical, marcando o ressurgimento da contesta\u00e7\u00e3o em uma escala n\u00e3o vista desde a violenta repress\u00e3o de janeiro. O movimento, que coincide com o in\u00edcio do novo semestre letivo, transformou os campi em campos de batalha simb\u00f3licos e f\u00edsicos entre opositores e for\u00e7as leais ao regime.<\/p>\n\n\n\n<p class=\"wp-block-paragraph\">\u200bA BBC e ag\u00eancias internacionais confirmaram a veracidade de imagens que mostram estudantes marchando na Universidade de Tecnologia Sharif, em Teer\u00e3, no s\u00e1bado (21\/2) e domingo (22\/2). Os v\u00eddeos registram manifestantes entoando gritos de &#8220;morte ao ditador&#8221; e &#8220;vergonhoso&#8221;, este \u00faltimo direcionado \u00e0s for\u00e7as de seguran\u00e7a e \u00e0 mil\u00edcia Basij. Houve relatos de confrontos diretos dentro das institui\u00e7\u00f5es de ensino, onde apoiadores do governo tentaram dispersar os atos.<\/p>\n\n\n\n<h3 class=\"wp-block-heading\">\u200bO luto que virou protesto<\/h3>\n\n\n\n<p class=\"wp-block-paragraph\">\u200bAs manifesta\u00e7\u00f5es atuais foram motivadas, em grande parte, pelas vig\u00edlias de 40 dias \u2014 um per\u00edodo tradicional de luto na cultura iraniana \u2014 em homenagem aos milhares de mortos durante a onda de protestos iniciada em dezembro de 2025. Embora os n\u00fameros oficiais do governo falem em cerca de 3.000 mortes, organiza\u00e7\u00f5es de direitos humanos e fontes da di\u00e1spora estimam que o n\u00famero real de v\u00edtimas possa ultrapassar 7.000, com dezenas de milhares de detidos.<\/p>\n\n\n\n<p class=\"wp-block-paragraph\">\u200bAl\u00e9m da capital, Teer\u00e3, cidades como Mashhad e Abdanan tamb\u00e9m registraram focos de resist\u00eancia. Na Universidade de Medicina de Mashhad, estudantes gritaram por &#8220;liberdade&#8221;, enquanto em outras institui\u00e7\u00f5es o boicote a exames foi utilizado como forma de press\u00e3o pela liberta\u00e7\u00e3o de colegas presos.<\/p>\n\n\n\n<h3 class=\"wp-block-heading\">\u200bPress\u00e3o externa e o fator Trump<\/h3>\n\n\n\n<p class=\"wp-block-paragraph\">\u200bO cen\u00e1rio interno de instabilidade \u00e9 agravado pela crescente press\u00e3o internacional. O governo dos Estados Unidos, sob a administra\u00e7\u00e3o de Donald Trump, intensificou sua presen\u00e7a militar no Oriente M\u00e9dio, enviando porta-avi\u00f5es e ca\u00e7as para a regi\u00e3o. Trump chegou a declarar que poderia intervir caso o regime continuasse a matar manifestantes, embora o foco recente de Washington tenha oscilado para exig\u00eancias em torno do programa nuclear iraniano.<\/p>\n\n\n\n<p class=\"wp-block-paragraph\">\u200bEm resposta, o presidente do Ir\u00e3, Masoud Pezeshkian, afirmou em discurso recente que o pa\u00eds &#8220;n\u00e3o baixar\u00e1 a cabe\u00e7a&#8221; diante das amea\u00e7as externas, acusando pot\u00eancias estrangeiras de incitar a desordem interna.<\/p>\n\n\n\n<h3 class=\"wp-block-heading\">\u200bDesafios econ\u00f4micos e sociais<\/h3>\n\n\n\n<p class=\"wp-block-paragraph\">\u200bO que come\u00e7ou como uma revolta contra a infla\u00e7\u00e3o recorde, a desvaloriza\u00e7\u00e3o da moeda e o fim de subs\u00eddios b\u00e1sicos, evoluiu para uma demanda direta pela queda da Rep\u00fablica Isl\u00e2mica. Com o fechamento tempor\u00e1rio de universidades e o bloqueio intermitente da internet, o regime tenta conter a organiza\u00e7\u00e3o dos jovens, que hoje representam a linha de frente de um pa\u00eds profundamente dividido entre a tradi\u00e7\u00e3o religiosa e o desejo de reformas democr\u00e1ticas.<\/p>\n","protected":false},"excerpt":{"rendered":"<p>Estudantes de diversas universidades do Ir\u00e3 retomaram, neste fim de semana, as manifesta\u00e7\u00f5es contra o governo clerical, marcando o ressurgimento da contesta\u00e7\u00e3o em uma escala [&#8230;]<\/p>\n","protected":false},"author":1,"featured_media":4440,"comment_status":"open","ping_status":"open","sticky":false,"template":"","format":"standard","meta":{"_crdt_document":"","_jetpack_memberships_contains_paid_content":false,"footnotes":"","jetpack_publicize_message":"","jetpack_publicize_feature_enabled":true,"jetpack_social_post_already_shared":true,"jetpack_social_options":{"image_generator_settings":{"template":"highway","default_image_id":0,"font":"","enabled":false},"version":2}},"categories":[15],"tags":[],"class_list":["post-4439","post","type-post","status-publish","format-standard","has-post-thumbnail","hentry","category-internacional"],"jetpack_publicize_connections":[],"jetpack_featured_media_url":"https:\/\/i0.wp.com\/oexpressobr.com.br\/wp-content\/uploads\/2026\/02\/1dcc5f60-0fe0-11f1-801d-ed3cff6bf876.jpg.webp?fit=800%2C450&ssl=1","jetpack_likes_enabled":true,"jetpack_sharing_enabled":true,"_links":{"self":[{"href":"https:\/\/oexpressobr.com.br\/index.php?rest_route=\/wp\/v2\/posts\/4439","targetHints":{"allow":["GET"]}}],"collection":[{"href":"https:\/\/oexpressobr.com.br\/index.php?rest_route=\/wp\/v2\/posts"}],"about":[{"href":"https:\/\/oexpressobr.com.br\/index.php?rest_route=\/wp\/v2\/types\/post"}],"author":[{"embeddable":true,"href":"https:\/\/oexpressobr.com.br\/index.php?rest_route=\/wp\/v2\/users\/1"}],"replies":[{"embeddable":true,"href":"https:\/\/oexpressobr.com.br\/index.php?rest_route=%2Fwp%2Fv2%2Fcomments&post=4439"}],"version-history":[{"count":1,"href":"https:\/\/oexpressobr.com.br\/index.php?rest_route=\/wp\/v2\/posts\/4439\/revisions"}],"predecessor-version":[{"id":4441,"href":"https:\/\/oexpressobr.com.br\/index.php?rest_route=\/wp\/v2\/posts\/4439\/revisions\/4441"}],"wp:featuredmedia":[{"embeddable":true,"href":"https:\/\/oexpressobr.com.br\/index.php?rest_route=\/wp\/v2\/media\/4440"}],"wp:attachment":[{"href":"https:\/\/oexpressobr.com.br\/index.php?rest_route=%2Fwp%2Fv2%2Fmedia&parent=4439"}],"wp:term":[{"taxonomy":"category","embeddable":true,"href":"https:\/\/oexpressobr.com.br\/index.php?rest_route=%2Fwp%2Fv2%2Fcategories&post=4439"},{"taxonomy":"post_tag","embeddable":true,"href":"https:\/\/oexpressobr.com.br\/index.php?rest_route=%2Fwp%2Fv2%2Ftags&post=4439"}],"curies":[{"name":"wp","href":"https:\/\/api.w.org\/{rel}","templated":true}]}}