{"id":4448,"date":"2026-02-23T06:03:33","date_gmt":"2026-02-23T09:03:33","guid":{"rendered":"https:\/\/oexpressobr.com.br\/?p=4448"},"modified":"2026-02-23T06:03:36","modified_gmt":"2026-02-23T09:03:36","slug":"empresarios-e-entidades-do-setor-produtivo-articulam-ofensiva-para-adiar-votacao-sobre-fim-da-jornada-6x1","status":"publish","type":"post","link":"https:\/\/oexpressobr.com.br\/?p=4448","title":{"rendered":"Empres\u00e1rios e entidades do setor produtivo articulam ofensiva para adiar vota\u00e7\u00e3o sobre fim da jornada 6&#215;1"},"content":{"rendered":"\n<p class=\"wp-block-paragraph\"><strong>Bras\u00edlia<\/strong> \u2013 O setor empresarial brasileiro deu in\u00edcio a uma mobiliza\u00e7\u00e3o coordenada para frear o avan\u00e7o da proposta que extingue a escala de trabalho 6&#215;1 (seis dias de trabalho por um de descanso). A estrat\u00e9gia principal, articulada por grandes confedera\u00e7\u00f5es e frentes parlamentares, foca em adiar qualquer vota\u00e7\u00e3o decisiva para depois de outubro de 2026, visando distanciar o debate do per\u00edodo de maior sensibilidade eleitoral no Congresso Nacional.<\/p>\n\n\n\n<h3 class=\"wp-block-heading\">\u200bMobiliza\u00e7\u00e3o e estrat\u00e9gia de adiamento<\/h3>\n\n\n\n<p class=\"wp-block-paragraph\">\u200bEntidades como a Confedera\u00e7\u00e3o Nacional da Ind\u00fastria (CNI), a Confedera\u00e7\u00e3o Nacional do Com\u00e9rcio (CNC) e a Confedera\u00e7\u00e3o Nacional dos Transportes (CNT) intensificaram a press\u00e3o sobre o Legislativo. O argumento central \u00e9 que uma vota\u00e7\u00e3o &#8220;a toque de caixa&#8221; poderia ser contaminada por interesses eleitoreiros, sem a devida an\u00e1lise t\u00e9cnica dos impactos econ\u00f4micos.<\/p>\n\n\n\n<p class=\"wp-block-paragraph\">\u200bPara sustentar essa posi\u00e7\u00e3o, o setor prepara um &#8220;contra-ataque&#8221; que inclui:<\/p>\n\n\n\n<ul class=\"wp-block-list\">\n<li>\u200b<strong>Estudos de Impacto:<\/strong> A CNI estima que o fim da escala 6&#215;1 possa gerar um custo adicional de quase <strong>R$ 180 bilh\u00f5es<\/strong> para o setor produtivo.<\/li>\n\n\n\n<li>\u200b<strong>Campanhas de Opini\u00e3o:<\/strong> Est\u00e3o sendo planejadas campanhas publicit\u00e1rias e pesquisas de opini\u00e3o para alertar a sociedade sobre poss\u00edveis efeitos colaterais, como a infla\u00e7\u00e3o de servi\u00e7os e o risco de fechamento de pequenas empresas, especialmente nos setores de bares, restaurantes e com\u00e9rcio de rua.<\/li>\n\n\n\n<li>\u200b<strong>Manifesto Setorial:<\/strong> Um documento assinado por cerca de 90 entidades deve ser entregue ao presidente da C\u00e2mara, Hugo Motta (Republicanos-PB), em mar\u00e7o, pedindo cautela e di\u00e1logo.<\/li>\n<\/ul>\n\n\n\n<h3 class=\"wp-block-heading\">\u200bO cen\u00e1rio no Congresso<\/h3>\n\n\n\n<p class=\"wp-block-paragraph\">\u200bEnquanto os empres\u00e1rios tentam &#8220;esfriar&#8221; o tema, o governo e parlamentares da base aliada buscam acelerar a tramita\u00e7\u00e3o. A Proposta de Emenda \u00e0 Constitui\u00e7\u00e3o (PEC) de autoria da deputada Erika Hilton (PSOL-SP) j\u00e1 conta com as assinaturas necess\u00e1rias, e o senador Rog\u00e9rio Carvalho (PT-SE), relator de proposta semelhante no Senado, defende uma redu\u00e7\u00e3o gradual.<\/p>\n\n\n\n<p class=\"wp-block-paragraph\">\u200bEntre as alternativas discutidas por parlamentares do &#8220;Centr\u00e3o&#8221; e frentes ligadas ao empreendedorismo para mitigar a resist\u00eancia das empresas, destacam-se:<\/p>\n\n\n\n<ol class=\"wp-block-list\">\n<li>\u200b<strong>Desonera\u00e7\u00e3o da folha:<\/strong> Redu\u00e7\u00e3o de impostos sobre sal\u00e1rios como contrapartida ao aumento do custo de contrata\u00e7\u00e3o.<\/li>\n\n\n\n<li>\u200b<strong>Pagamento por hora:<\/strong> Mudan\u00e7a no modelo de remunera\u00e7\u00e3o para permitir maior flexibilidade na jornada, aos moldes do sistema americano.<\/li>\n\n\n\n<li>\u200b<strong>Transi\u00e7\u00e3o longa:<\/strong> Algumas propostas sugerem que a mudan\u00e7a plena ocorra em at\u00e9 dez anos, com redu\u00e7\u00f5es de uma hora na jornada semanal a cada ano.<\/li>\n<\/ol>\n\n\n\n<h3 class=\"wp-block-heading\">\u200bPress\u00e3o popular vs. Custo Brasil<\/h3>\n\n\n\n<p class=\"wp-block-paragraph\">\u200bDados recentes de pesquisas de mercado (como a Nexus) indicam que mais de <strong>70% da popula\u00e7\u00e3o apoia o fim da escala 6&#215;1<\/strong>. No entanto, o setor empresarial alerta que o aumento nos custos operacionais pode ser repassado ao consumidor final. No setor de bares e restaurantes, por exemplo, estima-se um aumento de at\u00e9 7% nos pre\u00e7os para compensar a necessidade de novas contrata\u00e7\u00f5es.<\/p>\n\n\n\n<p class=\"wp-block-paragraph\">\u200bO presidente da CNT, Vander Costa, sintetizou a postura do setor: &#8220;A ideia n\u00e3o \u00e9 atrasar por atrasar, mas discutir no tempo certo, sem afogadilho eleitoral&#8221;. O debate agora se concentra em encontrar um ponto de equil\u00edbrio entre a qualidade de vida do trabalhador e a viabilidade financeira das empresas em um cen\u00e1rio de baixa produtividade nacional.<\/p>\n","protected":false},"excerpt":{"rendered":"<p>Bras\u00edlia \u2013 O setor empresarial brasileiro deu in\u00edcio a uma mobiliza\u00e7\u00e3o coordenada para frear o avan\u00e7o da proposta que extingue a escala de trabalho 6&#215;1 [&#8230;]<\/p>\n","protected":false},"author":1,"featured_media":4449,"comment_status":"open","ping_status":"open","sticky":false,"template":"","format":"standard","meta":{"_crdt_document":"","_jetpack_memberships_contains_paid_content":false,"footnotes":"","jetpack_publicize_message":"","jetpack_publicize_feature_enabled":true,"jetpack_social_post_already_shared":true,"jetpack_social_options":{"image_generator_settings":{"template":"highway","default_image_id":0,"font":"","enabled":false},"version":2}},"categories":[3],"tags":[],"class_list":["post-4448","post","type-post","status-publish","format-standard","has-post-thumbnail","hentry","category-brasil"],"jetpack_publicize_connections":[],"jetpack_featured_media_url":"https:\/\/i0.wp.com\/oexpressobr.com.br\/wp-content\/uploads\/2026\/02\/177039266369860c5707d1c_1770392663_3x2_lg.jpg?fit=1024%2C683&ssl=1","jetpack_likes_enabled":true,"jetpack_sharing_enabled":true,"_links":{"self":[{"href":"https:\/\/oexpressobr.com.br\/index.php?rest_route=\/wp\/v2\/posts\/4448","targetHints":{"allow":["GET"]}}],"collection":[{"href":"https:\/\/oexpressobr.com.br\/index.php?rest_route=\/wp\/v2\/posts"}],"about":[{"href":"https:\/\/oexpressobr.com.br\/index.php?rest_route=\/wp\/v2\/types\/post"}],"author":[{"embeddable":true,"href":"https:\/\/oexpressobr.com.br\/index.php?rest_route=\/wp\/v2\/users\/1"}],"replies":[{"embeddable":true,"href":"https:\/\/oexpressobr.com.br\/index.php?rest_route=%2Fwp%2Fv2%2Fcomments&post=4448"}],"version-history":[{"count":1,"href":"https:\/\/oexpressobr.com.br\/index.php?rest_route=\/wp\/v2\/posts\/4448\/revisions"}],"predecessor-version":[{"id":4450,"href":"https:\/\/oexpressobr.com.br\/index.php?rest_route=\/wp\/v2\/posts\/4448\/revisions\/4450"}],"wp:featuredmedia":[{"embeddable":true,"href":"https:\/\/oexpressobr.com.br\/index.php?rest_route=\/wp\/v2\/media\/4449"}],"wp:attachment":[{"href":"https:\/\/oexpressobr.com.br\/index.php?rest_route=%2Fwp%2Fv2%2Fmedia&parent=4448"}],"wp:term":[{"taxonomy":"category","embeddable":true,"href":"https:\/\/oexpressobr.com.br\/index.php?rest_route=%2Fwp%2Fv2%2Fcategories&post=4448"},{"taxonomy":"post_tag","embeddable":true,"href":"https:\/\/oexpressobr.com.br\/index.php?rest_route=%2Fwp%2Fv2%2Ftags&post=4448"}],"curies":[{"name":"wp","href":"https:\/\/api.w.org\/{rel}","templated":true}]}}