{"id":4451,"date":"2026-02-23T06:09:49","date_gmt":"2026-02-23T09:09:49","guid":{"rendered":"https:\/\/oexpressobr.com.br\/?p=4451"},"modified":"2026-02-23T06:09:51","modified_gmt":"2026-02-23T09:09:51","slug":"pai-e-preso-em-cascavel-suspeito-de-estuprar-as-proprias-filhas-na-frente-do-irmao-de-10-anos","status":"publish","type":"post","link":"https:\/\/oexpressobr.com.br\/?p=4451","title":{"rendered":"Pai \u00e9 preso em Cascavel suspeito de estuprar as pr\u00f3prias filhas na frente do irm\u00e3o de 10 anos"},"content":{"rendered":"\n<p class=\"wp-block-paragraph\">A Pol\u00edcia Civil do Paran\u00e1 (PCPR) efetuou a pris\u00e3o preventiva de um homem de 46 anos na \u00faltima sexta-feira (20), em Cascavel, no oeste do estado. O indiv\u00edduo \u00e9 investigado pelo crime de estupro de vulner\u00e1vel cometido contra as pr\u00f3prias filhas, duas crian\u00e7as de 7 e 8 anos de idade.<\/p>\n\n\n\n<p class=\"wp-block-paragraph\">\u200bDe acordo com as investiga\u00e7\u00f5es conduzidas pela Delegacia da Mulher da regi\u00e3o, os abusos ocorriam de forma sistem\u00e1tica e contavam com um agravante de crueldade: o crime era praticado na presen\u00e7a do terceiro filho do suspeito, um menino de apenas 10 anos.<\/p>\n\n\n\n<h3 class=\"wp-block-heading\">\u200bPerfil de reincid\u00eancia e investiga\u00e7\u00e3o<\/h3>\n\n\n\n<p class=\"wp-block-paragraph\">\u200bA pris\u00e3o n\u00e3o foi o primeiro contato do suspeito com o sistema judici\u00e1rio. Segundo a PCPR, o homem j\u00e1 possui um hist\u00f3rico criminal que aponta para um comportamento agressivo e negligente, incluindo passagens por:<\/p>\n\n\n\n<ul class=\"wp-block-list\">\n<li>\u200b<strong>Viol\u00eancia dom\u00e9stica<\/strong> e amea\u00e7a;<\/li>\n\n\n\n<li>\u200b<strong>Condu\u00e7\u00e3o de ve\u00edculo<\/strong> sob efeito de \u00e1lcool.<\/li>\n<\/ul>\n\n\n\n<p class=\"wp-block-paragraph\">\u200bA delegada respons\u00e1vel pelo caso destacou que a den\u00fancia foi fundamental para retirar as crian\u00e7as do ambiente de risco. O inqu\u00e9rito agora busca reunir laudos periciais e depoimentos especiais (escuta protegida) para consolidar a acusa\u00e7\u00e3o perante o Minist\u00e9rio P\u00fablico.<\/p>\n\n\n\n<h3 class=\"wp-block-heading\">\u200bProte\u00e7\u00e3o \u00e0s v\u00edtimas<\/h3>\n\n\n\n<p class=\"wp-block-paragraph\">\u200bAs tr\u00eas crian\u00e7as est\u00e3o sob acompanhamento da rede de prote\u00e7\u00e3o ao menor e assist\u00eancia social do munic\u00edpio. O suspeito foi encaminhado \u00e0 Cadeia P\u00fablica de Cascavel, onde permanece \u00e0 disposi\u00e7\u00e3o da Justi\u00e7a e pode responder por estupro de vulner\u00e1vel majorado, devido ao parentesco e \u00e0 presen\u00e7a de testemunha infantil.<\/p>\n","protected":false},"excerpt":{"rendered":"<p>A Pol\u00edcia Civil do Paran\u00e1 (PCPR) efetuou a pris\u00e3o preventiva de um homem de 46 anos na \u00faltima sexta-feira (20), em Cascavel, no oeste do [&#8230;]<\/p>\n","protected":false},"author":1,"featured_media":4452,"comment_status":"open","ping_status":"open","sticky":false,"template":"","format":"standard","meta":{"_crdt_document":"","_jetpack_memberships_contains_paid_content":false,"footnotes":"","jetpack_publicize_message":"","jetpack_publicize_feature_enabled":true,"jetpack_social_post_already_shared":true,"jetpack_social_options":{"image_generator_settings":{"template":"highway","default_image_id":0,"font":"","enabled":false},"version":2}},"categories":[9],"tags":[],"class_list":["post-4451","post","type-post","status-publish","format-standard","has-post-thumbnail","hentry","category-policia"],"jetpack_publicize_connections":[],"jetpack_featured_media_url":"https:\/\/i0.wp.com\/oexpressobr.com.br\/wp-content\/uploads\/2026\/02\/g1-pr-25-.jpeg?fit=984%2C553&ssl=1","jetpack_likes_enabled":true,"jetpack_sharing_enabled":true,"_links":{"self":[{"href":"https:\/\/oexpressobr.com.br\/index.php?rest_route=\/wp\/v2\/posts\/4451","targetHints":{"allow":["GET"]}}],"collection":[{"href":"https:\/\/oexpressobr.com.br\/index.php?rest_route=\/wp\/v2\/posts"}],"about":[{"href":"https:\/\/oexpressobr.com.br\/index.php?rest_route=\/wp\/v2\/types\/post"}],"author":[{"embeddable":true,"href":"https:\/\/oexpressobr.com.br\/index.php?rest_route=\/wp\/v2\/users\/1"}],"replies":[{"embeddable":true,"href":"https:\/\/oexpressobr.com.br\/index.php?rest_route=%2Fwp%2Fv2%2Fcomments&post=4451"}],"version-history":[{"count":1,"href":"https:\/\/oexpressobr.com.br\/index.php?rest_route=\/wp\/v2\/posts\/4451\/revisions"}],"predecessor-version":[{"id":4453,"href":"https:\/\/oexpressobr.com.br\/index.php?rest_route=\/wp\/v2\/posts\/4451\/revisions\/4453"}],"wp:featuredmedia":[{"embeddable":true,"href":"https:\/\/oexpressobr.com.br\/index.php?rest_route=\/wp\/v2\/media\/4452"}],"wp:attachment":[{"href":"https:\/\/oexpressobr.com.br\/index.php?rest_route=%2Fwp%2Fv2%2Fmedia&parent=4451"}],"wp:term":[{"taxonomy":"category","embeddable":true,"href":"https:\/\/oexpressobr.com.br\/index.php?rest_route=%2Fwp%2Fv2%2Fcategories&post=4451"},{"taxonomy":"post_tag","embeddable":true,"href":"https:\/\/oexpressobr.com.br\/index.php?rest_route=%2Fwp%2Fv2%2Ftags&post=4451"}],"curies":[{"name":"wp","href":"https:\/\/api.w.org\/{rel}","templated":true}]}}