{"id":446,"date":"2025-12-09T07:34:01","date_gmt":"2025-12-09T10:34:01","guid":{"rendered":"https:\/\/oexpressobr.com.br\/?p=446"},"modified":"2025-12-09T07:34:02","modified_gmt":"2025-12-09T10:34:02","slug":"parana-aprova-orcamento-recorde-de-r-816-bi-com-foco-em-investimentos","status":"publish","type":"post","link":"https:\/\/oexpressobr.com.br\/?p=446","title":{"rendered":"Paran\u00e1 aprova or\u00e7amento recorde de R$ 81,6 bi com foco em investimentos"},"content":{"rendered":"\n<p class=\"wp-block-paragraph\"><strong>Governo do estado e Assembleia Legislativa do Paran\u00e1<\/strong> confirmam o maior volume de recursos da hist\u00f3ria para o exerc\u00edcio financeiro de <strong>2026<\/strong>, priorizando \u00e1reas sociais e infraestrutura.<\/p>\n\n\n\n<p class=\"wp-block-paragraph\">\u200bA <strong>Assembleia Legislativa do Paran\u00e1 (Alep)<\/strong> aprovou, em primeiro turno nesta segunda-feira (8 de dezembro de 2025), o projeto da <strong>Lei Or\u00e7ament\u00e1ria Anual (LOA) de 2026<\/strong> com a previs\u00e3o de uma receita total de <strong>R$ 81,6 bilh\u00f5es<\/strong>. Este montante estabelece um <strong>or\u00e7amento recorde<\/strong> para o Estado, o qual, segundo o governo e parlamentares, mant\u00e9m o equil\u00edbrio fiscal e destina o maior volume de recursos da hist\u00f3ria para <strong>investimentos<\/strong>.<\/p>\n\n\n\n<p class=\"wp-block-paragraph\">\u200bO montante projetado para o exerc\u00edcio de 2026, com um aumento significativo em rela\u00e7\u00e3o aos anos anteriores, demonstra a responsabilidade fiscal do estado, permitindo n\u00e3o s\u00f3 a cobertura das despesas correntes, mas tamb\u00e9m a expans\u00e3o dos investimentos em \u00e1reas estrat\u00e9gicas para o desenvolvimento do Paran\u00e1.<\/p>\n\n\n\n<h3 class=\"wp-block-heading\">\u200bFoco em Investimentos e \u00c1reas Sociais<\/h3>\n\n\n\n<p class=\"wp-block-paragraph\">\u200bDos R$ 81,6 bilh\u00f5es totais, a previs\u00e3o inicial da Proposta de Lei Or\u00e7ament\u00e1ria Anual (PLOA) de 2026 \u00e9 de destinar cerca de <strong>R$ 7,1 bilh\u00f5es<\/strong> para investimentos, um valor aproximadamente 11% superior aos R$ 6,3 bilh\u00f5es previstos na LOA de 2025. Esse montante recorde em investimentos ser\u00e1 aplicado em diversas frentes, com destaque para:<\/p>\n\n\n\n<ul class=\"wp-block-list\">\n<li>\u200b<strong>Infraestrutura:<\/strong> Garantia de recursos para a melhoria de estradas, rodovias, sistemas log\u00edsticos e infraestrutura urbana.<\/li>\n\n\n\n<li>\u200b<strong>Sa\u00fade:<\/strong> A previs\u00e3o \u00e9 de <strong>R$ 9,97 bilh\u00f5es<\/strong> (+6,6% em rela\u00e7\u00e3o a 2025), refor\u00e7ando o compromisso com a qualidade dos servi\u00e7os p\u00fablicos de sa\u00fade.<\/li>\n\n\n\n<li>\u200b<strong>Educa\u00e7\u00e3o:<\/strong> Com <strong>R$ 16,63 bilh\u00f5es<\/strong> (+3,6%), a \u00e1rea se mant\u00e9m como uma das principais prioridades de aloca\u00e7\u00e3o de recursos.<\/li>\n\n\n\n<li>\u200b<strong>Seguran\u00e7a P\u00fablica:<\/strong> Ser\u00e3o destinados <strong>R$ 7,04 bilh\u00f5es<\/strong> (+0,8%), para a manuten\u00e7\u00e3o e melhoria das a\u00e7\u00f5es de seguran\u00e7a.<\/li>\n\n\n\n<li>\u200b<strong>Ci\u00eancia e Tecnologia:<\/strong> O or\u00e7amento para a \u00e1rea deve alcan\u00e7ar <strong>R$ 600 milh\u00f5es<\/strong>, um crescimento de 2% em rela\u00e7\u00e3o ao ano anterior, al\u00e9m do maior or\u00e7amento da hist\u00f3ria para ci\u00eancia e pesquisa, que ter\u00e1 <strong>R$ 4,65 bilh\u00f5es<\/strong> destinados \u00e0 Secretaria de Ci\u00eancia, Tecnologia e Ensino Superior (SETI).<\/li>\n<\/ul>\n\n\n\n<p class=\"wp-block-paragraph\">\u200bA aprova\u00e7\u00e3o inicial da LOA, conduzida pela <strong>Comiss\u00e3o de Or\u00e7amento da Alep<\/strong>, presidida pelo deputado Luiz Claudio Romanelli (PSD), destaca a robustez do planejamento financeiro e a participa\u00e7\u00e3o ativa da sociedade.<\/p>\n\n\n\n<h3 class=\"wp-block-heading\">\u200bParticipa\u00e7\u00e3o Popular e Emendas Parlamentares<\/h3>\n\n\n\n<p class=\"wp-block-paragraph\">\u200bUm dos aspectos enfatizados durante a tramita\u00e7\u00e3o foi a <strong>participa\u00e7\u00e3o popular<\/strong> na elabora\u00e7\u00e3o do or\u00e7amento, por meio de iniciativas como o programa &#8220;Or\u00e7amento de Todos&#8221;, que permitiu que a popula\u00e7\u00e3o enviasse sugest\u00f5es e demandas.<\/p>\n\n\n\n<p class=\"wp-block-paragraph\">\u200bAl\u00e9m disso, o relat\u00f3rio da comiss\u00e3o destacou a aprova\u00e7\u00e3o de <strong>3.538 emendas parlamentares<\/strong>, das quais 2.011 foram destinadas \u00e0 despesa, totalizando <strong>R$ 107,9 milh\u00f5es<\/strong>, refletindo o di\u00e1logo entre o Executivo e o Legislativo na defini\u00e7\u00e3o das prioridades para o pr\u00f3ximo ano.<\/p>\n\n\n\n<p class=\"wp-block-paragraph\">\u200bCom a aprova\u00e7\u00e3o em primeiro turno, a pe\u00e7a or\u00e7ament\u00e1ria segue para a vota\u00e7\u00e3o final na Alep, confirmando o caminho para um ano de <strong>investimentos robustos<\/strong> e <strong>responsabilidade fiscal<\/strong> no Paran\u00e1.<\/p>\n","protected":false},"excerpt":{"rendered":"<p>Governo do estado e Assembleia Legislativa do Paran\u00e1 confirmam o maior volume de recursos da hist\u00f3ria para o exerc\u00edcio financeiro de 2026, priorizando \u00e1reas sociais [&#8230;]<\/p>\n","protected":false},"author":1,"featured_media":447,"comment_status":"open","ping_status":"open","sticky":false,"template":"","format":"standard","meta":{"_crdt_document":"","_jetpack_memberships_contains_paid_content":false,"footnotes":"","jetpack_publicize_message":"","jetpack_publicize_feature_enabled":true,"jetpack_social_post_already_shared":false,"jetpack_social_options":{"image_generator_settings":{"template":"highway","default_image_id":0,"font":"","enabled":false},"version":2}},"categories":[5],"tags":[],"class_list":["post-446","post","type-post","status-publish","format-standard","has-post-thumbnail","hentry","category-parana"],"jetpack_publicize_connections":[],"jetpack_featured_media_url":"https:\/\/i0.wp.com\/oexpressobr.com.br\/wp-content\/uploads\/2025\/12\/13175486.jpg?fit=1280%2C720&ssl=1","jetpack_likes_enabled":true,"jetpack_sharing_enabled":true,"_links":{"self":[{"href":"https:\/\/oexpressobr.com.br\/index.php?rest_route=\/wp\/v2\/posts\/446","targetHints":{"allow":["GET"]}}],"collection":[{"href":"https:\/\/oexpressobr.com.br\/index.php?rest_route=\/wp\/v2\/posts"}],"about":[{"href":"https:\/\/oexpressobr.com.br\/index.php?rest_route=\/wp\/v2\/types\/post"}],"author":[{"embeddable":true,"href":"https:\/\/oexpressobr.com.br\/index.php?rest_route=\/wp\/v2\/users\/1"}],"replies":[{"embeddable":true,"href":"https:\/\/oexpressobr.com.br\/index.php?rest_route=%2Fwp%2Fv2%2Fcomments&post=446"}],"version-history":[{"count":0,"href":"https:\/\/oexpressobr.com.br\/index.php?rest_route=\/wp\/v2\/posts\/446\/revisions"}],"wp:featuredmedia":[{"embeddable":true,"href":"https:\/\/oexpressobr.com.br\/index.php?rest_route=\/wp\/v2\/media\/447"}],"wp:attachment":[{"href":"https:\/\/oexpressobr.com.br\/index.php?rest_route=%2Fwp%2Fv2%2Fmedia&parent=446"}],"wp:term":[{"taxonomy":"category","embeddable":true,"href":"https:\/\/oexpressobr.com.br\/index.php?rest_route=%2Fwp%2Fv2%2Fcategories&post=446"},{"taxonomy":"post_tag","embeddable":true,"href":"https:\/\/oexpressobr.com.br\/index.php?rest_route=%2Fwp%2Fv2%2Ftags&post=446"}],"curies":[{"name":"wp","href":"https:\/\/api.w.org\/{rel}","templated":true}]}}